{"id":215291,"date":"2025-06-30T09:06:11","date_gmt":"2025-06-30T09:06:11","guid":{"rendered":"https:\/\/www.europesays.com\/fr\/215291\/"},"modified":"2025-06-30T09:06:11","modified_gmt":"2025-06-30T09:06:11","slug":"le-salvador-accuse-la-fashion-week-de-paris-de-glorifier-les-criminels-2","status":"publish","type":"post","link":"https:\/\/www.europesays.com\/fr\/215291\/","title":{"rendered":"Le Salvador accuse la Fashion Week de Paris de glorifier \u00ab\u00a0les criminels\u00a0\u00bb"},"content":{"rendered":"<p>\n                                        <b>Par<\/b><br \/>\n                                        <br \/>AFP\n                                    <\/p>\n<p>\n                                    <b>Publi\u00e9 le<\/b><br \/>\n                                    <\/p>\n<p>                                        30 juin 2025<\/p>\n<p class=\"article-content col-md-8 offset-md-1\">\n                                La Fashion Week de Paris \u00ab\u00a0glorifie les criminels\u00a0\u00bb, s&rsquo;est indign\u00e9 dimanche le pr\u00e9sident salvadorien Nayib Bukele, en r\u00e9f\u00e9rence \u00e0 un d\u00e9fil\u00e9 \u00e0 la tonalit\u00e9 politique avec des mannequins ressemblant \u00e0 des d\u00e9tenus.<\/p>\n<p><a class=\"btn btn-dark\" target=\"_blank\" href=\"https:\/\/fr.fashionnetwork.com\/galeries\/photos\/Willy-Chavarria,72304.html\" rel=\"noopener\">Voir le d\u00e9fil\u00e9<\/a><img decoding=\"async\" class=\"news-image\" style=\"width:100%;max-width:645px;\" src=\"https:\/\/www.europesays.com\/fr\/wp-content\/uploads\/2025\/06\/0337.jpg\" alt=\"Willy Chavarria - Spring-Summer2026 - Menswear - France - Paris\" loading=\"lazy\"\/>Willy Chavarria &#8211; Spring-Summer2026 &#8211; Menswear &#8211; France &#8211; Paris &#8211; \u00a9Launchmetrics\/spotlight<\/p>\n<p>Le styliste Willy Chavarr\u00eda, d&rsquo;origine mexicaine et n\u00e9 aux Etats-Unis, a pr\u00e9sent\u00e9 vendredi \u00e0 Paris un d\u00e9fil\u00e9 o\u00f9 il a fait agenouiller des hommes v\u00eatus de t-shirts et de shorts blancs, les mains dans le dos, un symbole en l&rsquo;honneur des \u00e9trangers expuls\u00e9s sous l&rsquo;administration de <a class=\"fnwAddLinks\" href=\"https:\/\/lu.fashionnetwork.com\/tags-donald-trump\" title=\"Donald Trump\" target=\"_blank\" rel=\"noopener\">Donald Trump<\/a> dont M. Bukele est un proche alli\u00e9.<\/p>\n<p>Les v\u00eatements ressemblaient \u00e0 ceux qui sont impos\u00e9s aux d\u00e9tenus du Centre de confinement du terrorisme (Cecot), la prison de haute s\u00e9curit\u00e9 construite par le pr\u00e9sident du Salvador pour incarc\u00e9rer des membres de gangs, et devenue un symbole de sa guerre contre les bandes criminelles.<\/p>\n<p class=\"col-md-8 offset-md-1 article-content--texte\">Sont \u00e9galement incarc\u00e9r\u00e9s au Cecot les quelque 252 V\u00e9n\u00e9zu\u00e9liens expuls\u00e9s des Etats-Unis, sous l&rsquo;accusation, non \u00e9tay\u00e9e, d&rsquo;appartenir au groupe criminel Tren de Aragua.<\/p>\n<p>\u00ab\u00a0Nous sommes pr\u00eats \u00e0 les envoyer \u00e0 Paris d\u00e8s que nous recevrons le feu vert du gouvernement fran\u00e7ais\u00a0\u00bb, a raill\u00e9 samedi M. Bukele en r\u00e9action \u00e0 une vid\u00e9o du d\u00e9fil\u00e9 montrant les mannequins agenouill\u00e9s.<\/p>\n<p>\u00ab\u00a0Voil\u00e0 ce qui arrive quand on glorifie les criminels \u00e0 Paris. Celui qui pardonne au loup sacrifie les brebis\u00a0\u00bb, a ajout\u00e9 dimanche le chef de l&rsquo;Etat dans un message sur X accompagn\u00e9 de la vid\u00e9o d&rsquo;une jeune femme qui dit avoir peur de vivre dans la capitale fran\u00e7aise, sans plus d&rsquo;explications.<\/p>\n<p>La publication de M. Bukele a \u00e9t\u00e9 repost\u00e9e par le milliardaire Elon Musk, propri\u00e9taire de X, Tesla et SpaceX.<\/p>\n<p>Le secr\u00e9tariat de presse de la pr\u00e9sidence salvadorienne a estim\u00e9 que le d\u00e9fil\u00e9 de mode \u00ab\u00a0rendait hommage aux criminels emprisonn\u00e9s au Cecot\u00a0\u00bb, louant la \u00ab\u00a0position ferme\u00a0\u00bb du chef de l&rsquo;Etat.<\/p>\n<p>Depuis mars 2022, M. Bukele m\u00e8ne une offensive contre les gangs, avec l&rsquo;instauration d&rsquo;un \u00e9tat d&rsquo;urgence qui permet les arrestations sans mandat judiciaire.<\/p>\n<p>Sa guerre contre la criminalit\u00e9, qui a fait chuter les homicides \u00e0 des niveaux historiquement bas, lui vaut une grande popularit\u00e9. Toutefois, l&rsquo;\u00e9tat d&rsquo;urgence est critiqu\u00e9 par les organisations de d\u00e9fense des droits humains.<\/p>\n<p>Sous ce r\u00e9gime, environ 86.000 personnes accus\u00e9es d&rsquo;\u00eatre membres ou complices de gangs ont \u00e9t\u00e9 arr\u00eat\u00e9es, dont environ 8.000 ont \u00e9t\u00e9 lib\u00e9r\u00e9es apr\u00e8s avoir \u00e9t\u00e9 reconnues innocentes, selon le gouvernement, bien que des groupes humanitaires affirment qu&rsquo;elles restent surveill\u00e9es.<\/p>\n<p>San Salvador, 29 juin 2025 (AFP)\n                            <\/p>\n<p>\n                                Tous droits de reproduction et de repr\u00e9sentation r\u00e9serv\u00e9s.<br \/>\u00a9 2025 Agence France-Presse<br \/>Toutes les informations reproduites dans cette rubrique (ou sur cette page selon le cas) sont prot\u00e9g\u00e9es par des droits de propri\u00e9t\u00e9 intellectuelle d\u00e9tenus par l&rsquo;AFP. Par cons\u00e9quent, aucune de ces informations ne peut \u00eatre reproduite, modifi\u00e9e, rediffus\u00e9e, traduite, exploit\u00e9e commercialement ou r\u00e9utilis\u00e9e de quelque mani\u00e8re que ce soit sans l&rsquo;accord pr\u00e9alable \u00e9crit de l&rsquo;AFP. L&rsquo;AFP ne pourra \u00eatre tenue pour responsable des d\u00e9lais, erreurs, omissions qui ne peuvent \u00eatre exclus, ni des cons\u00e9quences des actions ou transactions effectu\u00e9es sur la base de ces informations.\n                            <\/p>\n","protected":false},"excerpt":{"rendered":"Par AFP Publi\u00e9 le 30 juin 2025 La Fashion Week de Paris \u00ab\u00a0glorifie les criminels\u00a0\u00bb, s&rsquo;est indign\u00e9 dimanche&hellip;\n","protected":false},"author":2,"featured_media":215292,"comment_status":"","ping_status":"","sticky":false,"template":"","format":"standard","meta":{"footnotes":""},"categories":[1888],"tags":[1111,1928,11,1927,2424,537,2423,75,1777,674,1011,27,2425,985,12,1926,2298,626,1925,2426,2427,25,2421,2422],"class_list":{"0":"post-215291","1":"post","2":"type-post","3":"status-publish","4":"format-standard","5":"has-post-thumbnail","7":"category-paris","8":"tag-actu","9":"tag-actu-paris","10":"tag-actualites","11":"tag-actualites-paris","12":"tag-beaute","13":"tag-contact","14":"tag-cosmetiques","15":"tag-donald-trump","16":"tag-eu","17":"tag-europe","18":"tag-fr","19":"tag-france","20":"tag-luxe","21":"tag-mode","22":"tag-news","23":"tag-news-paris","24":"tag-parfum","25":"tag-paris","26":"tag-paris-news","27":"tag-professionnel","28":"tag-professionnels","29":"tag-republique-francaise","30":"tag-reseau","31":"tag-textile"},"share_on_mastodon":{"url":"https:\/\/pubeurope.com\/@fr\/114771524597290382","error":""},"_links":{"self":[{"href":"https:\/\/www.europesays.com\/fr\/wp-json\/wp\/v2\/posts\/215291","targetHints":{"allow":["GET"]}}],"collection":[{"href":"https:\/\/www.europesays.com\/fr\/wp-json\/wp\/v2\/posts"}],"about":[{"href":"https:\/\/www.europesays.com\/fr\/wp-json\/wp\/v2\/types\/post"}],"author":[{"embeddable":true,"href":"https:\/\/www.europesays.com\/fr\/wp-json\/wp\/v2\/users\/2"}],"replies":[{"embeddable":true,"href":"https:\/\/www.europesays.com\/fr\/wp-json\/wp\/v2\/comments?post=215291"}],"version-history":[{"count":0,"href":"https:\/\/www.europesays.com\/fr\/wp-json\/wp\/v2\/posts\/215291\/revisions"}],"wp:featuredmedia":[{"embeddable":true,"href":"https:\/\/www.europesays.com\/fr\/wp-json\/wp\/v2\/media\/215292"}],"wp:attachment":[{"href":"https:\/\/www.europesays.com\/fr\/wp-json\/wp\/v2\/media?parent=215291"}],"wp:term":[{"taxonomy":"category","embeddable":true,"href":"https:\/\/www.europesays.com\/fr\/wp-json\/wp\/v2\/categories?post=215291"},{"taxonomy":"post_tag","embeddable":true,"href":"https:\/\/www.europesays.com\/fr\/wp-json\/wp\/v2\/tags?post=215291"}],"curies":[{"name":"wp","href":"https:\/\/api.w.org\/{rel}","templated":true}]}}