{"id":215304,"date":"2025-06-30T09:13:10","date_gmt":"2025-06-30T09:13:10","guid":{"rendered":"https:\/\/www.europesays.com\/fr\/215304\/"},"modified":"2025-06-30T09:13:10","modified_gmt":"2025-06-30T09:13:10","slug":"en-allemagne-le-gouvernement-merz-augmente-le-salaire-minimal","status":"publish","type":"post","link":"https:\/\/www.europesays.com\/fr\/215304\/","title":{"rendered":"En Allemagne, le gouvernement Merz augmente le salaire minimal"},"content":{"rendered":"<p>                         <img loading=\"lazy\" decoding=\"async\" src=\"https:\/\/www.europesays.com\/fr\/wp-content\/uploads\/2025\/06\/fff5084_ftp-import-images-1-qwxyguwef087-0ec2f4ace58b41e29d30c8b5338cea37-0-f5d0e50c8e674326811f7ba0.jpeg\" alt=\"La ministre allemande du travail et des affaires sociales, B\u00e4rbel Bas, \u00e0 Berlin, le 27\u00a0juin 2025.&#10;\"   width=\"664\" height=\"443\"\/>    La ministre allemande du travail et des affaires sociales, B\u00e4rbel Bas, \u00e0 Berlin, le 27\u00a0juin 2025.  CHRISTOPH SOEDER \/ AP                 <\/p>\n<p class=\"article__paragraph  \">Le montant choisi est le fruit d\u2019un compromis de haute lutte sur un sujet ultrasensible politiquement\u00a0: 14,60\u00a0euros, c\u2019est le niveau qu\u2019atteindra, en Allemagne, le salaire minimum en\u00a02027, apr\u00e8s une \u00e9tape \u00e0 13,90\u00a0euros en\u00a02026, contre 12,82\u00a0euros aujourd\u2019hui. La d\u00e9cision a \u00e9t\u00e9 annonc\u00e9e, vendredi 27\u00a0juin, par la commission ind\u00e9pendante charg\u00e9e de fixer le salaire minimum, apr\u00e8s une longue n\u00e9gociation et un vote \u00e0 l\u2019unanimit\u00e9.<\/p>\n<p>   Lire plus tard  <\/p>\n<p class=\"article__paragraph  \">Ce niveau avait fait l\u2019objet d\u2019un d\u00e9bat houleux entre les membres de la coalition ces derni\u00e8res semaines. Les conservateurs de la CDU\/CSU, la formation du chancelier Friedrich Merz, estimaient avec le patronat qu\u2019une hausse trop forte du salaire minimum \u00e9tait susceptible de grever la comp\u00e9titivit\u00e9 fragile des entreprises allemandes. Le Parti social-d\u00e9mocrate, lui, avait fait de la hausse du salaire minimum \u00e0 15\u00a0euros de l\u2019heure une promesse phare de sa campagne pour les \u00e9lections de f\u00e9vrier.<\/p>\n<p class=\"reading-mode-only \"><strong>Il vous reste 77.59% de cet article \u00e0 lire. La suite est r\u00e9serv\u00e9e aux abonn\u00e9s.<\/strong><\/p>\n","protected":false},"excerpt":{"rendered":"La ministre allemande du travail et des affaires sociales, B\u00e4rbel Bas, \u00e0 Berlin, le 27\u00a0juin 2025. CHRISTOPH SOEDER&hellip;\n","protected":false},"author":2,"featured_media":215305,"comment_status":"","ping_status":"","sticky":false,"template":"","format":"standard","meta":{"footnotes":""},"categories":[1587],"tags":[11,672,1804,1805,1803,1777,674,1801,12,1802],"class_list":{"0":"post-215304","1":"post","2":"type-post","3":"status-publish","4":"format-standard","5":"has-post-thumbnail","7":"category-allemagne","8":"tag-actualites","9":"tag-allemagne","10":"tag-bundesrepublik-deutschland","11":"tag-de","12":"tag-deutschland","13":"tag-eu","14":"tag-europe","15":"tag-germany","16":"tag-news","17":"tag-republique-federale-dallemagne"},"share_on_mastodon":{"url":"https:\/\/pubeurope.com\/@fr\/114771552351068781","error":""},"_links":{"self":[{"href":"https:\/\/www.europesays.com\/fr\/wp-json\/wp\/v2\/posts\/215304","targetHints":{"allow":["GET"]}}],"collection":[{"href":"https:\/\/www.europesays.com\/fr\/wp-json\/wp\/v2\/posts"}],"about":[{"href":"https:\/\/www.europesays.com\/fr\/wp-json\/wp\/v2\/types\/post"}],"author":[{"embeddable":true,"href":"https:\/\/www.europesays.com\/fr\/wp-json\/wp\/v2\/users\/2"}],"replies":[{"embeddable":true,"href":"https:\/\/www.europesays.com\/fr\/wp-json\/wp\/v2\/comments?post=215304"}],"version-history":[{"count":0,"href":"https:\/\/www.europesays.com\/fr\/wp-json\/wp\/v2\/posts\/215304\/revisions"}],"wp:featuredmedia":[{"embeddable":true,"href":"https:\/\/www.europesays.com\/fr\/wp-json\/wp\/v2\/media\/215305"}],"wp:attachment":[{"href":"https:\/\/www.europesays.com\/fr\/wp-json\/wp\/v2\/media?parent=215304"}],"wp:term":[{"taxonomy":"category","embeddable":true,"href":"https:\/\/www.europesays.com\/fr\/wp-json\/wp\/v2\/categories?post=215304"},{"taxonomy":"post_tag","embeddable":true,"href":"https:\/\/www.europesays.com\/fr\/wp-json\/wp\/v2\/tags?post=215304"}],"curies":[{"name":"wp","href":"https:\/\/api.w.org\/{rel}","templated":true}]}}