{"id":215306,"date":"2025-06-30T09:14:11","date_gmt":"2025-06-30T09:14:11","guid":{"rendered":"https:\/\/www.europesays.com\/fr\/215306\/"},"modified":"2025-06-30T09:14:11","modified_gmt":"2025-06-30T09:14:11","slug":"vacances-en-europe-cinq-destinations-dexception-a-decouvrir-sans-quitter-lunion","status":"publish","type":"post","link":"https:\/\/www.europesays.com\/fr\/215306\/","title":{"rendered":"Vacances en Europe : cinq destinations d&rsquo;exception \u00e0 d\u00e9couvrir sans quitter l\u2019Union"},"content":{"rendered":"<p>\tVacances en Europe : cinq destinations d&rsquo;exception \u00e0 d\u00e9couvrir sans quitter l\u2019Union &#8211; Touteleurope.eu<\/p>\n<p>\t\t<img decoding=\"async\" alt=\"fermer\" class=\"close-info\" src=\"https:\/\/www.touteleurope.eu\/wp-content\/themes\/toute_leurope\/assets\/images\/close-picto-blue.svg\"\/><\/p>\n<p>Touteleurope.eu est le site p\u00e9dagogique de r\u00e9f\u00e9rence sur les questions europ\u00e9ennes : <a href=\"https:\/\/www.touteleurope.eu\/qui-sommes-nous\/\" target=\"_blank\" rel=\"noopener\">Qui sommes-nous ?<\/a><\/p>\n<p><img decoding=\"async\" class=\"logo-pdf\" alt=\"Toute L'Europe \u2013 Comprendre l'Europe\" src=\"data:image\/svg+xml,%3Csvg%20xmlns=\" http:=\"\" data-lazy-src=\"https:\/\/www.touteleurope.eu\/wp-content\/themes\/toute_leurope\/assets\/images\/logo-ttl.svg\"\/><\/p>\n","protected":false},"excerpt":{"rendered":"Vacances en Europe : cinq destinations d&rsquo;exception \u00e0 d\u00e9couvrir sans quitter l\u2019Union &#8211; Touteleurope.eu Touteleurope.eu est le site&hellip;\n","protected":false},"author":2,"featured_media":215307,"comment_status":"","ping_status":"","sticky":false,"template":"","format":"standard","meta":{"footnotes":""},"categories":[1586],"tags":[11,1130,251,1777,674,35506,1011,27,23779,937,12,2551,25,602,1666],"class_list":{"0":"post-215306","1":"post","2":"type-post","3":"status-publish","4":"format-standard","5":"has-post-thumbnail","7":"category-europe","8":"tag-actualites","9":"tag-biodiversite","10":"tag-culture","11":"tag-eu","12":"tag-europe","13":"tag-fonds-europeen-de-developpement-regional-feder","14":"tag-fr","15":"tag-france","16":"tag-geographie","17":"tag-histoire","18":"tag-news","19":"tag-patrimoine","20":"tag-republique-francaise","21":"tag-tourisme","22":"tag-voyages"},"share_on_mastodon":{"url":"https:\/\/pubeurope.com\/@fr\/114771556160687661","error":""},"_links":{"self":[{"href":"https:\/\/www.europesays.com\/fr\/wp-json\/wp\/v2\/posts\/215306","targetHints":{"allow":["GET"]}}],"collection":[{"href":"https:\/\/www.europesays.com\/fr\/wp-json\/wp\/v2\/posts"}],"about":[{"href":"https:\/\/www.europesays.com\/fr\/wp-json\/wp\/v2\/types\/post"}],"author":[{"embeddable":true,"href":"https:\/\/www.europesays.com\/fr\/wp-json\/wp\/v2\/users\/2"}],"replies":[{"embeddable":true,"href":"https:\/\/www.europesays.com\/fr\/wp-json\/wp\/v2\/comments?post=215306"}],"version-history":[{"count":0,"href":"https:\/\/www.europesays.com\/fr\/wp-json\/wp\/v2\/posts\/215306\/revisions"}],"wp:featuredmedia":[{"embeddable":true,"href":"https:\/\/www.europesays.com\/fr\/wp-json\/wp\/v2\/media\/215307"}],"wp:attachment":[{"href":"https:\/\/www.europesays.com\/fr\/wp-json\/wp\/v2\/media?parent=215306"}],"wp:term":[{"taxonomy":"category","embeddable":true,"href":"https:\/\/www.europesays.com\/fr\/wp-json\/wp\/v2\/categories?post=215306"},{"taxonomy":"post_tag","embeddable":true,"href":"https:\/\/www.europesays.com\/fr\/wp-json\/wp\/v2\/tags?post=215306"}],"curies":[{"name":"wp","href":"https:\/\/api.w.org\/{rel}","templated":true}]}}