{"id":21531,"date":"2025-04-13T06:18:17","date_gmt":"2025-04-13T06:18:17","guid":{"rendered":"https:\/\/www.europesays.com\/fr\/21531\/"},"modified":"2025-04-13T06:18:17","modified_gmt":"2025-04-13T06:18:17","slug":"au-bout-du-rouleau-les-decathlon-ag2r-la-mondiale-nont-pas-tenu-actualite","status":"publish","type":"post","link":"https:\/\/www.europesays.com\/fr\/21531\/","title":{"rendered":"Au bout du rouleau, les Decathlon AG2R La Mondiale n\u2019ont pas tenu &#8211; Actualit\u00e9"},"content":{"rendered":"<p style=\"text-align: justify;\">Ils avaient r\u00e9alis\u00e9 une semaine solide et presque parfaite jusque-l\u00e0 mais ont finalement craqu\u00e9 lors de la quatri\u00e8me et derni\u00e8re journ\u00e9e de course de la semaine. Ce vendredi, Sam Bennett a fini par exploser sur le circuit du Mans, dans les pentes \u00e0 16% du mur de Gazonfier, alors que ses jeunes co\u00e9quipiers avaient eux aussi rendu les armes, les uns apr\u00e8s les autres, plus t\u00f4t dans la course. Et le R\u00e9gion Pays de la Loire Tour a donc \u00e9chapp\u00e9 \u00e0 l&rsquo;Irlandais, au profit de K\u00e9vin Vauquelin qui a fait coup double (<strong><a href=\"https:\/\/www.directvelo.com\/actualite\/119782\/region-pays-de-la-loire-tour-et-4-classements\" target=\"_blank\" rel=\"nofollow noopener\">voir classements<\/a><\/strong>). \u201cOn a fait en sorte de contr\u00f4ler la course le plus longtemps possible mais beaucoup d\u2019\u00e9quipes voulaient renverser le g\u00e9n\u00e9ral en rendant la course difficile tr\u00e8s t\u00f4t dans l\u2019\u00e9tape. C\u2019\u00e9tait tr\u00e8s exigeant pour nos gars\u201d, conc\u00e8de aupr\u00e8s de DirectVelo le directeur sportif de l\u2019\u00e9quipe, Luke Roberts. \u201cSur le circuit final, c\u2019\u00e9tait clairement compliqu\u00e9 de contr\u00f4ler et il a fallu laisser filer des costauds. Pendant un moment, \u00e7a restait encore possible mais nos coureurs avaient d\u00e9j\u00e0 beaucoup donn\u00e9 les trois journ\u00e9es pr\u00e9c\u00e9dentes, \u00e7a n\u2019a jamais d\u00e9branch\u00e9 et c\u2019est simplement devenu trop dur pour nous au fil des tours, malheureusement\u201d.<br \/>Alors qu\u2019il avait \u00e9t\u00e9 impressionnant la veille en battant les puncheurs dans la Butte de Montaigu, Sam Bennett a donc, cette fois-ci, bel et bien atteint ses limites. \u201cJ\u2019avais d\u00e9j\u00e0 pioch\u00e9 dans les r\u00e9serves ces derniers jours et l\u00e0, je n\u2019avais simplement plus rien dans les jambes\u201d, soupirait-il apr\u00e8s sa descente du podium protocolaire, o\u00f9 il a tout de m\u00eame re\u00e7u le maillot de vainqueur du classement par points. La WorldTeam savoyarde a-t-elle, un temps, envisag\u00e9 de jouer la carte de Noa Isidore sur cette derni\u00e8re journ\u00e9e ? \u201cNoa avait d\u00e9j\u00e0 beaucoup donn\u00e9 pour Sam hier et il avait donc perdu du temps au g\u00e9n\u00e9ral, ce n\u2019\u00e9tait plus vraiment une option, non\u201d, r\u00e9pond le technicien australien. <br \/><strong>ET DIRE QU\u2019AUBIN SPARFEL VA ENCHA\u00ceNER AVEC\u2026 \u00ab L\u2019ENFER DU NORD \u00bb<\/strong><br \/>Le bilan de la semaine reste tout de m\u00eame positif pour le collectif de Decathlon AG2R La Mondiale, m\u00eame s\u2019il manque la grosse cerise sur le g\u00e2teau. \u201cOn en veut toujours plus, l\u2019app\u00e9tit vient en mangeant, mais bien s\u00fbr, \u00e7a reste un bon bilan pour moi. C\u2019est quand m\u00eame triste de perdre le maillot le dernier jour\u201d, reprend Sam Bennett, qui conc\u00e8de qu\u2019il y croyait avant le d\u00e9part de cette derni\u00e8re \u00e9tape. \u201cOn peut tout de m\u00eame \u00eatre heureux de notre semaine avec deux victoires d\u2019\u00e9tapes\u201d, reprend Luke Roberts, \u00e9pat\u00e9 par le travail de ses jeunes coureurs de la r\u00e9serve, Louis Chaleil et Aubin Sparfel. \u00ab\u00a0Louis a \u00e9t\u00e9 impressionnant, je pense notamment \u00e0 cette premi\u00e8re journ\u00e9e de plus de 200 bornes o\u00f9 il a pass\u00e9 la moiti\u00e9 de l\u2019\u00e9tape \u00e0 rouler seul devant, bravo \u00e0 lui car il n\u2019est qu\u2019Espoir 1. Bien s\u00fbr, il a fini par payer ses efforts mais c\u2019est logique. Aubin a fait du tr\u00e8s bon boulot lui aussi. Ces jeunes ont clairement contribu\u00e9 \u00e0 nos deux victoires d\u2019\u00e9tapes cette semaine\u201d.<br \/>Interrog\u00e9 avant qu\u2019il ne monte dans le bus apr\u00e8s l\u2019arriv\u00e9e, Aubin Sparfel &#8211; qui sort lui aussi des rangs Juniors &#8211; n\u2019\u00e9tait pas m\u00e9content de cette belle semaine d\u2019apprentissage. \u201cC\u2019\u00e9tait ma premi\u00e8re course par \u00e9tapes chez les pros. C\u2019\u00e9tait dur, on a pas mal boss\u00e9 tous les jours avec Louis, mais j\u2019avais de tr\u00e8s bonnes jambes aujourd\u2019hui, je suis content de mes sensations, j\u2019ai pu bien bosser pour Sam\u201d. Pas rassasi\u00e9 malgr\u00e9 le travail fourni, il va encha\u00eener d\u00e8s dimanche avec un sacr\u00e9 morceau ; Paris-Roubaix Espoirs. \u201cJ\u2019ai une journ\u00e9e de r\u00e9cup\u2019 et ce sera reparti, rigole-t-il. Apr\u00e8s un gros bloc comme celui de cette semaine, a priori, ce sera tout ou rien\u201d.\u00a0<\/p>\n<p>\u00a0<\/p>\n","protected":false},"excerpt":{"rendered":"Ils avaient r\u00e9alis\u00e9 une semaine solide et presque parfaite jusque-l\u00e0 mais ont finalement craqu\u00e9 lors de la quatri\u00e8me&hellip;\n","protected":false},"author":2,"featured_media":21532,"comment_status":"","ping_status":"","sticky":false,"template":"","format":"standard","meta":{"footnotes":""},"categories":[1411],"tags":[834,828,836,829,837,827,83,826,824,823,1154,207,814,817,815,816,822,821,832,211,839,1011,27,820,818,819,835,831,830,833,838,60,212,208,825],"class_list":{"0":"post-21531","1":"post","2":"type-post","3":"status-publish","4":"format-standard","5":"has-post-thumbnail","7":"category-cyclisme","8":"tag-attaque","9":"tag-belgique","10":"tag-braquet","11":"tag-bretagne","12":"tag-chute","13":"tag-competition","14":"tag-coupe-de-france","15":"tag-coureur","16":"tag-course-cyclisme","17":"tag-course-cycliste","18":"tag-cycling","19":"tag-cyclisme","20":"tag-direct","21":"tag-direct-velo","22":"tag-directvelo","23":"tag-directvelo-com","24":"tag-epreuve","25":"tag-epreuve-cycliste","26":"tag-federation-francaise-de-cyclisme","27":"tag-ffc","28":"tag-flandres","29":"tag-fr","30":"tag-france","31":"tag-live","32":"tag-live-course","33":"tag-live-epreuve","34":"tag-peloton","35":"tag-radio-peloton","36":"tag-radio-tour","37":"tag-ravitaillement","38":"tag-relance","39":"tag-sports","40":"tag-uci","41":"tag-velo","42":"tag-velos"},"share_on_mastodon":{"url":"https:\/\/pubeurope.com\/@fr\/114329203717378454","error":""},"_links":{"self":[{"href":"https:\/\/www.europesays.com\/fr\/wp-json\/wp\/v2\/posts\/21531","targetHints":{"allow":["GET"]}}],"collection":[{"href":"https:\/\/www.europesays.com\/fr\/wp-json\/wp\/v2\/posts"}],"about":[{"href":"https:\/\/www.europesays.com\/fr\/wp-json\/wp\/v2\/types\/post"}],"author":[{"embeddable":true,"href":"https:\/\/www.europesays.com\/fr\/wp-json\/wp\/v2\/users\/2"}],"replies":[{"embeddable":true,"href":"https:\/\/www.europesays.com\/fr\/wp-json\/wp\/v2\/comments?post=21531"}],"version-history":[{"count":0,"href":"https:\/\/www.europesays.com\/fr\/wp-json\/wp\/v2\/posts\/21531\/revisions"}],"wp:featuredmedia":[{"embeddable":true,"href":"https:\/\/www.europesays.com\/fr\/wp-json\/wp\/v2\/media\/21532"}],"wp:attachment":[{"href":"https:\/\/www.europesays.com\/fr\/wp-json\/wp\/v2\/media?parent=21531"}],"wp:term":[{"taxonomy":"category","embeddable":true,"href":"https:\/\/www.europesays.com\/fr\/wp-json\/wp\/v2\/categories?post=21531"},{"taxonomy":"post_tag","embeddable":true,"href":"https:\/\/www.europesays.com\/fr\/wp-json\/wp\/v2\/tags?post=21531"}],"curies":[{"name":"wp","href":"https:\/\/api.w.org\/{rel}","templated":true}]}}