{"id":215341,"date":"2025-06-30T09:34:09","date_gmt":"2025-06-30T09:34:09","guid":{"rendered":"https:\/\/www.europesays.com\/fr\/215341\/"},"modified":"2025-06-30T09:34:09","modified_gmt":"2025-06-30T09:34:09","slug":"elle-detecte-parkinson-dans-le-cerumen-cette-ia-surprenante-pourrait-tout-changer-pour-le-diagnostic-precoce","status":"publish","type":"post","link":"https:\/\/www.europesays.com\/fr\/215341\/","title":{"rendered":"\u00ab Elle d\u00e9tecte Parkinson dans le c\u00e9rumen \u00bb : cette IA surprenante pourrait tout changer pour le diagnostic pr\u00e9coce"},"content":{"rendered":"<tr>\n<td><strong>EN BREF<\/strong><\/td>\n<\/tr>\n<tr>\n<td>\n<ul>\n<li>\ud83e\udde0 <strong>Analyse chimique<\/strong> et intelligence artificielle combin\u00e9es pour d\u00e9tecter la maladie de Parkinson via le c\u00e9rumen.<\/li>\n<li>\ud83d\udd2c Identification de quatre <strong>compos\u00e9s volatils<\/strong> sp\u00e9cifiques dans le c\u00e9rumen des patients atteints de Parkinson.<\/li>\n<li>\ud83e\udd16 Utilisation d\u2019une IA \u00ab olfactive \u00bb pour un d\u00e9pistage avec une pr\u00e9cision de <strong>94%<\/strong>.<\/li>\n<li>\ud83c\udf0d Potentiel de g\u00e9n\u00e9ralisation du test pour un d\u00e9pistage <strong>pr\u00e9coce<\/strong> et accessible \u00e0 grande \u00e9chelle.<\/li>\n<\/ul>\n<\/td>\n<\/tr>\n<p>Le c\u00e9rumen, souvent per\u00e7u comme une simple s\u00e9cr\u00e9tion corporelle, pourrait bien devenir un acteur majeur dans le d\u00e9pistage m\u00e9dical. R\u00e9cemment, des chercheurs chinois ont mis en lumi\u00e8re son potentiel en r\u00e9v\u00e9lant qu\u2019il contient des compos\u00e9s volatils indicateurs de la maladie de Parkinson. Cette d\u00e9couverte pourrait transformer les m\u00e9thodes traditionnelles de d\u00e9pistage, souvent lourdes et co\u00fbteuses, en une proc\u00e9dure plus accessible et rapide. Gr\u00e2ce \u00e0 une combinaison d\u2019analyses chimiques et d\u2019intelligence artificielle, cette approche novatrice pourrait offrir un espoir aux nombreux patients atteints par cette maladie neurologique d\u00e9bilitante.<\/p>\n<p>Une nouvelle \u00e8re pour le d\u00e9pistage de Parkinson<\/p>\n<p>Les m\u00e9thodes actuelles de d\u00e9pistage de la maladie de Parkinson reposent sur des technologies complexes telles que l\u2019IRM, les tests sanguins ou encore les analyses g\u00e9n\u00e9tiques. Cependant, ces approches restent souvent incertaines et n\u2019offrent qu\u2019un diagnostic tardif. <strong>Le c\u00e9rumen, bien que m\u00e9connu, pourrait devenir un outil r\u00e9volutionnaire<\/strong> dans ce domaine. En analysant les \u00e9chantillons de 209 personnes, dont 108 atteintes de Parkinson, les chercheurs ont identifi\u00e9 quatre compos\u00e9s organiques volatils (COV) sp\u00e9cifiques. Ces substances, notamment l\u2019\u00e9thylbenz\u00e8ne et le 4-\u00e9thyltolu\u00e8ne, montrent des diff\u00e9rences significatives entre les patients malades et ceux en bonne sant\u00e9. Cette d\u00e9couverte pourrait bien changer la donne, en rendant le d\u00e9pistage plus accessible et moins invasif.<\/p>\n<blockquote class=\"wp-embedded-content\" data-secret=\"qKlnlCIKcp\">\n<p><a href=\"https:\/\/www.innovant.fr\/2025\/06\/07\/le-tapis-de-la-nasa-entre-dans-nos-salons-linvention-dun-pere-pour-lespace-devient-la-solution-forme-de-son-fils\/\" rel=\"nofollow noopener\" target=\"_blank\">\u00ab Le tapis de la NASA entre dans nos salons \u00bb : l\u2019invention d\u2019un p\u00e8re pour l\u2019espace devient la solution forme de son fils<\/a><\/p>\n<\/blockquote>\n<p>L\u2019intelligence artificielle au service du diagnostic<\/p>\n<p>Pour exploiter au mieux ces d\u00e9couvertes, les scientifiques ont fait appel \u00e0 un syst\u00e8me d\u2019intelligence artificielle. Entra\u00een\u00e9e \u00e0 rep\u00e9rer les COV identifi\u00e9s, cette IA a d\u00e9montr\u00e9 une pr\u00e9cision remarquable de 94% dans le d\u00e9pistage des cas de Parkinson. <strong>Cette avanc\u00e9e technologique ouvre la voie \u00e0 un diagnostic plus simple et rapide<\/strong>, \u00e9vitant ainsi les tests neurologiques traditionnels. Gr\u00e2ce \u00e0 cette approche novatrice, le d\u00e9pistage pourrait devenir moins contraignant pour les patients, permettant une prise en charge plus pr\u00e9coce et mieux adapt\u00e9e. Toutefois, cette m\u00e9thode n\u00e9cessite encore des validations \u00e0 plus grande \u00e9chelle pour confirmer son efficacit\u00e9.<\/p>\n<blockquote class=\"wp-embedded-content\" data-secret=\"aZlz4t6YT5\">\n<p><a href=\"https:\/\/www.innovant.fr\/2025\/06\/19\/quand-les-concombres-de-mer-deviennent-des-heros-medicaux-cette-avancee-audacieuse-promet-une-therapie-anticancer-sans-caillots-revolutionnant-la-medecine\/\" rel=\"nofollow noopener\" target=\"_blank\">Quand les concombres de mer deviennent des h\u00e9ros m\u00e9dicaux : cette avanc\u00e9e audacieuse promet une th\u00e9rapie anticancer sans caillots r\u00e9volutionnant la m\u00e9decine<\/a><\/p>\n<\/blockquote>\n<p>Perspectives d\u2019une g\u00e9n\u00e9ralisation du test<\/p>\n<p>Bien que prometteuse, cette technique d\u2019analyse du c\u00e9rumen n\u2019a \u00e9t\u00e9 test\u00e9e qu\u2019\u00e0 petite \u00e9chelle, dans un seul centre en Chine. Les chercheurs, conscients des limites actuelles, envisagent de poursuivre leurs travaux sur diff\u00e9rents groupes ethniques et \u00e0 divers stades de la maladie. L\u2019objectif est de d\u00e9terminer la faisabilit\u00e9 d\u2019une application \u00e0 grande \u00e9chelle de ce test. <strong>Un d\u00e9pistage pr\u00e9coce pourrait am\u00e9liorer consid\u00e9rablement la qualit\u00e9 de vie des patients<\/strong> et optimiser les traitements. Avec 272.000 personnes touch\u00e9es par la maladie en France, selon le Minist\u00e8re de la Sant\u00e9, et 25.000 nouveaux cas chaque ann\u00e9e, l\u2019impact potentiel de cette d\u00e9couverte est immense.<\/p>\n<blockquote class=\"wp-embedded-content\" data-secret=\"RRs5vd3Pdn\">\n<p><a href=\"https:\/\/www.innovant.fr\/2025\/03\/13\/10-000-influenceurs-boostent-leur-notoriete-avec-cette-methode-acheter-des-fans-com-simpose-pour-exploser-sur-les-reseaux-sociaux\/\" rel=\"nofollow noopener\" target=\"_blank\">\u00ab\u00a010 000 influenceurs boostent leur notori\u00e9t\u00e9 avec cette m\u00e9thode\u00a0\u00bb : Acheter-des-Fans.com s\u2019impose pour exploser sur les r\u00e9seaux sociaux<\/a><\/p>\n<\/blockquote>\n<p>Le c\u00e9rumen, une ressource sous-estim\u00e9e<\/p>\n<p>Traditionnellement consid\u00e9r\u00e9 comme un d\u00e9chet corporel, le c\u00e9rumen se r\u00e9v\u00e8le \u00eatre une mine d\u2019informations biom\u00e9dicales. Sa composition chimique, riche et vari\u00e9e, en fait un candidat id\u00e9al pour des analyses m\u00e9dicales pr\u00e9cises. <strong>Cette red\u00e9couverte de ses propri\u00e9t\u00e9s pourrait bien r\u00e9volutionner le diagnostic m\u00e9dical<\/strong>, non seulement pour la maladie de Parkinson, mais potentiellement pour d\u2019autres pathologies neurologiques. Il est temps de reconsid\u00e9rer notre perception du c\u00e9rumen et de lui accorder l\u2019importance qu\u2019il m\u00e9rite dans la recherche m\u00e9dicale.<\/p>\n<p>Enfin, avec des avanc\u00e9es technologiques aussi prometteuses, il est l\u00e9gitime de se demander : comment ces nouvelles m\u00e9thodes de d\u00e9pistage influenceront-elles l\u2019avenir des soins m\u00e9dicaux et la gestion des maladies chroniques comme Parkinson ?<\/p>\n<p>L\u2019auteur s\u2019est appuy\u00e9 sur l\u2019intelligence artificielle pour enrichir cet article.<\/p>\n<p id=\"rating\">\u00c7a vous a plu ?\u00a04.6\/5 (22)<\/p>\n","protected":false},"excerpt":{"rendered":"EN BREF \ud83e\udde0 Analyse chimique et intelligence artificielle combin\u00e9es pour d\u00e9tecter la maladie de Parkinson via le c\u00e9rumen.&hellip;\n","protected":false},"author":2,"featured_media":215342,"comment_status":"","ping_status":"","sticky":false,"template":"","format":"standard","meta":{"footnotes":""},"categories":[10],"tags":[1011,27,72,71],"class_list":{"0":"post-215341","1":"post","2":"type-post","3":"status-publish","4":"format-standard","5":"has-post-thumbnail","7":"category-sante","8":"tag-fr","9":"tag-france","10":"tag-health","11":"tag-sante"},"share_on_mastodon":{"url":"https:\/\/pubeurope.com\/@fr\/114771635042005740","error":""},"_links":{"self":[{"href":"https:\/\/www.europesays.com\/fr\/wp-json\/wp\/v2\/posts\/215341","targetHints":{"allow":["GET"]}}],"collection":[{"href":"https:\/\/www.europesays.com\/fr\/wp-json\/wp\/v2\/posts"}],"about":[{"href":"https:\/\/www.europesays.com\/fr\/wp-json\/wp\/v2\/types\/post"}],"author":[{"embeddable":true,"href":"https:\/\/www.europesays.com\/fr\/wp-json\/wp\/v2\/users\/2"}],"replies":[{"embeddable":true,"href":"https:\/\/www.europesays.com\/fr\/wp-json\/wp\/v2\/comments?post=215341"}],"version-history":[{"count":0,"href":"https:\/\/www.europesays.com\/fr\/wp-json\/wp\/v2\/posts\/215341\/revisions"}],"wp:featuredmedia":[{"embeddable":true,"href":"https:\/\/www.europesays.com\/fr\/wp-json\/wp\/v2\/media\/215342"}],"wp:attachment":[{"href":"https:\/\/www.europesays.com\/fr\/wp-json\/wp\/v2\/media?parent=215341"}],"wp:term":[{"taxonomy":"category","embeddable":true,"href":"https:\/\/www.europesays.com\/fr\/wp-json\/wp\/v2\/categories?post=215341"},{"taxonomy":"post_tag","embeddable":true,"href":"https:\/\/www.europesays.com\/fr\/wp-json\/wp\/v2\/tags?post=215341"}],"curies":[{"name":"wp","href":"https:\/\/api.w.org\/{rel}","templated":true}]}}