{"id":215351,"date":"2025-06-30T09:40:11","date_gmt":"2025-06-30T09:40:11","guid":{"rendered":"https:\/\/www.europesays.com\/fr\/215351\/"},"modified":"2025-06-30T09:40:11","modified_gmt":"2025-06-30T09:40:11","slug":"a-seville-lonu-appelle-a-relancer-le-moteur-du-developpement-face-au-chaos-climatique-actualites","status":"publish","type":"post","link":"https:\/\/www.europesays.com\/fr\/215351\/","title":{"rendered":"A S\u00e9ville, l&rsquo;ONU appelle \u00e0 \u00ab\u00a0relancer le moteur du d\u00e9veloppement\u00a0\u00bb face au \u00ab\u00a0chaos climatique\u00a0\u00bb : Actualit\u00e9s"},"content":{"rendered":"<p class=\"lead \">Le secr\u00e9taire g\u00e9n\u00e9ral de l&rsquo;ONU Antonio Guterres a appel\u00e9 lundi la communaut\u00e9 internationale \u00e0 \u00ab\u00a0relancer le moteur du d\u00e9veloppement\u00a0\u00bb face au \u00ab\u00a0chaos climatique\u00a0\u00bb et aux conflits internationaux, lors de la quatri\u00e8me conf\u00e9rence internationale sur le financement du d\u00e9veloppement, organis\u00e9e en Espagne.<\/p>\n<p class=\"lead \">\u00ab\u00a0Aujourd&rsquo;hui, le d\u00e9veloppement et son grand catalyseur \u2014 la coop\u00e9ration internationale \u2014 sont confront\u00e9s \u00e0 des vents contraires massifs\u00a0\u00bb, a mis en garde M. Guterres au premier jour de cette rencontre qui se tient \u00e0 S\u00e9ville, dans le sud du pays, o\u00f9 r\u00e8gne une chaleur caniculaire.<\/p>\n<p class=\"lead \">\u00ab\u00a0Nous vivons dans un monde o\u00f9 la confiance s&rsquo;effrite et o\u00f9 le multilat\u00e9ralisme est mis \u00e0 rude \u00e9preuve. Un monde avec une \u00e9conomie au ralenti, des tensions commerciales croissantes et des budgets d&rsquo;aide d\u00e9cim\u00e9s. Un monde secou\u00e9 par les in\u00e9galit\u00e9s, le chaos climatique et des conflits d\u00e9cha\u00een\u00e9s\u00a0\u00bb, a-t-il poursuivi.<\/p>\n<p class=\"lead \">Dans ce contexte, il faut \u00ab\u00a0acc\u00e9l\u00e9rer les investissements\u00a0\u00bb, \u00ab\u00a0r\u00e9parer et relancer le moteur du d\u00e9veloppement\u00a0\u00bb, a insist\u00e9 le responsable de l&rsquo;ONU, en invitant la communaut\u00e9 internationale \u00e0 \u00ab\u00a0prendre les devants\u00a0\u00bb en \u00ab\u00a0investissant dans les domaines ayant le plus grand impact\u00a0\u00bb, comme \u00ab\u00a0les \u00e9coles\u00a0\u00bb et \u00ab\u00a0les \u00e9nergies renouvelables\u00a0\u00bb.<\/p>\n<p class=\"lead \">Cette rencontre se tient dans un contexte particuli\u00e8rement sombre pour l&rsquo;aide au d\u00e9veloppement, touch\u00e9e de plein fouet par la r\u00e9duction de l&rsquo;aide humanitaire d\u00e9cid\u00e9e par le pr\u00e9sident am\u00e9ricain Donald Trump, qui a supprim\u00e9 83% des financements de programmes \u00e0 l&rsquo;\u00e9tranger de l&rsquo;agence de d\u00e9veloppement USAID.<\/p>\n<p class=\"lead \">&#8211; Les Etats-Unis absents &#8211;<\/p>\n<p class=\"lead \">Avec 63 milliards de dollars d&rsquo;aide publique en 2024, les Etats-Unis \u00e9taient jusque-l\u00e0 le principal pays donateur pour de nombreuses agences et ONG, actuellement confront\u00e9es \u00e0 d&rsquo;importantes difficult\u00e9s, d&rsquo;autant que d&rsquo;autres capitales, comme Paris, Londres et Berlin, ont aussi r\u00e9duit leurs aides.<\/p>\n<p class=\"lead \">\u00ab\u00a0Dans un monde o\u00f9 la communaut\u00e9 des donateurs se r\u00e9duit de mani\u00e8re drastique et dramatique, il est temps de faire un pas en avant et non seulement de r\u00e9affirmer notre engagement, mais aussi de le redoubler\u00a0\u00bb, a d\u00e9clar\u00e9 le Premier ministre espagnol Pedro S\u00e1nchez, en appelant \u00e0 faire de la conf\u00e9rence de S\u00e9ville une \u00ab\u00a0opportunit\u00e9\u00a0\u00bb pour \u00ab\u00a0corriger\u00a0\u00bb cette trajectoire.<\/p>\n<p class=\"lead \">Une cinquantaine de chefs d&rsquo;Etat et de gouvernement participent \u00e0 cette conf\u00e9rence dite FfD4, la quatri\u00e8me du genre depuis 2002, aux c\u00f4t\u00e9s des responsables des principales institutions financi\u00e8res internationales et de 4.000 repr\u00e9sentants de la soci\u00e9t\u00e9 civile.<\/p>\n<p class=\"lead \">Parmi les dirigeants pr\u00e9sents figurent les pr\u00e9sidents fran\u00e7ais Emmanuel Macron et s\u00e9n\u00e9galais Bassirou Diomaye Faye. Les Etats-Unis n&rsquo;ont envoy\u00e9 personne, apr\u00e8s avoir quitt\u00e9 mi-juin la table des n\u00e9gociations en raison d&rsquo;un d\u00e9saccord sur le texte soumis aux d\u00e9l\u00e9gations, accus\u00e9 d&#8217;empi\u00e9ter sur leur \u00ab\u00a0souverainet\u00e9\u00a0\u00bb.<\/p>\n<p class=\"lead \">L&rsquo;objectif de ce document de 38 pages, dit \u00ab\u00a0engagement de S\u00e9ville\u00a0\u00bb, est de trouver des solutions pour les pays du Sud, confront\u00e9s selon l&rsquo;ONU \u00e0 \u00ab\u00a0un d\u00e9ficit de financement estim\u00e9 \u00e0 4.000 milliards de dollars par an\u00a0\u00bb pour tenir leurs objectifs de d\u00e9veloppement fix\u00e9s dans le cadre de l&rsquo;Agenda 2030.<\/p>\n<p class=\"lead \">&#8211; Critiques des ONG &#8211;<\/p>\n<p class=\"lead \">Cela \u00ab\u00a0n\u00e9cessitera des ressources \u00e0 une \u00e9chelle et \u00e0 un rythme sans pr\u00e9c\u00e9dent\u00a0\u00bb, a pr\u00e9venu lundi le pr\u00e9sident de la Banque mondiale Ajay Banga, en appelant \u00e0 la mobilisation de l&rsquo;ensemble des acteurs du d\u00e9veloppement face \u00e0 \u00ab\u00a0l&rsquo;augmentation de la dette\u00a0\u00bb et aux d\u00e9fis pos\u00e9s par le changement climatique.<\/p>\n<p class=\"lead \">\u00ab\u00a0Nous savons qu&rsquo;il n&rsquo;y a pas assez d&rsquo;argent au sein des gouvernements, des organisations philanthropiques ou des institutions de d\u00e9veloppement pour r\u00e9pondre \u00e0 toutes les projections ou \u00e0 toutes les promesses. C&rsquo;est pourquoi nous avons besoin du secteur priv\u00e9\u00a0\u00bb, a-t-il soulign\u00e9.<\/p>\n<p class=\"lead \">L'\u00a0\u00bbengagement de S\u00e9ville\u00a0\u00bb, qui sera formellement adopt\u00e9 jeudi, dernier jour de la conf\u00e9rence, invite pour cela \u00e0 revoir l&rsquo;architecture financi\u00e8re internationale, en accordant notamment plus de place aux pays du Sud dans les grandes institutions et en exigeant une meilleure coop\u00e9ration contre l&rsquo;\u00e9vasion fiscale.<\/p>\n<p class=\"lead \">Ce document, qui ne sera cependant pas contraignant sur le plan juridique, sera compl\u00e9t\u00e9 par des annonces unilat\u00e9rales dans le cadre d&rsquo;une \u00ab\u00a0plateforme de S\u00e9ville pour l&rsquo;action\u00a0\u00bb, portant notamment sur la taxation des billets d&rsquo;avion.<\/p>\n<p class=\"lead \">L'\u00a0\u00bbengagement de S\u00e9ville\u00a0\u00bb est d&rsquo;ores et d\u00e9j\u00e0 critiqu\u00e9 par les ONG, qui regrettent un manque d&rsquo;ambitions et de solidarit\u00e9 de la part des pays les plus riches. A leur appel, plusieurs centaines de personnes ont manifest\u00e9 dimanche soir \u00e0 S\u00e9ville pour r\u00e9clamer une annulation de la dette et une taxation des super riches.<\/p>\n<p class=\"small font-weight-bold text-gray3 \"> publi\u00e9 le 30 juin \u00e0 11h37, AFP<\/p>\n<p>                             Partager<\/p>\n","protected":false},"excerpt":{"rendered":"Le secr\u00e9taire g\u00e9n\u00e9ral de l&rsquo;ONU Antonio Guterres a appel\u00e9 lundi la communaut\u00e9 internationale \u00e0 \u00ab\u00a0relancer le moteur du&hellip;\n","protected":false},"author":2,"featured_media":215352,"comment_status":"","ping_status":"","sticky":false,"template":"","format":"standard","meta":{"footnotes":""},"categories":[5],"tags":[13790,11,4526,7993,312,123,590,1011,27,14,12,3521,9640,28],"class_list":{"0":"post-215351","1":"post","2":"type-post","3":"status-publish","4":"format-standard","5":"has-post-thumbnail","7":"category-international","8":"tag-conomie","9":"tag-actualites","10":"tag-aide","11":"tag-dette-publique","12":"tag-diplomatie","13":"tag-espagne","14":"tag-finance","15":"tag-fr","16":"tag-france","17":"tag-international","18":"tag-news","19":"tag-onu","20":"tag-organisation","21":"tag-world"},"share_on_mastodon":{"url":"","error":""},"_links":{"self":[{"href":"https:\/\/www.europesays.com\/fr\/wp-json\/wp\/v2\/posts\/215351","targetHints":{"allow":["GET"]}}],"collection":[{"href":"https:\/\/www.europesays.com\/fr\/wp-json\/wp\/v2\/posts"}],"about":[{"href":"https:\/\/www.europesays.com\/fr\/wp-json\/wp\/v2\/types\/post"}],"author":[{"embeddable":true,"href":"https:\/\/www.europesays.com\/fr\/wp-json\/wp\/v2\/users\/2"}],"replies":[{"embeddable":true,"href":"https:\/\/www.europesays.com\/fr\/wp-json\/wp\/v2\/comments?post=215351"}],"version-history":[{"count":0,"href":"https:\/\/www.europesays.com\/fr\/wp-json\/wp\/v2\/posts\/215351\/revisions"}],"wp:featuredmedia":[{"embeddable":true,"href":"https:\/\/www.europesays.com\/fr\/wp-json\/wp\/v2\/media\/215352"}],"wp:attachment":[{"href":"https:\/\/www.europesays.com\/fr\/wp-json\/wp\/v2\/media?parent=215351"}],"wp:term":[{"taxonomy":"category","embeddable":true,"href":"https:\/\/www.europesays.com\/fr\/wp-json\/wp\/v2\/categories?post=215351"},{"taxonomy":"post_tag","embeddable":true,"href":"https:\/\/www.europesays.com\/fr\/wp-json\/wp\/v2\/tags?post=215351"}],"curies":[{"name":"wp","href":"https:\/\/api.w.org\/{rel}","templated":true}]}}