{"id":215357,"date":"2025-06-30T09:43:18","date_gmt":"2025-06-30T09:43:18","guid":{"rendered":"https:\/\/www.europesays.com\/fr\/215357\/"},"modified":"2025-06-30T09:43:18","modified_gmt":"2025-06-30T09:43:18","slug":"ultime-fete-dadieu-le-comite-defaite-organise-un-pot-de-depart-detonant-pour-gael-perdriau","status":"publish","type":"post","link":"https:\/\/www.europesays.com\/fr\/215357\/","title":{"rendered":"ULTIME F\u00caTE D&rsquo;ADIEU : LE COMIT\u00c9 D\u00c9FAITE ORGANISE UN POT DE D\u00c9PART D\u00c9TONANT POUR GA\u00cbL PERDRIAU"},"content":{"rendered":"<p>Le Comit\u00e9 D\u00e9faite, n\u00e9 dans le sillage des r\u00e9v\u00e9lations fracassantes de Mediapart en ao\u00fbt 2022, pr\u00e9pare un dernier baroud d\u2019honneur avant l\u2019\u00e9ch\u00e9ance judiciaire cruciale de septembre.<\/p>\n<p>Ces militants infatigables, qui ont transform\u00e9 chaque conseil municipal en happening protestataire, organisent ce qu\u2019ils appellent avec ironie un \u00ab\u00a0pot de d\u00e9part\u00a0\u00bb pour Ga\u00ebl Perdriau. Une initiative qui t\u00e9moigne de leur d\u00e9termination \u00e0 maintenir la pression jusqu\u2019au bout.<\/p>\n<p>L\u2019affaire du chantage \u00e0 la vid\u00e9o intime resurface<\/p>\n<p>Cette mobilisation citoyenne trouve ses racines dans le scandale politico-judiciaire qui a \u00e9branl\u00e9 l\u2019h\u00f4tel de ville st\u00e9phanois. Les r\u00e9v\u00e9lations sur l\u2019affaire de chantage \u00e0 la vid\u00e9o intime ont marqu\u00e9 un tournant dans la vie politique locale, d\u00e9clenchant une s\u00e9rie d\u2019\u00e9v\u00e9nements qui culmineront bient\u00f4t devant la justice.<\/p>\n<p>Le proc\u00e8s programm\u00e9 du 22 au 26 septembre \u00e0 Lyon devra trancher sur le sort de huit accus\u00e9s dans cette affaire aux ramifications complexes. Cette \u00e9ch\u00e9ance judiciaire majeure explique l\u2019activisme renouvel\u00e9 du collectif protestataire.<\/p>\n<p>Un programme festif aux accents revendicatifs<\/p>\n<p>L\u2019\u00e9v\u00e9nement pr\u00e9vu \u00e0 18 heures ce lundi 30 juin devant l\u2019h\u00f4tel de ville, se veut r\u00e9solument d\u00e9cal\u00e9 et provocateur. Au menu de cette soir\u00e9e pas comme les autres : boom dansante, s\u00e9ances de karaok\u00e9, d\u00e9gustation de gaspacho et bulles p\u00e9tillantes qui \u00ab\u00a0font pschitt\u00a0\u00bb. Un cocktail festif qui masque \u00e0 peine la dimension contestataire de l\u2019initiative.<\/p>\n<p>Cette approche ludique t\u00e9moigne de la strat\u00e9gie originale adopt\u00e9e par le Comit\u00e9 D\u00e9faite depuis sa cr\u00e9ation. Plut\u00f4t que d\u2019opter pour des manifestations classiques, ces militants ont choisi la d\u00e9rision et l\u2019humour grin\u00e7ant comme armes de protestation politique.<\/p>\n<p>\u00ab\u00a0Bonnes et longues vacances\u00a0\u00bb : un message \u00e0 double sens<\/p>\n<p>L\u2019invitation lanc\u00e9e par le collectif ne manque pas de sel : Le Comit\u00e9 D\u00e9faite souhaite de bonnes et longues vacances \u00e0 monsieur le Maire. Cette formule de politesse apparemment anodine prend une saveur particuli\u00e8re dans le contexte actuel.<\/p>\n<p>L\u2019allusion aux longues vacances r\u00e9sonne comme un euph\u00e9misme teint\u00e9 d\u2019ironie, laissant entendre que l\u2019\u00e9dile municipal pourrait bien disposer de tout le temps n\u00e9cessaire pour se reposer dans les mois \u00e0 venir.<\/p>\n<p>Des rassemblements devenus rituels<\/p>\n<p>Depuis les premi\u00e8res r\u00e9v\u00e9lations, le Comit\u00e9 D\u00e9faite a install\u00e9 ses habitudes protestataires. Chaque conseil municipal a donn\u00e9 lieu \u00e0 des rassemblements plus ou moins fournis, transformant les s\u00e9ances officielles en v\u00e9ritables psychodrames politiques.<\/p>\n<p>Cette pr\u00e9sence constante et d\u00e9termin\u00e9e a fini par marquer le paysage politique local, cr\u00e9ant une pression permanente sur l\u2019\u00e9quipe municipale. Le collectif a ainsi r\u00e9ussi \u00e0 maintenir l\u2019attention m\u00e9diatique sur cette affaire malgr\u00e9 le temps qui passe.<\/p>\n<p>Le Comit\u00e9 D\u00e9faite excelle dans l\u2019art du d\u00e9tournement et de la r\u00e9cup\u00e9ration. Pour cette ultime manifestation, les organisateurs ressortent une d\u00e9claration pass\u00e9e de Ga\u00ebl Perdriau lui-m\u00eame, prononc\u00e9e lors d\u2019un conseil municipal.<\/p>\n<p>Le dernier conseil avant le verdict<\/p>\n<p>Cette initiative intervient au moment symbolique du dernier conseil municipal avant l\u2019ouverture du proc\u00e8s lyonnais. Cette timing n\u2019est \u00e9videmment pas le fruit du hasard : il s\u2019agit de marquer une derni\u00e8re fois les esprits avant que la justice ne rende son verdict.<\/p>\n<p>Le collectif semble vouloir cl\u00f4turer sa mobilisation sur une note spectaculaire, histoire de rappeler qu\u2019ils auront accompagn\u00e9 cette affaire de bout en bout, des premi\u00e8res r\u00e9v\u00e9lations jusqu\u2019aux portes du tribunal.<\/p>\n<p>Une mobilisation citoyenne qui aura marqu\u00e9 l\u2019\u00e9poque<\/p>\n<p>Quoi que l\u2019on pense de leurs m\u00e9thodes ou de leurs revendications, les membres du Comit\u00e9 D\u00e9faite auront r\u00e9ussi \u00e0 maintenir vivace l\u2019attention sur cette affaire complexe. Leur pers\u00e9v\u00e9rance t\u00e9moigne d\u2019une forme d\u2019engagement citoyen qui refuse l\u2019oubli et l\u2019indiff\u00e9rence.<\/p>\n<p>Cette f\u00eate d\u2019adieu constitue probablement l\u2019\u00e9pilogue d\u2019une s\u00e9quence politique mouvement\u00e9e qui aura profond\u00e9ment marqu\u00e9 la vie d\u00e9mocratique st\u00e9phanoise. Reste maintenant \u00e0 attendre le verdict de la justice pour conna\u00eetre la suite de cette histoire qui passionne autant qu\u2019elle divise.<\/p>\n","protected":false},"excerpt":{"rendered":"Le Comit\u00e9 D\u00e9faite, n\u00e9 dans le sillage des r\u00e9v\u00e9lations fracassantes de Mediapart en ao\u00fbt 2022, pr\u00e9pare un dernier&hellip;\n","protected":false},"author":2,"featured_media":215358,"comment_status":"","ping_status":"","sticky":false,"template":"","format":"standard","meta":{"footnotes":""},"categories":[9653],"tags":[1111,11,2430,35507,1777,674,1011,27,12242,3367,21026,12,25,4001],"class_list":{"0":"post-215357","1":"post","2":"type-post","3":"status-publish","4":"format-standard","5":"has-post-thumbnail","7":"category-saint-etienne","8":"tag-actu","9":"tag-actualites","10":"tag-auvergne-rhone-alpes","11":"tag-comite-defaite","12":"tag-eu","13":"tag-europe","14":"tag-fr","15":"tag-france","16":"tag-gael-perdriau","17":"tag-loire","18":"tag-mediapart","19":"tag-news","20":"tag-republique-francaise","21":"tag-saint-etienne"},"share_on_mastodon":{"url":"https:\/\/pubeurope.com\/@fr\/114771670209482446","error":""},"_links":{"self":[{"href":"https:\/\/www.europesays.com\/fr\/wp-json\/wp\/v2\/posts\/215357","targetHints":{"allow":["GET"]}}],"collection":[{"href":"https:\/\/www.europesays.com\/fr\/wp-json\/wp\/v2\/posts"}],"about":[{"href":"https:\/\/www.europesays.com\/fr\/wp-json\/wp\/v2\/types\/post"}],"author":[{"embeddable":true,"href":"https:\/\/www.europesays.com\/fr\/wp-json\/wp\/v2\/users\/2"}],"replies":[{"embeddable":true,"href":"https:\/\/www.europesays.com\/fr\/wp-json\/wp\/v2\/comments?post=215357"}],"version-history":[{"count":0,"href":"https:\/\/www.europesays.com\/fr\/wp-json\/wp\/v2\/posts\/215357\/revisions"}],"wp:featuredmedia":[{"embeddable":true,"href":"https:\/\/www.europesays.com\/fr\/wp-json\/wp\/v2\/media\/215358"}],"wp:attachment":[{"href":"https:\/\/www.europesays.com\/fr\/wp-json\/wp\/v2\/media?parent=215357"}],"wp:term":[{"taxonomy":"category","embeddable":true,"href":"https:\/\/www.europesays.com\/fr\/wp-json\/wp\/v2\/categories?post=215357"},{"taxonomy":"post_tag","embeddable":true,"href":"https:\/\/www.europesays.com\/fr\/wp-json\/wp\/v2\/tags?post=215357"}],"curies":[{"name":"wp","href":"https:\/\/api.w.org\/{rel}","templated":true}]}}