{"id":215361,"date":"2025-06-30T09:45:16","date_gmt":"2025-06-30T09:45:16","guid":{"rendered":"https:\/\/www.europesays.com\/fr\/215361\/"},"modified":"2025-06-30T09:45:16","modified_gmt":"2025-06-30T09:45:16","slug":"vandoeuvre-les-nancy-des-lunettes-neuves-et-gratuites-pour-les-personnes-en-situation-de-precarite","status":"publish","type":"post","link":"https:\/\/www.europesays.com\/fr\/215361\/","title":{"rendered":"Vand\u0153uvre-l\u00e8s-Nancy. Des lunettes neuves et gratuites pour les personnes en situation de pr\u00e9carit\u00e9"},"content":{"rendered":"<p>Plus de 11\u00a0000 paires de lunettes offertes\u00a0; plus de 250 organismes partenaires\u00a0; une \u00e9quipe de trente b\u00e9n\u00e9voles regroupant des opticiens, des ophtalmologistes, des orthoptistes\u00a0; une quinzaine de professionnels partenaires impliqu\u00e9s sous forme d\u2019un m\u00e9c\u00e9nat de comp\u00e9tences\u00a0: les chiffres parlent d\u2019eux-m\u00eames.<\/p>\n<p>Cr\u00e9\u00e9e \u00e0 Bures-sur-Yvette, en r\u00e9gion parisienne il y a une quinzaine d\u2019ann\u00e9es par trois opticiens et un ophtalmologiste, l\u2019association Vision Solidarit\u00e9 a essaim\u00e9 depuis dans toute la France, jusqu\u2019\u00e0 venir s\u2019implanter \u00e0 Vand\u0153uvre.<\/p>\n<p>Destin\u00e9e \u00e0 faciliter l\u2019acc\u00e8s \u00e0 la sant\u00e9 visuelle, elle s\u2019adresse \u00e0 toutes les personnes qui ne b\u00e9n\u00e9ficient pas du reste \u00e0 charge 0 du 100\u00a0% sant\u00e9.<\/p>\n<p>\u00ab\u00a0On estime \u00e0 4\u00a0millions, le nombre de Fran\u00e7ais qui ne peuvent acc\u00e9der \u00e0 ce dispositif, et qui se retrouvent donc sans solution pour la prise en charge de leurs lunettes. Une situation particuli\u00e8rement injuste, indique \u00c9lodie Vacherot, charg\u00e9e de d\u00e9veloppement et des partenariats au sein de <a href=\"https:\/\/www.visionsolidarite.org\/\" target=\"_blank\" rel=\"noopener\">Vision Solidarit\u00e9.<\/a> \u00a0Le fait de bien voir \u00e9tant un facteur d\u2019insertion sociale et professionnelle \u00e9vident.\u00a0\u00bb<\/p>\n<p>  Trois types de public<\/p>\n<p>Vision Solidarit\u00e9 s\u2019est donc fix\u00e9e pour objectif de combler cette carence, en offrant des lunettes neuves, gratuites et parfaitement adapt\u00e9es \u00e0 la vue des b\u00e9n\u00e9ficiaires.<\/p>\n<p>\u00ab\u00a0Nous nous adressons \u00e0 trois types de public\u00a0: les personnes sans compl\u00e9mentaire, principalement des \u00e9tudiants et des retrait\u00e9s (3,3\u00a0millions)\u00a0; les b\u00e9n\u00e9ficiaires de l\u2019Aide m\u00e9dicale d\u2019\u00c9tat (anciennement la CMU), majoritairement des \u00e9trangers (640\u00a0000 personnes)\u00a0; ceux et celles enfin qui n\u2019ont acc\u00e8s \u00e0 aucune couverture, essentiellement des sans-abri, mais dont le nombre reste incertain.\u00a0\u00bb<\/p>\n<p>  Un r\u00e9seau solide\u00a0de partenaires<\/p>\n<p>Offrir des lunettes neuves, gratuites et parfaitement adapt\u00e9es \u00e0 la vue des b\u00e9n\u00e9ficiaires\u00a0: cette ambition repose sur une organisation bien rod\u00e9e, mais aussi et surtout sur un r\u00e9seau de professionnels, engag\u00e9s dans la lutte contre la pr\u00e9carit\u00e9. \u00ab\u00a0Il y a deux ans, nous avons lanc\u00e9 le projet opticiens partenaires pour sceller avec des professionnels une collaboration sous forme d\u2019un m\u00e9c\u00e9nat de comp\u00e9tences. Ceux-ci r\u00e9alisent les examens \u00e0 titre b\u00e9n\u00e9vole. Les lunettes sont fournies gr\u00e2ce aux dons d\u2019opticiens, et les verres sont r\u00e9alis\u00e9s gracieusement par BBRG, une succursale d\u2019 <a href=\"https:\/\/www.estrepublicain.fr\/economie\/2022\/11\/17\/en-meuse-le-sl-lab-d-essilor-specialiste-mondial-des-corrections-visuelles-extremes-un-savoir-faire-unique\" target=\"_blank\" rel=\"noopener\">Essilor.<\/a> \u00a0\u00bb<\/p>\n<p>Le d\u00e9ploiement \u00e0 Vand\u0153uvre a \u00e9t\u00e9 rendu possible gr\u00e2ce \u00e0 l\u2019engagement des opticiens volontaires des magasins Lunettestore et Opticiens Maurice Fr\u00e8res du Groupe Schertz.<\/p>\n<p>Treize personnes aid\u00e9es d\u00e8s la premi\u00e8re permanence<\/p>\n<p>Seul imp\u00e9ratif pour \u00eatre \u00e9ligible au dispositif\u00a0: \u00eatre orient\u00e9 par un organisme social (associations\u2026), une collectivit\u00e9 territoriale (CCAS), un \u00e9tablissement de sant\u00e9.<\/p>\n<p>D\u00e9sormais, chaque troisi\u00e8me mardi du mois, la salle du V\u00e9lodrome accueillera une permanence, accessible sur rendez-vous aux candidats. Le premier accueil, qui s\u2019est tenu le 17\u00a0juin dernier, a d\u00e9j\u00e0 permis \u00e0 treize personnes de b\u00e9n\u00e9ficier de ce dispositif.<\/p>\n<p class=\"note\">Vision solidarit\u00e9 fonctionne aussi gr\u00e2ce aux dons des particuliers, au b\u00e9n\u00e9volat des professionnels et \u00e0 l\u2019implication des organismes sociaux. Contact et information\u00a0: developpement@visionsolidarite.org<\/p>\n","protected":false},"excerpt":{"rendered":"Plus de 11\u00a0000 paires de lunettes offertes\u00a0; plus de 250 organismes partenaires\u00a0; une \u00e9quipe de trente b\u00e9n\u00e9voles regroupant&hellip;\n","protected":false},"author":2,"featured_media":215362,"comment_status":"","ping_status":"","sticky":false,"template":"","format":"standard","meta":{"footnotes":""},"categories":[9635],"tags":[1111,11,33,1704,1777,674,1011,27,775,6364,1702,12,25,71,104,5711,1631,216],"class_list":{"0":"post-215361","1":"post","2":"type-post","3":"status-publish","4":"format-standard","5":"has-post-thumbnail","7":"category-nancy","8":"tag-actu","9":"tag-actualites","10":"tag-economie","11":"tag-edition-nancy-et-agglomeration","12":"tag-eu","13":"tag-europe","14":"tag-fr","15":"tag-france","16":"tag-grand-est","17":"tag-metropole-du-grand-nancy-54b1","18":"tag-nancy","19":"tag-news","20":"tag-republique-francaise","21":"tag-sante","22":"tag-societe","23":"tag-vandoeuvre-les-nancy","24":"tag-vie-associative","25":"tag-vie-des-entreprises"},"share_on_mastodon":{"url":"https:\/\/pubeurope.com\/@fr\/114771677876576169","error":""},"_links":{"self":[{"href":"https:\/\/www.europesays.com\/fr\/wp-json\/wp\/v2\/posts\/215361","targetHints":{"allow":["GET"]}}],"collection":[{"href":"https:\/\/www.europesays.com\/fr\/wp-json\/wp\/v2\/posts"}],"about":[{"href":"https:\/\/www.europesays.com\/fr\/wp-json\/wp\/v2\/types\/post"}],"author":[{"embeddable":true,"href":"https:\/\/www.europesays.com\/fr\/wp-json\/wp\/v2\/users\/2"}],"replies":[{"embeddable":true,"href":"https:\/\/www.europesays.com\/fr\/wp-json\/wp\/v2\/comments?post=215361"}],"version-history":[{"count":0,"href":"https:\/\/www.europesays.com\/fr\/wp-json\/wp\/v2\/posts\/215361\/revisions"}],"wp:featuredmedia":[{"embeddable":true,"href":"https:\/\/www.europesays.com\/fr\/wp-json\/wp\/v2\/media\/215362"}],"wp:attachment":[{"href":"https:\/\/www.europesays.com\/fr\/wp-json\/wp\/v2\/media?parent=215361"}],"wp:term":[{"taxonomy":"category","embeddable":true,"href":"https:\/\/www.europesays.com\/fr\/wp-json\/wp\/v2\/categories?post=215361"},{"taxonomy":"post_tag","embeddable":true,"href":"https:\/\/www.europesays.com\/fr\/wp-json\/wp\/v2\/tags?post=215361"}],"curies":[{"name":"wp","href":"https:\/\/api.w.org\/{rel}","templated":true}]}}