{"id":215385,"date":"2025-06-30T10:00:11","date_gmt":"2025-06-30T10:00:11","guid":{"rendered":"https:\/\/www.europesays.com\/fr\/215385\/"},"modified":"2025-06-30T10:00:11","modified_gmt":"2025-06-30T10:00:11","slug":"notre-client-est-presume-innocent-le-drame-de-samuel-paty-porte-sur-scene-a-nice-les-avocats-dun-accuse-montent-au-creneau","status":"publish","type":"post","link":"https:\/\/www.europesays.com\/fr\/215385\/","title":{"rendered":"\u00ab\u00a0Notre client est pr\u00e9sum\u00e9 innocent\u00a0\u00bb: le drame de Samuel Paty port\u00e9 sur sc\u00e8ne \u00e0 Nice, les avocats d\u2019un accus\u00e9 montent au cr\u00e9neau"},"content":{"rendered":"<p>\u00ab\u00a0Le professeur\u00a0\u00bb. Derri\u00e8re ce titre sobre et \u00e9vocateur se cache un drame qui a boulevers\u00e9 la France enti\u00e8re: l\u2019assassinat de Samuel Paty, le 16 octobre 2020.<\/p>\n<p>Ce professeur d\u2019histoire-g\u00e9ographie avait \u00e9t\u00e9 d\u00e9capit\u00e9 par un terroriste islamiste, \u00e0 la sortie de son coll\u00e8ge de Conflans-Sainte-Honorine (Yvelines).<\/p>\n<p><a href=\"https:\/\/www.nicematin.com\/terrorisme\/-il-va-bien-falloir-qu-on-cesse-d-avoir-peur-avant-le-proces-terroriste-l-azureenne-mickaelle-paty-explique-son-combat-en-memoire-de-son-frere-samuel-954675\" target=\"_blank\" rel=\"noopener\">Sa s\u0153ur Micka\u00eblle, qui r\u00e9side sur la C\u00f4te d\u2019Azur, avait retrac\u00e9 l\u2019engrenage mortel qui a conduit \u00e0 cette trag\u00e9die<\/a>, dans un livre co\u00e9crit avec la journaliste Emilie Fr\u00e8che, Le cours de Monsieur Paty.<\/p>\n<p>Ce sont ces dix jours fatidiques, rythm\u00e9s par les accusations infond\u00e9es et une s\u00e9rie de l\u00e2chet\u00e9s, que raconte Le professeur. <\/p>\n<p><a href=\"https:\/\/www.tnn.fr\/fr\/spectacles\/saison-2024-2025\/le-professeur-tragedie\" target=\"_blank\" rel=\"noopener\">Une lecture-performance avec Carole Bouquet, mise en espace par Muriel Mayette-Holtz<\/a>, la directrice du th\u00e9\u00e2tre national de Nice.\u00a0Une repr\u00e9sentation unique est pr\u00e9vue ce lundi 30 juin \u00e0 Nice, dans le cadre du \u00ab\u00a0Festival de trag\u00e9dies\u00a0\u00bb.<\/p>\n<p>Et cette initiative n\u2019a pas manqu\u00e9 de faire r\u00e9agir les avocats d\u2019Abdelhakim Sefrioui, l\u2019un des principaux accus\u00e9s.<\/p>\n<p>Le 20 d\u00e9cembre 2024, la cour d\u2019assises sp\u00e9cialement compos\u00e9e de Paris a reconnu ce militant islamiste coupable d\u2019association de malfaiteurs terroriste.<\/p>\n<p>Elle l\u2019a condamn\u00e9 \u00e0 15 ans de r\u00e9clusion criminelle. \u00ab\u00a0Il a interjet\u00e9 appel de cette d\u00e9cision. Il est donc \u00e0 ce jour pr\u00e9sum\u00e9 innocent\u00a0\u00bb, rappellent ses conseils, Me Vincent Brengarth et Colomba Grossi, dans un courrier adress\u00e9 \u00e0 Muriel Mayette-Holtz.<\/p>\n<p>                                \u00ab\u00a0Le public peut \u00eatre tent\u00e9 de prendre ce qu\u2019il voit et entend pour la r\u00e9alit\u00e9\u00a0\u00bb<\/p>\n<p>\u00ab\u00a0Il n\u2019est nullement question pour nous de remettre en cause la libert\u00e9 artistique, encore moins lorsqu\u2019elle analyse la barbarie, m\u00eame s\u2019il est singulier que des \u0153uvres de non-fiction interviennent en amont de l\u2019aboutissement des processus judiciaires en cours, appelant impartialit\u00e9, ind\u00e9pendance et s\u00e9r\u00e9nit\u00e9\u00a0\u00bb, \u00e9crivent les avocats de la d\u00e9fense.<\/p>\n<p>Probl\u00e8me, \u00e0 leurs yeux: \u00ab\u00a0Le public n\u2019est pas toujours au fait des subtilit\u00e9s des proc\u00e9dures judiciaires, et peut \u00eatre tent\u00e9 de prendre ce qu\u2019il voit et entend pour la r\u00e9alit\u00e9.\u00a0\u00bb<\/p>\n<p>Dans \u00ab\u00a0Le professeur\u00a0\u00bb, Abdelkhakim Sefrioui est tour \u00e0 tour cit\u00e9 comme \u00ab\u00a0l\u2019accompagnateur\u00a0\u00bb ou le \u00ab\u00a0militant islamiste\u00a0\u00bb. Il est accus\u00e9 d\u2019avoir orchestr\u00e9, avec le p\u00e8re d\u2019une coll\u00e9gienne qui avait menti, la campagne de cyberharc\u00e8lement men\u00e9e contre Samuel Paty.<\/p>\n<p>Le professeur assassin\u00e9 avait pr\u00e9sent\u00e9 des caricatures du proph\u00e8te Mahomet dans le cadre d\u2019un cours sur la libert\u00e9 d\u2019expression, avec en toile de fond le proc\u00e8s des attentats contre Charlie Hebdo et l\u2019Hyper Cacher.<\/p>\n<p>\u00ab\u00a0Tr\u00e8s difficile de faire valoir les droits de la d\u00e9fense\u00a0\u00bb<\/p>\n<p>Mes Brengarth et Grossi rappellent qu\u2019Abdelhakim Sefrioui \u00ab\u00a0a, depuis le d\u00e9but de cette affaire, vigoureusement protest\u00e9 de son innocence\u00a0\u00bb. Voil\u00e0 bient\u00f4t cinq ans qu\u2019il est incarc\u00e9r\u00e9 et plac\u00e9 \u00e0 l\u2019isolement. <\/p>\n<p>\u00ab\u00a0Loin d\u2019\u00eatre un objet de th\u00e9\u00e2tre, cette affaire emporte des cons\u00e9quences tr\u00e8s graves et violentes sur sa vie ainsi que sur sa famille qui subit de plein fouet cette situation.\u00a0\u00bb<\/p>\n<p>Point par point, ses conseils r\u00e9affirment l\u2019innocence de leur client, m\u00eame si la cour a affirm\u00e9 le contraire en premi\u00e8re instance.<\/p>\n<p><a href=\"https:\/\/www.nicematin.com\/justice\/-tout-le-monde-peut-et-doit-etre-defendu-les-confidences-de-me-vincent-brengarth-l-avocat-d-un-accuse-dans-le-proces-de-l-attentat-du-14-juillet-et-celui-de-l-assassinat-de-samuel-paty-957203\" target=\"_blank\" rel=\"noopener\">En 2024, Vincent Brengarth avait racont\u00e9 dans un livre, D\u00e9fendre l\u2019impossible<\/a>, son combat pour l\u2019un des principaux accus\u00e9s dans un autre proc\u00e8s terroriste m\u00e9diatique: <a href=\"https:\/\/www.nicematin.com\/terrorisme\/-le-pourvoi-en-cassation-est-la-seule-issue-logique-les-avocats-de-mohamed-ghraieb-veulent-un-nouveau-proces-de-l-attentat-du-14-juillet-a-nice-927441\" target=\"_blank\" rel=\"noopener\">l\u2019attentat du 14 juillet 2016 \u00e0 Nice<\/a>.<\/p>\n<p>Dans ces dossiers charg\u00e9s d\u2019\u00e9motion, il constate \u00ab\u00a0la tr\u00e8s grande difficult\u00e9 \u00e0 faire valoir les droits de la d\u00e9fense\u00a0\u00bb. <\/p>\n<p>D\u00e8s lors, avec Me Grossi, il demande \u00e0 la directrice du TNN de \u00ab\u00a0s\u2019assurer que le public soit inform\u00e9 de la position de notre client sur ces faits ainsi que de la pr\u00e9somption d\u2019innocence dont il b\u00e9n\u00e9ficie\u00a0\u00bb.<\/p>\n","protected":false},"excerpt":{"rendered":"\u00ab\u00a0Le professeur\u00a0\u00bb. Derri\u00e8re ce titre sobre et \u00e9vocateur se cache un drame qui a boulevers\u00e9 la France enti\u00e8re:&hellip;\n","protected":false},"author":2,"featured_media":215386,"comment_status":"","ping_status":"","sticky":false,"template":"","format":"standard","meta":{"footnotes":""},"categories":[2819],"tags":[1111,11,251,1777,674,1011,27,303,12,2401,882,25,1254],"class_list":{"0":"post-215385","1":"post","2":"type-post","3":"status-publish","4":"format-standard","5":"has-post-thumbnail","7":"category-nice","8":"tag-actu","9":"tag-actualites","10":"tag-culture","11":"tag-eu","12":"tag-europe","13":"tag-fr","14":"tag-france","15":"tag-justice","16":"tag-news","17":"tag-nice","18":"tag-provence-alpes-cote-dazur","19":"tag-republique-francaise","20":"tag-terrorisme"},"share_on_mastodon":{"url":"https:\/\/pubeurope.com\/@fr\/114771736880965521","error":""},"_links":{"self":[{"href":"https:\/\/www.europesays.com\/fr\/wp-json\/wp\/v2\/posts\/215385","targetHints":{"allow":["GET"]}}],"collection":[{"href":"https:\/\/www.europesays.com\/fr\/wp-json\/wp\/v2\/posts"}],"about":[{"href":"https:\/\/www.europesays.com\/fr\/wp-json\/wp\/v2\/types\/post"}],"author":[{"embeddable":true,"href":"https:\/\/www.europesays.com\/fr\/wp-json\/wp\/v2\/users\/2"}],"replies":[{"embeddable":true,"href":"https:\/\/www.europesays.com\/fr\/wp-json\/wp\/v2\/comments?post=215385"}],"version-history":[{"count":0,"href":"https:\/\/www.europesays.com\/fr\/wp-json\/wp\/v2\/posts\/215385\/revisions"}],"wp:featuredmedia":[{"embeddable":true,"href":"https:\/\/www.europesays.com\/fr\/wp-json\/wp\/v2\/media\/215386"}],"wp:attachment":[{"href":"https:\/\/www.europesays.com\/fr\/wp-json\/wp\/v2\/media?parent=215385"}],"wp:term":[{"taxonomy":"category","embeddable":true,"href":"https:\/\/www.europesays.com\/fr\/wp-json\/wp\/v2\/categories?post=215385"},{"taxonomy":"post_tag","embeddable":true,"href":"https:\/\/www.europesays.com\/fr\/wp-json\/wp\/v2\/tags?post=215385"}],"curies":[{"name":"wp","href":"https:\/\/api.w.org\/{rel}","templated":true}]}}