{"id":215391,"date":"2025-06-30T10:03:08","date_gmt":"2025-06-30T10:03:08","guid":{"rendered":"https:\/\/www.europesays.com\/fr\/215391\/"},"modified":"2025-06-30T10:03:08","modified_gmt":"2025-06-30T10:03:08","slug":"a-merignac-un-bus-du-reseau-tbm-prend-feu-avec-une-dizaine-de-personnes-a-bord","status":"publish","type":"post","link":"https:\/\/www.europesays.com\/fr\/215391\/","title":{"rendered":"\u00c0 M\u00e9rignac, un bus du r\u00e9seau TBM prend feu avec une dizaine de personnes \u00e0 bord"},"content":{"rendered":"<p>            Par<br \/>\n        <strong><br \/>\n            <a href=\"https:\/\/actu.fr\/auteur\/juliette-cardinale\" title=\"Consulter tous les articles de Juliette Cardinale\" rel=\"nofollow noopener\" target=\"_blank\">Juliette Cardinale<\/a><br \/>\n        <\/strong><\/p>\n<p>        Publi\u00e9 le<\/p>\n<p>            30 juin 2025 \u00e0 12h00        <\/p>\n<p>Un incendie s\u2019est d\u00e9clar\u00e9 dans <a href=\"https:\/\/actu.fr\/tag\/tbm\" rel=\"nofollow noopener\" target=\"_blank\">un bus du r\u00e9seau TBM,<\/a> ce dimanche 29 juin 2025. Il \u00e9tait environ 21 heures lorsque les <strong>sapeurs-pompiers<\/strong> de la Gironde sont intervenus.<\/p>\n<p class=\" wall-content\">Ce <strong>bus de la ligne 20<\/strong> circulait sur la cours de l\u2019Argonne <a href=\"https:\/\/actu.fr\/nouvelle-aquitaine\/merignac_33281\" rel=\"nofollow noopener\" target=\"_blank\">\u00e0 M\u00e9rignac<\/a> lorsque le feu d\u2019origine encore inconnue s\u2019est d\u00e9clar\u00e9. La dizaine de passagers et le chauffeur ont \u00e9t\u00e9 \u00e9vacu\u00e9s, il n\u2019y a pas eu de bless\u00e9s.<\/p>\n<p class=\" wall-content\">Les soldats du feu ont \u00e9teint <a href=\"https:\/\/actu.fr\/tag\/incendie\" rel=\"nofollow noopener\" target=\"_blank\">l\u2019incendie<\/a> au moyen de <strong>deux lances \u00e0 mousse,\u00a0<\/strong>plus adapt\u00e9es \u00e0 ce genre de situation. La police et les services de Bordeaux M\u00e9tropole \u00e9taient sur place.<\/p>\n<p class=\" wall-content\">Suivez toute l\u2019actualit\u00e9 de vos villes et m\u00e9dias favoris en vous inscrivant \u00e0 <a href=\"https:\/\/moncompte.actu.fr\" title=\"D\u00e9couvez Mon Actu\" rel=\"nofollow noopener\" data-trk=\"{&quot;cta&quot;:{&quot;action&quot;:&quot;https:\\\/\\\/moncompte.actu.fr&quot;,&quot;category&quot;:&quot;mon compte&quot;,&quot;from&quot;:&quot;article footer&quot;,&quot;name&quot;:&quot;Mon actu&quot;,&quot;type&quot;:&quot;cta&quot;}}\" target=\"_blank\">Mon Actu<\/a>.<\/p>\n","protected":false},"excerpt":{"rendered":"Par Juliette Cardinale Publi\u00e9 le 30 juin 2025 \u00e0 12h00 Un incendie s\u2019est d\u00e9clar\u00e9 dans un bus du&hellip;\n","protected":false},"author":2,"featured_media":215392,"comment_status":"","ping_status":"","sticky":false,"template":"","format":"standard","meta":{"footnotes":""},"categories":[2817],"tags":[1111,11,1997,1777,674,118,1011,27,1310,12,2219,1311,25,7952],"class_list":{"0":"post-215391","1":"post","2":"type-post","3":"status-publish","4":"format-standard","5":"has-post-thumbnail","7":"category-bordeaux","8":"tag-actu","9":"tag-actualites","10":"tag-bordeaux","11":"tag-eu","12":"tag-europe","13":"tag-faits-divers","14":"tag-fr","15":"tag-france","16":"tag-incendie","17":"tag-news","18":"tag-nouvelle-aquitaine","19":"tag-pompiers","20":"tag-republique-francaise","21":"tag-tbm"},"share_on_mastodon":{"url":"https:\/\/pubeurope.com\/@fr\/114771748734676917","error":""},"_links":{"self":[{"href":"https:\/\/www.europesays.com\/fr\/wp-json\/wp\/v2\/posts\/215391","targetHints":{"allow":["GET"]}}],"collection":[{"href":"https:\/\/www.europesays.com\/fr\/wp-json\/wp\/v2\/posts"}],"about":[{"href":"https:\/\/www.europesays.com\/fr\/wp-json\/wp\/v2\/types\/post"}],"author":[{"embeddable":true,"href":"https:\/\/www.europesays.com\/fr\/wp-json\/wp\/v2\/users\/2"}],"replies":[{"embeddable":true,"href":"https:\/\/www.europesays.com\/fr\/wp-json\/wp\/v2\/comments?post=215391"}],"version-history":[{"count":0,"href":"https:\/\/www.europesays.com\/fr\/wp-json\/wp\/v2\/posts\/215391\/revisions"}],"wp:featuredmedia":[{"embeddable":true,"href":"https:\/\/www.europesays.com\/fr\/wp-json\/wp\/v2\/media\/215392"}],"wp:attachment":[{"href":"https:\/\/www.europesays.com\/fr\/wp-json\/wp\/v2\/media?parent=215391"}],"wp:term":[{"taxonomy":"category","embeddable":true,"href":"https:\/\/www.europesays.com\/fr\/wp-json\/wp\/v2\/categories?post=215391"},{"taxonomy":"post_tag","embeddable":true,"href":"https:\/\/www.europesays.com\/fr\/wp-json\/wp\/v2\/tags?post=215391"}],"curies":[{"name":"wp","href":"https:\/\/api.w.org\/{rel}","templated":true}]}}