{"id":215395,"date":"2025-06-30T10:05:09","date_gmt":"2025-06-30T10:05:09","guid":{"rendered":"https:\/\/www.europesays.com\/fr\/215395\/"},"modified":"2025-06-30T10:05:09","modified_gmt":"2025-06-30T10:05:09","slug":"jusqua-quand-cela-va-durer","status":"publish","type":"post","link":"https:\/\/www.europesays.com\/fr\/215395\/","title":{"rendered":"jusqu&rsquo;\u00e0 quand cela va durer"},"content":{"rendered":"<p>            Par<br \/>\n        <strong><br \/>\n            <a href=\"https:\/\/actu.fr\/auteur\/lea-afonso\" title=\"Consulter tous les articles de L\u00e9a Afonso\" rel=\"nofollow noopener\" target=\"_blank\">L\u00e9a Afonso<\/a><br \/>\n        <\/strong><\/p>\n<p>        Publi\u00e9 le<\/p>\n<p>            30 juin 2025 \u00e0 12h00        <\/p>\n<p>Un d\u00e9but de mois de juillet <strong>sans tramway<\/strong>\u2026 Du moins<strong> pour la soir\u00e9e<\/strong>\u2009! <strong>D\u00e8s ce lundi<\/strong> 30\u00a0juin 2025, la ligne de tram T1 sera interrompue en soir\u00e9e \u00e0 <a href=\"https:\/\/actu.fr\/toulouse\/\" rel=\"nofollow noopener\" target=\"_blank\">Toulouse<\/a>, et ce, dans sa totalit\u00e9. Cela va durer plusieurs jours.<\/p>\n<p>Plusieurs dates d\u2019interruption<\/p>\n<p class=\" wall-content\"><strong>\u00c0 partir de 21h,<\/strong> ce lundi 30\u00a0juin, jusqu\u2019au mercredi 2\u00a0juillet inclus, et du lundi\u00a07 au mercredi\u00a09 inclus, le tramway sera interrompu dans la Ville rose. La raison\u2009: <a href=\"https:\/\/actu.fr\/tag\/tisseo\" rel=\"nofollow noopener\" target=\"_blank\">Tiss\u00e9o<\/a> pr\u00e9voit de faire des<strong> travaux \u00e0 proximit\u00e9 des voies du Tram<\/strong>, n\u00e9cessitant l\u2019arr\u00eat de ce dernier.<\/p>\n<p class=\" wall-content\">Derniers d\u00e9parts de Palais de Justice \u00e0 20\u2009h\u200959, de MEETT \u00e0 21\u2009h\u200903 et d\u2019Odyssud -Ritouret \u00e0 21\u2009h\u200905.<\/p>\n<p>Comment se d\u00e9placer\u2009?<\/p>\n<p class=\" wall-content\">Alors pour se d\u00e9placer et rejoindre les arr\u00eats non desservis, pas de panique, Tiss\u00e9o a tout pr\u00e9vu. Comme souvent, la<strong> ligne de bus T1\u2032<\/strong> assurera la <strong>liaison<\/strong> entre les stations <strong>Palais de Justice et MEETT<\/strong>. La fr\u00e9quence sera tout de m\u00eame moins soutenue, avec un passage toutes les 30\u00a0minutes.<\/p>\n<p class=\" wall-content\">Et pour ceux qui partiraient en vacances et auraient besoin de regagner l\u2019a\u00e9roport, la ligne de <strong>bus 31\u2032<\/strong> permettra de <strong>rejoindre l\u2019A\u00e9roport depuis les Ar\u00e8nes<\/strong> \u00e0 partir de 20\u2009h\u200955, toutes les 30\u00a0minutes ici aussi.<\/p>\n<p>Vid\u00e9os : en ce moment sur Actu<\/p>\n<p class=\" wall-content\">Suivez toute l\u2019actualit\u00e9 de vos villes et m\u00e9dias favoris en vous inscrivant \u00e0 <a href=\"https:\/\/moncompte.actu.fr\" title=\"D\u00e9couvez Mon Actu\" rel=\"nofollow noopener\" data-trk=\"{&quot;cta&quot;:{&quot;action&quot;:&quot;https:\\\/\\\/moncompte.actu.fr&quot;,&quot;category&quot;:&quot;mon compte&quot;,&quot;from&quot;:&quot;article footer&quot;,&quot;name&quot;:&quot;Mon actu&quot;,&quot;type&quot;:&quot;cta&quot;}}\" target=\"_blank\">Mon Actu<\/a>.<\/p>\n","protected":false},"excerpt":{"rendered":"Par L\u00e9a Afonso Publi\u00e9 le 30 juin 2025 \u00e0 12h00 Un d\u00e9but de mois de juillet sans tramway\u2026&hellip;\n","protected":false},"author":2,"featured_media":215396,"comment_status":"","ping_status":"","sticky":false,"template":"","format":"standard","meta":{"footnotes":""},"categories":[2816],"tags":[1111,11,1777,674,1011,27,12,2680,25,104,5400,2312,2803],"class_list":{"0":"post-215395","1":"post","2":"type-post","3":"status-publish","4":"format-standard","5":"has-post-thumbnail","7":"category-toulouse","8":"tag-actu","9":"tag-actualites","10":"tag-eu","11":"tag-europe","12":"tag-fr","13":"tag-france","14":"tag-news","15":"tag-occitanie","16":"tag-republique-francaise","17":"tag-societe","18":"tag-tisseo","19":"tag-toulouse","20":"tag-transport"},"share_on_mastodon":{"url":"https:\/\/pubeurope.com\/@fr\/114771756588495133","error":""},"_links":{"self":[{"href":"https:\/\/www.europesays.com\/fr\/wp-json\/wp\/v2\/posts\/215395","targetHints":{"allow":["GET"]}}],"collection":[{"href":"https:\/\/www.europesays.com\/fr\/wp-json\/wp\/v2\/posts"}],"about":[{"href":"https:\/\/www.europesays.com\/fr\/wp-json\/wp\/v2\/types\/post"}],"author":[{"embeddable":true,"href":"https:\/\/www.europesays.com\/fr\/wp-json\/wp\/v2\/users\/2"}],"replies":[{"embeddable":true,"href":"https:\/\/www.europesays.com\/fr\/wp-json\/wp\/v2\/comments?post=215395"}],"version-history":[{"count":0,"href":"https:\/\/www.europesays.com\/fr\/wp-json\/wp\/v2\/posts\/215395\/revisions"}],"wp:featuredmedia":[{"embeddable":true,"href":"https:\/\/www.europesays.com\/fr\/wp-json\/wp\/v2\/media\/215396"}],"wp:attachment":[{"href":"https:\/\/www.europesays.com\/fr\/wp-json\/wp\/v2\/media?parent=215395"}],"wp:term":[{"taxonomy":"category","embeddable":true,"href":"https:\/\/www.europesays.com\/fr\/wp-json\/wp\/v2\/categories?post=215395"},{"taxonomy":"post_tag","embeddable":true,"href":"https:\/\/www.europesays.com\/fr\/wp-json\/wp\/v2\/tags?post=215395"}],"curies":[{"name":"wp","href":"https:\/\/api.w.org\/{rel}","templated":true}]}}