{"id":215405,"date":"2025-06-30T10:10:09","date_gmt":"2025-06-30T10:10:09","guid":{"rendered":"https:\/\/www.europesays.com\/fr\/215405\/"},"modified":"2025-06-30T10:10:09","modified_gmt":"2025-06-30T10:10:09","slug":"un-jeune-automobiliste-meurt-en-tombant-dans-un-ravin","status":"publish","type":"post","link":"https:\/\/www.europesays.com\/fr\/215405\/","title":{"rendered":"un jeune automobiliste meurt en tombant dans un ravin"},"content":{"rendered":"<p>Sur la route de la Gineste entre Marseille et Cassis, connue pour \u00eatre tr\u00e8s sinueuse, une voiture a manqu\u00e9 un virage et est tomb\u00e9e dans le ravin en contrebas. Le conducteur \u00e2g\u00e9 d\u2019une vingtaine d\u2019ann\u00e9es est d\u00e9c\u00e9d\u00e9, un de ses passagers du m\u00eame \u00e2ge a \u00e9t\u00e9 gri\u00e8vement bless\u00e9.<\/p>\n<p class=\"fig-paragraph\">Tragique\u00a0<a href=\"http:\/\/www.lefigaro.fr\/conjoncture\/automobile-une-hausse-inquietante-des-victimes-d-accidents-provoques-par-des-conducteurs-sans-assurance-20250628\" data-fig-type=\"NewsFlash\" data-gtm-custom-categorie=\"navigation\" data-gtm-custom-action=\"crossclick\" data-gtm-custom-label=\"Contextuel\" data-gtm-event=\"customEventSPE\" data-fig-domain=\"LEFIGARO\" target=\"_blank\" rel=\"noopener\">accident\u00a0<\/a>ce lundi \u00e0 l\u2019aube sur la route de la Gineste, entre Marseille et\u00a0<a href=\"http:\/\/www.lefigaro.fr\/gastronomie\/de-la-table-provencale-a-la-plus-napolitaine-nos-cinq-restaurants-coups-de-coeur-a-cassis-20250620\" data-fig-type=\"Article\" data-gtm-custom-categorie=\"navigation\" data-gtm-custom-action=\"crossclick\" data-gtm-custom-label=\"Contextuel\" data-gtm-event=\"customEventSPE\" data-fig-domain=\"LEFIGARO\" target=\"_blank\" rel=\"noopener\">Cassis<\/a>. Les marins-pompiers de Marseille ont \u00e9t\u00e9 appel\u00e9s \u00e0 6h37 pour une sortie de route sur le premier virage de cette route r\u00e9put\u00e9e sinueuse, \u00e0 la sortie du quartier de Vaufr\u00e8ges dans le 9e arrondissement de Marseille, a appris Le Figaro aupr\u00e8s des soldats du feu de la cit\u00e9 phoc\u00e9enne. La voiture \u00e9tait seule sur la chauss\u00e9e, avec \u00e0 son bord trois jeunes hommes \u00e2g\u00e9s d\u2019une vingtaine d\u2019ann\u00e9es.<\/p>\n<p>Deux passagers bless\u00e9s dont un gri\u00e8vement<\/p>\n<p class=\"fig-paragraph\">Le v\u00e9hicule a \u00e9t\u00e9 retrouv\u00e9 dans le ravin en contrebas \u00e0 une vingtaine de m\u00e8tres. Le conducteur est d\u00e9c\u00e9d\u00e9. Un des passagers a \u00e9t\u00e9 transport\u00e9 \u00e0 l\u2019h\u00f4pital en urgence absolue. Le troisi\u00e8me passager souffre de blessures plus l\u00e9g\u00e8res et a \u00e9galement \u00e9t\u00e9 hospitalis\u00e9.<\/p>\n<p class=\"fig-paragraph\">La semaine derni\u00e8re, dans des circonstances similaires, quatre automobilistes d\u2019une m\u00eame voiture avaient \u00e9t\u00e9 bless\u00e9s apr\u00e8s une chute dans un\u00a0<a href=\"http:\/\/www.lefigaro.fr\/marseille\/bouches-du-rhone-quatre-automobilistes-blesses-apres-une-chute-dans-un-ravin-a-cassis-20250625\" data-fig-type=\"NewsFlash\" data-gtm-custom-categorie=\"navigation\" data-gtm-custom-action=\"crossclick\" data-gtm-custom-label=\"Contextuel\" data-gtm-event=\"customEventSPE\" data-fig-domain=\"LEFIGARO\" target=\"_blank\" rel=\"noopener\">ravin\u00a0<\/a>sur la route de la Gineste, mais cette fois au niveau de Cassis. Les victimes \u00e9taient \u00e9galement \u00e2g\u00e9es de 18 \u00e0 21 ans.<\/p>\n","protected":false},"excerpt":{"rendered":"Sur la route de la Gineste entre Marseille et Cassis, connue pour \u00eatre tr\u00e8s sinueuse, une voiture a&hellip;\n","protected":false},"author":2,"featured_media":215406,"comment_status":"","ping_status":"","sticky":false,"template":"","format":"standard","meta":{"footnotes":""},"categories":[2814],"tags":[4376,1111,11,885,1182,1180,1181,1777,674,1011,27,1184,1185,884,12,1177,1176,149,1186,882,25,1178,1183,1179],"class_list":{"0":"post-215405","1":"post","2":"type-post","3":"status-publish","4":"format-standard","5":"has-post-thumbnail","7":"category-marseille","8":"tag-accident-de-la-route","9":"tag-actu","10":"tag-actualites","11":"tag-bouches-du-rhone","12":"tag-calanques","13":"tag-canebiere","14":"tag-cite-phoceenne","15":"tag-eu","16":"tag-europe","17":"tag-fr","18":"tag-france","19":"tag-la-timone","20":"tag-les-baumettes-mediterranee","21":"tag-marseille","22":"tag-news","23":"tag-notre-dame-de-la-garde","24":"tag-olympique-de-marseille","25":"tag-om","26":"tag-provence","27":"tag-provence-alpes-cote-dazur","28":"tag-republique-francaise","29":"tag-saint-charles","30":"tag-sormiou","31":"tag-vieux-port"},"share_on_mastodon":{"url":"https:\/\/pubeurope.com\/@fr\/114771776295149547","error":""},"_links":{"self":[{"href":"https:\/\/www.europesays.com\/fr\/wp-json\/wp\/v2\/posts\/215405","targetHints":{"allow":["GET"]}}],"collection":[{"href":"https:\/\/www.europesays.com\/fr\/wp-json\/wp\/v2\/posts"}],"about":[{"href":"https:\/\/www.europesays.com\/fr\/wp-json\/wp\/v2\/types\/post"}],"author":[{"embeddable":true,"href":"https:\/\/www.europesays.com\/fr\/wp-json\/wp\/v2\/users\/2"}],"replies":[{"embeddable":true,"href":"https:\/\/www.europesays.com\/fr\/wp-json\/wp\/v2\/comments?post=215405"}],"version-history":[{"count":0,"href":"https:\/\/www.europesays.com\/fr\/wp-json\/wp\/v2\/posts\/215405\/revisions"}],"wp:featuredmedia":[{"embeddable":true,"href":"https:\/\/www.europesays.com\/fr\/wp-json\/wp\/v2\/media\/215406"}],"wp:attachment":[{"href":"https:\/\/www.europesays.com\/fr\/wp-json\/wp\/v2\/media?parent=215405"}],"wp:term":[{"taxonomy":"category","embeddable":true,"href":"https:\/\/www.europesays.com\/fr\/wp-json\/wp\/v2\/categories?post=215405"},{"taxonomy":"post_tag","embeddable":true,"href":"https:\/\/www.europesays.com\/fr\/wp-json\/wp\/v2\/tags?post=215405"}],"curies":[{"name":"wp","href":"https:\/\/api.w.org\/{rel}","templated":true}]}}