{"id":215407,"date":"2025-06-30T10:11:11","date_gmt":"2025-06-30T10:11:11","guid":{"rendered":"https:\/\/www.europesays.com\/fr\/215407\/"},"modified":"2025-06-30T10:11:11","modified_gmt":"2025-06-30T10:11:11","slug":"metropole-de-lyon-pour-le-syndicat-des-retraites-cfdt-du-rhone-il-faut-aller-plus-loin-dans-la-lutte-contre-les-pfas","status":"publish","type":"post","link":"https:\/\/www.europesays.com\/fr\/215407\/","title":{"rendered":"M\u00e9tropole de Lyon. Pour le syndicat des retrait\u00e9s CFDT du Rh\u00f4ne, \u00ab\u00a0il faut aller plus loin dans la lutte contre les Pfas\u00a0\u00bb"},"content":{"rendered":"<p>Dans un communiqu\u00e9 adress\u00e9\u00a0au Progr\u00e8s, le syndicat des retrait\u00e9s CFDT du Rh\u00f4ne affirme \u00ab\u00a0qu\u2019il faut aller plus loin dans les restrictions et trouver des alternatives \u00e0 ces Pfas \u00bb avant d\u2019en appeler \u00e0 des d\u00e9marches volontaristes de l\u2019Etat et des industriels pour arr\u00eater les rejets dans la nature de ses substances au sujet desquelles \u00ab\u00a0les premi\u00e8res alertes ne datent pas d\u2019hier\u00a0\u00bb.<\/p>\n<p>  \u00ab\u00a0Une responsabilit\u00e9\u00a0\u00bb<\/p>\n<p>\u00ab\u00a0Une responsabilit\u00e9 vis-\u00e0-vis de nos adh\u00e9rents\u00a0\u00bb, pr\u00e9cise le syndicat.<\/p>\n<p>\u00ab\u00a0Les citoyens ont besoin d\u2019\u00eatre mieux inform\u00e9s, mieux prot\u00e9g\u00e9s, mieux indemnis\u00e9s. Cela suppose des contr\u00f4les, analyses, enqu\u00eates pour mesurer le degr\u00e9 de pollution dans l\u2019air, l\u2019eau, la terre, ainsi que des moyens pour les <a href=\"https:\/\/www.leprogres.fr\/environnement\/2025\/06\/08\/pollution-aux-pfas-l-institut-eco-citoyen-du-rhone-sur-le-point-de-voir-le-jour\" target=\"_blank\" rel=\"noopener\"> organismes charg\u00e9s de ces op\u00e9rations<\/a>. Cela suppose aussi d\u2019appliquer avec rigueur la loi pollueur-payeur lorsque les entreprises sont clairement identifi\u00e9es comme responsables d\u2019une pollution. Dans les autres cas, o\u00f9 l\u2019intervention financi\u00e8re de l\u2018\u00c9tat est incontournable. <a href=\"https:\/\/www.leprogres.fr\/environnement\/2025\/04\/09\/pollution-aux-pfas-nouveau-revers-pour-le-projet-d-etude-perle\" target=\"_blank\" rel=\"noopener\">Les collectivit\u00e9s<\/a> et les agences d\u00e9partementales ne peuvent ni ne doivent assumer seules les cons\u00e9quences de cette pollution.\u00a0\u00bb<\/p>\n","protected":false},"excerpt":{"rendered":"Dans un communiqu\u00e9 adress\u00e9\u00a0au Progr\u00e8s, le syndicat des retrait\u00e9s CFDT du Rh\u00f4ne affirme \u00ab\u00a0qu\u2019il faut aller plus loin&hellip;\n","protected":false},"author":2,"featured_media":215408,"comment_status":"","ping_status":"","sticky":false,"template":"","format":"standard","meta":{"footnotes":""},"categories":[1889],"tags":[1111,11,2430,2757,436,1777,674,1011,27,2428,2756,12,1800,25,2429],"class_list":{"0":"post-215407","1":"post","2":"type-post","3":"status-publish","4":"format-standard","5":"has-post-thumbnail","7":"category-lyon","8":"tag-actu","9":"tag-actualites","10":"tag-auvergne-rhone-alpes","11":"tag-edition-lyon-villeurbanne","12":"tag-environnement","13":"tag-eu","14":"tag-europe","15":"tag-fr","16":"tag-france","17":"tag-lyon","18":"tag-lyon-bassin","19":"tag-news","20":"tag-pollution","21":"tag-republique-francaise","22":"tag-rhone"},"share_on_mastodon":{"url":"https:\/\/pubeurope.com\/@fr\/114771780237742302","error":""},"_links":{"self":[{"href":"https:\/\/www.europesays.com\/fr\/wp-json\/wp\/v2\/posts\/215407","targetHints":{"allow":["GET"]}}],"collection":[{"href":"https:\/\/www.europesays.com\/fr\/wp-json\/wp\/v2\/posts"}],"about":[{"href":"https:\/\/www.europesays.com\/fr\/wp-json\/wp\/v2\/types\/post"}],"author":[{"embeddable":true,"href":"https:\/\/www.europesays.com\/fr\/wp-json\/wp\/v2\/users\/2"}],"replies":[{"embeddable":true,"href":"https:\/\/www.europesays.com\/fr\/wp-json\/wp\/v2\/comments?post=215407"}],"version-history":[{"count":0,"href":"https:\/\/www.europesays.com\/fr\/wp-json\/wp\/v2\/posts\/215407\/revisions"}],"wp:featuredmedia":[{"embeddable":true,"href":"https:\/\/www.europesays.com\/fr\/wp-json\/wp\/v2\/media\/215408"}],"wp:attachment":[{"href":"https:\/\/www.europesays.com\/fr\/wp-json\/wp\/v2\/media?parent=215407"}],"wp:term":[{"taxonomy":"category","embeddable":true,"href":"https:\/\/www.europesays.com\/fr\/wp-json\/wp\/v2\/categories?post=215407"},{"taxonomy":"post_tag","embeddable":true,"href":"https:\/\/www.europesays.com\/fr\/wp-json\/wp\/v2\/tags?post=215407"}],"curies":[{"name":"wp","href":"https:\/\/api.w.org\/{rel}","templated":true}]}}