{"id":215442,"date":"2025-06-30T10:32:14","date_gmt":"2025-06-30T10:32:14","guid":{"rendered":"https:\/\/www.europesays.com\/fr\/215442\/"},"modified":"2025-06-30T10:32:14","modified_gmt":"2025-06-30T10:32:14","slug":"le-monde-du-golf-agite-par-lintegrite-de-lun-de-ses-espoirs","status":"publish","type":"post","link":"https:\/\/www.europesays.com\/fr\/215442\/","title":{"rendered":"Le monde du golf agit\u00e9 par l\u2019int\u00e9grit\u00e9 de l\u2019un de ses espoirs"},"content":{"rendered":"<p>\t\t\t\t\t\t<img width=\"770\" height=\"556\" src=\"https:\/\/www.europesays.com\/fr\/wp-content\/uploads\/2025\/06\/afp__20250621__2220214133__v3__highres__bluecrossandblueshieldofkansaswichitaopen202-770x556.jpg\" class=\"img-responsive wp-post-image\" alt=\"Photo by William Purnell \/ GETTY IMAGES NORTH AMERICA \/ Getty Images via AFP\" decoding=\"async\" fetchpriority=\"high\"  \/>\t\t\t\t\t<\/p>\n<p>\t\t\t\t\t\t Partager cet article <\/p>\n<p class=\"screen-reader-text juiz_sps_maybe_hidden_text\">Partager la publication \u00ab\u00a0Le monde du golf agit\u00e9 par l\u2019int\u00e9grit\u00e9 de l\u2019un de ses espoirs\u00a0\u00bb<\/p>\n<p><strong>Cole Hammer a entra\u00een\u00e9 sa disqualification et celle d\u2019un autre joueur au Memorial Health Championship apr\u00e8s avoir signal\u00e9 un \u00e9change d\u2019informations avec son caddie sur son choix de club, g\u00e9n\u00e9rant un d\u00e9bat sur les pratiques courantes sur les circuits professionnels.<\/strong><\/p>\n<p>\u00a0<\/p>\n<p>L\u2019histoire de <strong>Cole Hammer<\/strong> au <strong>Memorial Health Championship<\/strong> rappelle que la fronti\u00e8re entre convivialit\u00e9 et infraction peut \u00eatre t\u00e9nue, mais que le respect des r\u00e8gles reste la pierre angulaire du golf professionnel.<\/p>\n<p>\u00a0<\/p>\n<p>Entre le marteau et l\u2019enclume\u00a0<\/p>\n<p>Jeudi, lors du premier tour, l\u2019ancien num\u00e9ro un mondial amateur a tap\u00e9 un fer 4 sur le par 3 du 17 de <strong>Panther Creek<\/strong>. En repartant vers son sac, il a vu <strong>Nico Torres<\/strong>, le caddie de <strong>Nelson Ledesma<\/strong>, lever quatre doigts. Par r\u00e9flexe, Cole Hammer (qui signifie marteau en Anglais) a fait de m\u00eame, confirmant le club utilis\u00e9.<\/p>\n<p>Ce simple geste, pourtant anodin pour beaucoup sur les circuits professionnels, constitue une violation de <a href=\"https:\/\/www.randa.org\/fr-FR\/rog\/the-rules-of-golf\/rule-10\" target=\"_blank\" rel=\"noopener nofollow\">la r\u00e8gle 10.2a<\/a>, qui interdit aux joueurs d\u2019\u00e9changer des conseils, y compris sur le choix des clubs, sauf avec leur propre caddie. D\u2019autres informations comme <a href=\"https:\/\/www.golfplanete.com\/le-fil-golf-planete\/mon-partenaire-de-jeu-peut-il-mindiquer-le-sens-du-vent-ou-de-la-pente-du-green\/#:~:text=Le%20sens%20du%20vent%2C%20la,soient%20(drapeau%2C%20obstacle)\" rel=\"nofollow noopener\" target=\"_blank\">le sens du vent ou la pente du green<\/a> ne peuvent pas non plus \u00eatre partag\u00e9es entre comp\u00e9titeurs, sous peine de sanction. La p\u00e9nalit\u00e9 encourue est de deux coups en stroke play.<\/p>\n<p>\t\t\t\t\t<a id=\"174716\" href=\"https:\/\/www.golf-consulting.fr\/\" target=\"_blank\" rel=\"sponsorised nofollow noopener\"><img decoding=\"async\" src=\"data:image\/svg+xml,%3Csvg%20xmlns=\" http:=\"\" class=\"img-responsive\" alt=\"\" data-lazy-src=\"https:\/\/www.europesays.com\/fr\/wp-content\/uploads\/2025\/06\/golfconsulting-e01-proam-barnes-25-1170x275-1.jpg\"\/><\/a><\/p>\n<blockquote><p>\nLorsque je me suis r\u00e9veill\u00e9, je me suis senti oblig\u00e9 d\u2019aller dire \u00e0 l\u2019arbitre ce qui s\u2019\u00e9tait pass\u00e9.\n<\/p><\/blockquote>\n<p>Apr\u00e8s r\u00e9flexion, Cole Hammer n\u2019a pas pu ignorer l\u2019incident : \u00ab J\u2019ai l\u2019impression de bien conna\u00eetre les r\u00e8gles et j\u2019ai toujours essay\u00e9 de les respecter au mieux de mes capacit\u00e9s. Cela ne m\u2019a pas sembl\u00e9 correct hier soir, et lorsque je me suis r\u00e9veill\u00e9, je me suis senti oblig\u00e9 d\u2019aller dire \u00e0 l\u2019arbitre ce qui s\u2019\u00e9tait pass\u00e9 \u00bb, a expliqu\u00e9 celui qui n\u2019avait alors franchi le cut que dans 5 des 15 tournois du <strong>Korn Ferry Tour <\/strong>qu\u2019il a disput\u00e9s cette ann\u00e9e.<\/p>\n<p>Cole Hammer et Nelson Ledesma ont alors \u00e9t\u00e9 disqualifi\u00e9s pour avoir sign\u00e9 des <a href=\"https:\/\/www.golfplanete.com\/le-fil-golf-planete\/que-se-passe-t-il-si-vous-signez-une-carte-erronee-en-competition\/\" rel=\"nofollow noopener\" target=\"_blank\">cartes de score incorrectes<\/a>.<\/p>\n<p>\u00a0<\/p>\n<p>Une temp\u00eate m\u00e9diatique<\/p>\n<p>\u00ab Je me sens beaucoup mieux maintenant que j\u2019ai au moins r\u00e9ussi \u00e0 m\u2019exprimer, car cela me pesait, a ajout\u00e9 Cole Hammer, 25 ans, qui pensait \u00eatre le seul \u00e0 risquer d\u2019\u00eatre disqualifi\u00e9. C\u2019est simplement malheureux que cela ait provoqu\u00e9 une petite temp\u00eate autour du tournoi. \u00bb Et ce alors que Nelson Ledesma a accept\u00e9 sa disqualification : \u00ab La d\u00e9cision prise est la bonne, conform\u00e9ment aux r\u00e8gles. Je ne peux rien faire d\u2019autre que de l\u2019accepter \u00bb, a-t-il d\u00e9clar\u00e9.<\/p>\n<p>Le partage des informations sur les clubs avait fait la une des journaux lors du <strong>Masters<\/strong> de 2023 lorsque <strong>Brooks Koepka<\/strong> avait apparemment montr\u00e9 ses cinq doigts \u00e0 son partenaire de jeu, <strong>Gary Woodland<\/strong>. Les cam\u00e9ras ont \u00e9galement montr\u00e9 son caddie en train de prononcer le mot \u00ab five \u00bb \u00e0 l\u2019intention du joueur et de son caddie.<\/p>\n<p>\t\t\t\t\t<a id=\"174987\" href=\"https:\/\/www.sudfrancegolf.com\/fr\/\" target=\"_blank\" rel=\"sponsorised nofollow noopener\"><img decoding=\"async\" src=\"data:image\/svg+xml,%3Csvg%20xmlns=\" http:=\"\" class=\"img-responsive\" alt=\"\" data-lazy-src=\"https:\/\/www.europesays.com\/fr\/wp-content\/uploads\/2025\/06\/giesudfrancegolf-e02-egolf-pass-2025-v2-1170x275-1.gif\"\/><\/a><\/p>\n<p><strong>Paul McGinley<\/strong>, ancien capitaine europ\u00e9en de <strong>Ryder Cup<\/strong>, avait affirm\u00e9 que ce type d\u2019\u00e9change est une \u00ab pratique courante \u00bb sur les circuits professionnels.\u00a0<\/p>\n<p>\u00a0<\/p>\n<p>Photo\u00a0: William Purnell \/ Getty Images via AFP<\/p>\n","protected":false},"excerpt":{"rendered":"Partager cet article Partager la publication \u00ab\u00a0Le monde du golf agit\u00e9 par l\u2019int\u00e9grit\u00e9 de l\u2019un de ses espoirs\u00a0\u00bb&hellip;\n","protected":false},"author":2,"featured_media":215443,"comment_status":"","ping_status":"","sticky":false,"template":"","format":"standard","meta":{"footnotes":""},"categories":[1418],"tags":[1011,27,1472,60],"class_list":{"0":"post-215442","1":"post","2":"type-post","3":"status-publish","4":"format-standard","5":"has-post-thumbnail","7":"category-golf","8":"tag-fr","9":"tag-france","10":"tag-golf","11":"tag-sports"},"share_on_mastodon":{"url":"https:\/\/pubeurope.com\/@fr\/114771862869107638","error":""},"_links":{"self":[{"href":"https:\/\/www.europesays.com\/fr\/wp-json\/wp\/v2\/posts\/215442","targetHints":{"allow":["GET"]}}],"collection":[{"href":"https:\/\/www.europesays.com\/fr\/wp-json\/wp\/v2\/posts"}],"about":[{"href":"https:\/\/www.europesays.com\/fr\/wp-json\/wp\/v2\/types\/post"}],"author":[{"embeddable":true,"href":"https:\/\/www.europesays.com\/fr\/wp-json\/wp\/v2\/users\/2"}],"replies":[{"embeddable":true,"href":"https:\/\/www.europesays.com\/fr\/wp-json\/wp\/v2\/comments?post=215442"}],"version-history":[{"count":0,"href":"https:\/\/www.europesays.com\/fr\/wp-json\/wp\/v2\/posts\/215442\/revisions"}],"wp:featuredmedia":[{"embeddable":true,"href":"https:\/\/www.europesays.com\/fr\/wp-json\/wp\/v2\/media\/215443"}],"wp:attachment":[{"href":"https:\/\/www.europesays.com\/fr\/wp-json\/wp\/v2\/media?parent=215442"}],"wp:term":[{"taxonomy":"category","embeddable":true,"href":"https:\/\/www.europesays.com\/fr\/wp-json\/wp\/v2\/categories?post=215442"},{"taxonomy":"post_tag","embeddable":true,"href":"https:\/\/www.europesays.com\/fr\/wp-json\/wp\/v2\/tags?post=215442"}],"curies":[{"name":"wp","href":"https:\/\/api.w.org\/{rel}","templated":true}]}}