{"id":215444,"date":"2025-06-30T10:34:11","date_gmt":"2025-06-30T10:34:11","guid":{"rendered":"https:\/\/www.europesays.com\/fr\/215444\/"},"modified":"2025-06-30T10:34:11","modified_gmt":"2025-06-30T10:34:11","slug":"top-14-nicolas-mas-se-met-une-pression-positive-avant-ses-premiers-pas-dans-lencadrement-de-lusap","status":"publish","type":"post","link":"https:\/\/www.europesays.com\/fr\/215444\/","title":{"rendered":"Top 14\u00a0: Nicolas Mas se met \u00ab\u00a0une pression positive\u00a0\u00bb avant ses premiers pas dans l\u2019encadrement de l\u2019USAP"},"content":{"rendered":"<p>\n                                                                Douze ans apr\u00e8s son d\u00e9part de l\u2019USAP, Nicolas Mas revient dans son club de c\u0153ur pour lui apporter sa science de la m\u00eal\u00e9e et du jeu d\u2019avants. Un d\u00e9fi qu\u2019il s\u2019appr\u00eate \u00e0 relever avec envie et humilit\u00e9.\n                            <\/p>\n<p>Nicolas Mas de retour\u00a0! Lorsque l\u2019USAP reprendra le chemin de l\u2019entra\u00eenement, le 16\u00a0juillet prochain, l\u2019une des nouvelles t\u00eates de l\u2019encadrement catalan ne sera pas inconnue des supporters usapistes. Nicolas Mas, capitaine des champions de France 2009, surnomm\u00e9 \u00ab\u00a0le Bus\u00a0\u00bb, succ\u00e9dera \u00e0 Perry Freshwater, qui \u00e9tait son comp\u00e8re de la premi\u00e8re ligne en finale face \u00e0 Clermont, au Stade de France. Le droitier succ\u00e9dera \u00e0 son ancien co\u00e9quipier gaucher d\u2019origine n\u00e9o-z\u00e9landaise, en partance pour le Stade Fran\u00e7ais.<\/p>\n<p>Lorsque la nouvelle fut officialis\u00e9e par le club, le 3\u00a0avril dernier, l\u2019enthousiasme succ\u00e9da rapidement \u00e0 la surprise. On ne s\u2019attendait pas forc\u00e9ment au retour du pilier le plus s\u00e9lectionn\u00e9 en \u00e9quipe de France (85). Mais lorsqu\u2019il fallut songer \u00e0 remplacer Freshwater, Franck Az\u00e9ma et David Marty ont sond\u00e9 l\u2019ancien droitier de la m\u00eal\u00e9e catalane. \u00ab\u00a0Franck et David sont venus me voir, raconte celui qui ne voulait pas commenter sa d\u00e9cision avant le d\u00e9nouement de la saison 2024-25. Ils m\u2019ont expliqu\u00e9 ce qu\u2019ils voulaient, ce qu\u2019ils attendaient de moi. Et ce qu\u2019ils m\u2019ont dit m\u2019a fait r\u00e9fl\u00e9chir. Je n\u2019\u00e9tais pas pr\u00e9par\u00e9 \u00e0 une telle id\u00e9e. Pour moi, revenir dans le rugby, \u00e0 ce poste-l\u00e0, \u00e9tait loin de mes pens\u00e9es. Alors, j\u2019ai fait comme j\u2019ai toujours fait. J\u2019en ai parl\u00e9 avec Marjory, ma femme, car c\u2019est elle qui allait \u00eatre la premi\u00e8re impact\u00e9e par la d\u00e9cision. Elle m\u2019a soutenu.\u00a0\u00bb Le traumatisme de son d\u00e9part de l\u2019USAP \u00e9vacu\u00e9 \u2013 \u00ab\u00a0\u00c7a ne s\u2019est pas pass\u00e9 comme je le souhaitais, mais j\u2019ai pass\u00e9 l\u2019\u00e9ponge\u00a0\u00bb dit-il sobrement \u2013 il \u00e9tait pr\u00eat \u00e0 relever ce nouveau challenge, \u00ab\u00a0\u00e0 150\u00a0%\u00a0!\u00a0\u00bb. \u00ab\u00a0Franck et David sont des gars que j\u2019aime beaucoup, poursuit-il. J\u2019ai pass\u00e9 de belles ann\u00e9es \u00e0 leur c\u00f4t\u00e9.\u00a0\u00bb<\/p>\n<p>Il avait impressionn\u00e9 Fabien Galthi\u00e9<\/p>\n<p>Il va d\u00e9marrer une nouvelle carri\u00e8re, adjoint du nouveau responsable des avants de l\u2019USAP, Mathieu Cidre, qui arrive de Vannes cet \u00e9t\u00e9. Un duo in\u00e9dit, qui se conna\u00eet peu. \u00ab\u00a0Mathieu a un an de moins que moi, explique Mas. On s\u2019est parl\u00e9 au t\u00e9l\u00e9phone lorsque j\u2019ai accept\u00e9 la proposition du club. On a jou\u00e9 l\u2019un face \u00e0 l\u2019autre chez les juniors, lui \u00ab\u00a0talon\u00a0\u00bb (talonneur) \u00e0 B\u00e9ziers, moi pilier \u00e0 l\u2019USAP. On s\u2019est bien entendu. Il faut que l\u2019on soit sur la m\u00eame longueur d\u2019onde. Pour r\u00e9ussir dans le rugby, il faut \u00eatre collectif\u2026 et connect\u00e9s.\u00a0\u00bb<\/p>\n<p>M\u00eame s\u2019il s\u2019\u00e9tait fait discret ces derni\u00e8res ann\u00e9es, Nicolas Mas n\u2019a jamais coup\u00e9 avec son sport. Discret, un brin taiseux, il r\u00e9pondait peu aux sollicitations, se contentait d\u2019aller voir\u00a0jouer ses fils (Paul vient d\u2019arr\u00eater tandis que Louis joue pour les Crabos de l\u2019USAP), ou de donner un coup de main au staff d\u2019Argel\u00e8s, son club formateur. Ce qui ne l\u2019emp\u00eachait pas de suivre l\u2019\u00e9volution du rugby, et notamment, celle du jeu des avants. Lorsqu\u2019il \u00e9tait entra\u00eeneur de Montpellier (2010-14), Fabien Galthi\u00e9 l\u2019avait eu dans son effectif une saison durant (2013-14). Il l\u2019avait surnomm\u00e9 \u00ab\u00a0chercheur en m\u00eal\u00e9e\u00a0\u00bb, et s\u2019\u00e9tait montr\u00e9 surpris par l\u2019investissement de son pilier droit aux entra\u00eenements et dans les discussions techniques.\u00a0\u00ab\u00a0Une chose m\u2019a marqu\u00e9 avec Nicolas, racontait alors l\u2019actuel entra\u00eeneur du XV de France.\u00a0C\u2019est\u00a0sa fa\u00e7on de penser, toujours positive, malgr\u00e9 les gal\u00e8res qu\u2019il a connues. Lorsque les r\u00e8gles de la m\u00eal\u00e9e ont chang\u00e9, il n\u2019\u00e9tait pas tr\u00e8s heureux que l\u2019on r\u00e9duise l\u2019impact \u00e0 l\u2019entr\u00e9e, mais il n\u2019est pas rest\u00e9 l\u00e0-dessus. \u00c0 force de recherche et de travail, notamment avec son mentor Didier Sanchez, il a r\u00e9ussi \u00e0 trouver des solutions et poursuivi sa long\u00e9vit\u00e9 au plus haut niveau.\u00a0\u00bb<\/p>\n<p>\u00c0 l\u2019\u00e9vocation de ce souvenir, Nicolas Mas sourit. \u00ab\u00a0C\u2019est vrai que j\u2019ai toujours aim\u00e9 trouver quelque chose pour ne pas \u00eatre domin\u00e9 en m\u00eal\u00e9e ferm\u00e9e, acquiesce-t-il. La m\u00eal\u00e9e est un exercice tr\u00e8s compliqu\u00e9, o\u00f9 tout est remis en question \u00e0 chaque fois. J\u2019ai quelques id\u00e9es sur ce que je veux mettre en place\u2026\u00a0\u00bb Il a appr\u00e9ci\u00e9 l\u2019issue du match \u00e0 Grenoble, o\u00f9 la derni\u00e8re p\u00e9nalit\u00e9 qui maintenait l\u2019USAP en Top 14 fut r\u00e9ussie suite \u00e0 une m\u00eal\u00e9e gagnante. \u00ab\u00a0L\u2019essentiel a \u00e9t\u00e9 assur\u00e9, apr\u00e8s une partie suffocante\u00a0!\u00a0\u00bb<\/p>\n<p>En attendant le 16\u00a0juillet, Nicolas Mas s\u2019est mis en disponibilit\u00e9 de son travail de m\u00e9canicien chez Prestige Auto. \u00ab\u00a0Je dois remercier Laure Najar et Francis, mon chef d\u2019atelier, pour leur compr\u00e9hension.\u00a0\u00bb\u00a0L\u2019esprit lib\u00e9r\u00e9, il peut d\u00e9sormais relever le d\u00e9fi qui occupera ses deux prochaines ann\u00e9es\u00a0: \u00ab\u00a0Poursuivre le travail de Perry (Freshwater). Je me mets une pression, positive\u2026\u00a0\u00bb Franck Az\u00e9ma l\u2019a bien pr\u00e9venu\u00a0: \u00ab\u00a0Tu vas beaucoup moins bien dormir maintenant\u2026\u00a0\u00bb<\/p>\n","protected":false},"excerpt":{"rendered":"Douze ans apr\u00e8s son d\u00e9part de l\u2019USAP, Nicolas Mas revient dans son club de c\u0153ur pour lui apporter&hellip;\n","protected":false},"author":2,"featured_media":215445,"comment_status":"","ping_status":"","sticky":false,"template":"","format":"standard","meta":{"footnotes":""},"categories":[1416],"tags":[1011,27,479,1468,60],"class_list":{"0":"post-215444","1":"post","2":"type-post","3":"status-publish","4":"format-standard","5":"has-post-thumbnail","7":"category-rugby","8":"tag-fr","9":"tag-france","10":"tag-rugby","11":"tag-rugby-football","12":"tag-sports"},"share_on_mastodon":{"url":"https:\/\/pubeurope.com\/@fr\/114771870707635790","error":""},"_links":{"self":[{"href":"https:\/\/www.europesays.com\/fr\/wp-json\/wp\/v2\/posts\/215444","targetHints":{"allow":["GET"]}}],"collection":[{"href":"https:\/\/www.europesays.com\/fr\/wp-json\/wp\/v2\/posts"}],"about":[{"href":"https:\/\/www.europesays.com\/fr\/wp-json\/wp\/v2\/types\/post"}],"author":[{"embeddable":true,"href":"https:\/\/www.europesays.com\/fr\/wp-json\/wp\/v2\/users\/2"}],"replies":[{"embeddable":true,"href":"https:\/\/www.europesays.com\/fr\/wp-json\/wp\/v2\/comments?post=215444"}],"version-history":[{"count":0,"href":"https:\/\/www.europesays.com\/fr\/wp-json\/wp\/v2\/posts\/215444\/revisions"}],"wp:featuredmedia":[{"embeddable":true,"href":"https:\/\/www.europesays.com\/fr\/wp-json\/wp\/v2\/media\/215445"}],"wp:attachment":[{"href":"https:\/\/www.europesays.com\/fr\/wp-json\/wp\/v2\/media?parent=215444"}],"wp:term":[{"taxonomy":"category","embeddable":true,"href":"https:\/\/www.europesays.com\/fr\/wp-json\/wp\/v2\/categories?post=215444"},{"taxonomy":"post_tag","embeddable":true,"href":"https:\/\/www.europesays.com\/fr\/wp-json\/wp\/v2\/tags?post=215444"}],"curies":[{"name":"wp","href":"https:\/\/api.w.org\/{rel}","templated":true}]}}