{"id":215447,"date":"2025-06-30T10:36:15","date_gmt":"2025-06-30T10:36:15","guid":{"rendered":"https:\/\/www.europesays.com\/fr\/215447\/"},"modified":"2025-06-30T10:36:15","modified_gmt":"2025-06-30T10:36:15","slug":"revanches-et-rivalites-ffbb","status":"publish","type":"post","link":"https:\/\/www.europesays.com\/fr\/215447\/","title":{"rendered":"Revanches et rivalit\u00e9s | FFBB"},"content":{"rendered":"<p>                            <img decoding=\"async\" class=\"img-fluid thumbnail__news\" src=\"https:\/\/www.europesays.com\/fr\/wp-content\/uploads\/2025\/06\/43ce34c9-f465-4f2f-8f71-46d73219fd36.jpg\" alt=\"Revanches et rivalit\u00e9s\"\/><\/p>\n<p>Franck Faug\u00e8re\/Presse Sports<\/p>\n<p>                                                        Les deux derniers quarts de finale de la Coupe de France se d\u00e9rouleront ce mardi 25 et ce mercredi 26 f\u00e9vrier. Au programme deux remakes de la r\u00e9cente Leader&rsquo;s cup. Monaco accueillera son grand rival de l&rsquo;ASVEL et le derby des Pays de la Loire entre Le Mans et Cholet se jouera \u00e0 Antar\u00e8s.<\/p>\n<p>A peine la fen\u00eatre internationale referm\u00e9e qu&rsquo;il faudra pour les joueurs de l&rsquo;ASVEL et de l&rsquo;AS Monaco repartir au combat. Pour leur quatri\u00e8me face-\u00e0-face de la saison (2v-1d pour Monaco), l&rsquo;ASVEL tentera de r\u00e9\u00e9quilibrer son bilan et montrer qu&rsquo;elle peut rivaliser avec son h\u00f4te du jour. Apr\u00e8s avoir manqu\u00e9 l&rsquo;occasion de remporter la Leader&rsquo;s Cup, Monaco partira le couteau entre les dents pour aller chercher un nouveau troph\u00e9e. L&rsquo;enjeu de ce match, une place dans le dernier carr\u00e9 de la comp\u00e9tition.<\/p>\n<p>Le Mans est-il la b\u00eate noire de Cholet ? Brillant en championnat (1er ex-aequo) le club des Mauges a pourtant d\u00e9j\u00e0 enregistr\u00e9 deux d\u00e9faites face \u00e0 son rival manceau. Une d\u00e9faite \u00e0 domicile en championnat le 27 d\u00e9cembre dernier (86-92) et plus r\u00e9cemment en quart de finale de la Leader&rsquo;s Cup (91-93). Une comp\u00e9tition brillamment remport\u00e9e par Le Mans. A domicile et sur sa belle dynamique normande, le MSB a bien l&rsquo;intention de r\u00e9aliser la passe de trois face une \u00e9quipe de Cholet qui sera pourtant tr\u00e8s revancharde.<\/p>\n<p><strong>Quarts de finale de la Coupe de France<\/strong><br \/>Mardi 25 f\u00e9vrier \u00e0 19h30<br \/>Monaco (Betclic Elite) &#8211; Lyon-Villeurbanne (Betclic Elite)\u00a0<\/p>\n<p>Mercredi 26 f\u00e9vrier \u00e0 20h00<br \/>Le Mans (Betclic Elite) &#8211; Cholet (Betclic Elite)<\/p>\n<p>D\u00e9j\u00e0 jou\u00e9s<br \/><strong>Paris (Betclic Elite) <\/strong>&#8211; Dijon (Betclic Elite) : <a href=\"https:\/\/coupedefrance.ffbb.com\/match\/808929-paris-dijon\" target=\"_blank\" rel=\"noopener\"><strong>93-78<\/strong><\/a><br \/>ASA Basket (Betclic Elite) &#8211; <strong>Bourg-en-Bresse (Betclic Elite)<\/strong> : <strong><a href=\"https:\/\/coupedefrance.ffbb.com\/match\/808930-alliance-sport-alsace-bourg-en-bresse\" target=\"_blank\" rel=\"noopener\">64-65<\/a><\/strong><\/p>\n<p>Le tirage au sort des demi-finales aura lieu le vendredi 28 f\u00e9vrier \u00e0 11h00 au si\u00e8ge de la FFBB \u00e0 Paris.<\/p>\n","protected":false},"excerpt":{"rendered":"Franck Faug\u00e8re\/Presse Sports Les deux derniers quarts de finale de la Coupe de France se d\u00e9rouleront ce mardi&hellip;\n","protected":false},"author":2,"featured_media":215448,"comment_status":"","ping_status":"","sticky":false,"template":"","format":"standard","meta":{"footnotes":""},"categories":[1414],"tags":[1465,1464,1011,27,60],"class_list":{"0":"post-215447","1":"post","2":"type-post","3":"status-publish","4":"format-standard","5":"has-post-thumbnail","7":"category-basket","8":"tag-basket","9":"tag-basketball","10":"tag-fr","11":"tag-france","12":"tag-sports"},"share_on_mastodon":{"url":"https:\/\/pubeurope.com\/@fr\/114771878539991309","error":""},"_links":{"self":[{"href":"https:\/\/www.europesays.com\/fr\/wp-json\/wp\/v2\/posts\/215447","targetHints":{"allow":["GET"]}}],"collection":[{"href":"https:\/\/www.europesays.com\/fr\/wp-json\/wp\/v2\/posts"}],"about":[{"href":"https:\/\/www.europesays.com\/fr\/wp-json\/wp\/v2\/types\/post"}],"author":[{"embeddable":true,"href":"https:\/\/www.europesays.com\/fr\/wp-json\/wp\/v2\/users\/2"}],"replies":[{"embeddable":true,"href":"https:\/\/www.europesays.com\/fr\/wp-json\/wp\/v2\/comments?post=215447"}],"version-history":[{"count":0,"href":"https:\/\/www.europesays.com\/fr\/wp-json\/wp\/v2\/posts\/215447\/revisions"}],"wp:featuredmedia":[{"embeddable":true,"href":"https:\/\/www.europesays.com\/fr\/wp-json\/wp\/v2\/media\/215448"}],"wp:attachment":[{"href":"https:\/\/www.europesays.com\/fr\/wp-json\/wp\/v2\/media?parent=215447"}],"wp:term":[{"taxonomy":"category","embeddable":true,"href":"https:\/\/www.europesays.com\/fr\/wp-json\/wp\/v2\/categories?post=215447"},{"taxonomy":"post_tag","embeddable":true,"href":"https:\/\/www.europesays.com\/fr\/wp-json\/wp\/v2\/tags?post=215447"}],"curies":[{"name":"wp","href":"https:\/\/api.w.org\/{rel}","templated":true}]}}