{"id":215457,"date":"2025-06-30T10:41:09","date_gmt":"2025-06-30T10:41:09","guid":{"rendered":"https:\/\/www.europesays.com\/fr\/215457\/"},"modified":"2025-06-30T10:41:09","modified_gmt":"2025-06-30T10:41:09","slug":"lex-patron-dorange-stephane-richard-fixe-sur-son-sort-ce-lundi","status":"publish","type":"post","link":"https:\/\/www.europesays.com\/fr\/215457\/","title":{"rendered":"l&rsquo;ex-patron d&rsquo;Orange St\u00e9phane Richard fix\u00e9 sur son sort ce lundi"},"content":{"rendered":"<p>En 2021, St\u00e9phane Richard s\u2019\u00e9tait vu infliger un an de prison avec sursis et 50.000 euros d\u2019amende pour complicit\u00e9 de d\u00e9tournement de fonds public.<\/p>\n<p class=\"fig-paragraph\">C&rsquo;est peut-\u00eatre le dernier ricochet judiciaire li\u00e9 \u00e0 l&rsquo;arbitrage Tapie\u00a0: la cour d&rsquo;appel de Paris se prononce ce lundi sur le sort de l&rsquo;ex-patron d&rsquo;Orange\u00a0<a href=\"http:\/\/www.lefigaro.fr\/conjoncture\/arbitrage-tapie-credit-lyonnais-la-cour-de-cassation-ordonne-un-nouveau-proces-pour-stephane-richard-et-jean-francois-rocchi-20230628\" target=\"_blank\" data-fig-type=\"NewsFlash\" rel=\"noopener\" data-gtm-custom-categorie=\"navigation\" data-gtm-custom-action=\"crossclick\" data-gtm-custom-label=\"Contextuel\" data-gtm-event=\"customEventSPE\" data-fig-domain=\"LEFIGARO\">St\u00e9phane Richard<\/a>, dans l&rsquo;affaire de la sentence controvers\u00e9e de 2008 entre\u00a0<a href=\"http:\/\/www.lefigaro.fr\/flash-actu\/la-veuve-de-bernard-tapie-devra-regler-sa-dette-de-plus-de-15-millions-d-euros-au-fisc-20240304\" target=\"_blank\" data-fig-type=\"NewsFlash\" rel=\"noopener\" data-gtm-custom-categorie=\"navigation\" data-gtm-custom-action=\"crossclick\" data-gtm-custom-label=\"Contextuel\" data-gtm-event=\"customEventSPE\" data-fig-domain=\"LEFIGARO\">Bernard Tapie<\/a>\u00a0et le Cr\u00e9dit Lyonnais. La d\u00e9cision doit \u00eatre rendue \u00e0 13h30, apr\u00e8s un report d&rsquo;une semaine li\u00e9 \u00e0 une panne d&rsquo;\u00e9lectricit\u00e9 ayant touch\u00e9 le palais de justice.<\/p>\n<p class=\"fig-paragraph\">Sa condamnation en novembre 2021 lui avait co\u00fbt\u00e9 son poste \u00e0 la t\u00eate de l&rsquo;op\u00e9rateur t\u00e9l\u00e9phonique historique\u00a0: aux c\u00f4t\u00e9s de trois autres pr\u00e9venus, St\u00e9phane Richard s&rsquo;\u00e9tait vu infliger un an de prison avec sursis et 50.000 euros d&rsquo;amende pour complicit\u00e9 de d\u00e9tournement de fonds publics. Mais en juin 2023, la Cour de cassation a partiellement annul\u00e9 la d\u00e9cision et ordonn\u00e9 un nouveau proc\u00e8s pour lui et pour le haut fonctionnaire Jean-Fran\u00e7ois Rocchi, ancien responsable du Consortium de R\u00e9alisation (CDR), entit\u00e9 charg\u00e9e de g\u00e9rer le passif du Cr\u00e9dit Lyonnais.<\/p>\n<p>\u00abFaire triompher\u00bb la \u00abpartie Tapie\u00bb<\/p>\n<p class=\"fig-paragraph\">St\u00e9phane Richard, 63 ans, est mis en cause car il \u00e9tait \u00e0 l&rsquo;\u00e9poque directeur de cabinet de la ministre de l&rsquo;\u00c9conomie, Christine Lagarde. Cette affaire d\u00e9coule du conflit qui avait oppos\u00e9 Bernard Tapie, d\u00e9c\u00e9d\u00e9 en 2021, et le\u00a0<a href=\"http:\/\/www.lefigaro.fr\/faits-divers\/yveline-l-ex-responsable-d-une-agence-du-credit-lyonnais-soupconne-d-une-escroquerie-a-6-millions-d-euros-20240605\" target=\"_blank\" data-fig-type=\"NewsFlash\" rel=\"noopener\" data-gtm-custom-categorie=\"navigation\" data-gtm-custom-action=\"crossclick\" data-gtm-custom-label=\"Contextuel\" data-gtm-event=\"customEventSPE\" data-fig-domain=\"LEFIGARO\">Cr\u00e9dit Lyonnais<\/a>, autour du rachat de l&rsquo;\u00e9quipementier allemand Adidas dans les ann\u00e9es 1990. Un arbitrage priv\u00e9 avait donn\u00e9 raison en 2008 \u00e0 Bernard Tapie et lui avait octroy\u00e9 plus de 400 millions d&rsquo;euros. Mais cette sentence controvers\u00e9e avait ensuite \u00e9t\u00e9 annul\u00e9e au civil pour \u00abfraude\u00bb en 2015, l&rsquo;ancien ministre \u00e9tant condamn\u00e9 \u00e0 rembourser.<\/p>\n<p class=\"fig-paragraph\">Six hommes, dont l&rsquo;ex-patron de l&rsquo;Olympique de Marseille, soup\u00e7onn\u00e9s d&rsquo;avoir \u00abtruqu\u00e9\u00bb l&rsquo;arbitrage, avaient \u00e9t\u00e9 jug\u00e9s mais relax\u00e9s en premi\u00e8re instance. En appel en 2021, la cour avait tranch\u00e9 en sens inverse, estimant que l&rsquo;arbitrage avait bien \u00e9t\u00e9 biais\u00e9 pour \u00abfaire triompher\u00bb la \u00abpartie Tapie\u00bb. Par la suite, la Cour de cassation a valid\u00e9 d\u00e9finitivement les condamnations pour\u00a0<a href=\"http:\/\/www.lefigaro.fr\/marseille\/marseille-un-magistrat-condamne-pour-escroquerie-au-paiement-de-peages-autoroutiers-20250618\" target=\"_blank\" data-fig-type=\"NewsFlash\" rel=\"noopener\" data-gtm-custom-categorie=\"navigation\" data-gtm-custom-action=\"crossclick\" data-gtm-custom-label=\"Contextuel\" data-gtm-event=\"customEventSPE\" data-fig-domain=\"LEFIGARO\">escroquerie\u00a0<\/a>de l&rsquo;avocat historique de Bernard Tapie, Maurice Lantourne, et de l&rsquo;un des trois arbitres qui avait r\u00e9dig\u00e9 la sentence, Pierre Estoup, ainsi que la relaxe d&rsquo;un fonctionnaire.<\/p>\n<p>Coupable de \u00abn\u00e9gligence\u00bb<\/p>\n<p class=\"fig-paragraph\">Concernant St\u00e9phane Richard et Jean-Fran\u00e7ois Rocchi, en revanche, la haute juridiction a relev\u00e9 qu&rsquo;ils ne pouvaient \u00eatre condamn\u00e9s pour complicit\u00e9 de\u00a0<a href=\"http:\/\/www.lefigaro.fr\/conjoncture\/en-hongrie-comment-la-banque-centrale-a-massivement-detourne-des-fonds-publics-20250527\" target=\"_blank\" data-fig-type=\"Article\" rel=\"noopener\" data-gtm-custom-categorie=\"navigation\" data-gtm-custom-action=\"crossclick\" data-gtm-custom-label=\"Contextuel\" data-gtm-event=\"customEventSPE\" data-fig-domain=\"LEFIGARO\">d\u00e9tournement de fonds publics<\/a>, dans la mesure o\u00f9 la cour d&rsquo;appel avait, dans sa d\u00e9cision, reconnu qu&rsquo;ils \u00abignoraient le caract\u00e8re frauduleux de l&rsquo;arbitrage\u00bb.<\/p>\n<p class=\"fig-paragraph\">Dans ce dossier \u00e0 tiroirs, Christine Lagarde avait \u00e9t\u00e9 reconnue coupable de \u00abn\u00e9gligence\u00bb mais dispens\u00e9e de peine en 2016 par la Cour de justice de la R\u00e9publique &#8211; seule habilit\u00e9e \u00e0 juger les ministres pour des faits commis en exercice. Le CDR a indiqu\u00e9 \u00e0 l&rsquo;AFP avoir recouvr\u00e9, \u00e0 la date de juin 2025, 246 millions d&rsquo;euros sur une dette totale qui s&rsquo;\u00e9levait, avec les int\u00e9r\u00eats et les frais de justice, \u00e0 700 millions en 2023.<\/p>\n","protected":false},"excerpt":{"rendered":"En 2021, St\u00e9phane Richard s\u2019\u00e9tait vu infliger un an de prison avec sursis et 50.000 euros d\u2019amende pour&hellip;\n","protected":false},"author":2,"featured_media":215458,"comment_status":"","ping_status":"","sticky":false,"template":"","format":"standard","meta":{"footnotes":""},"categories":[1359],"tags":[47,1058,1054,1059,1060,1055,1191,58,1057,59,118,1011,27,1061,303,973,1062,656,104,1056,35508,809],"class_list":{"0":"post-215457","1":"post","2":"type-post","3":"status-publish","4":"format-standard","5":"has-post-thumbnail","7":"category-people","8":"tag-actualite","9":"tag-actualite-education","10":"tag-actualite-france","11":"tag-actualite-justice","12":"tag-actualite-securite","13":"tag-actualite-societe","14":"tag-bernard-tapie","15":"tag-divertissement","16":"tag-education","17":"tag-entertainment","18":"tag-faits-divers","19":"tag-fr","20":"tag-france","21":"tag-immigration","22":"tag-justice","23":"tag-people","24":"tag-polemique","25":"tag-securite","26":"tag-societe","27":"tag-societe-francaise","28":"tag-stephane-richard","29":"tag-violence"},"share_on_mastodon":{"url":"https:\/\/pubeurope.com\/@fr\/114771898090817013","error":""},"_links":{"self":[{"href":"https:\/\/www.europesays.com\/fr\/wp-json\/wp\/v2\/posts\/215457","targetHints":{"allow":["GET"]}}],"collection":[{"href":"https:\/\/www.europesays.com\/fr\/wp-json\/wp\/v2\/posts"}],"about":[{"href":"https:\/\/www.europesays.com\/fr\/wp-json\/wp\/v2\/types\/post"}],"author":[{"embeddable":true,"href":"https:\/\/www.europesays.com\/fr\/wp-json\/wp\/v2\/users\/2"}],"replies":[{"embeddable":true,"href":"https:\/\/www.europesays.com\/fr\/wp-json\/wp\/v2\/comments?post=215457"}],"version-history":[{"count":0,"href":"https:\/\/www.europesays.com\/fr\/wp-json\/wp\/v2\/posts\/215457\/revisions"}],"wp:featuredmedia":[{"embeddable":true,"href":"https:\/\/www.europesays.com\/fr\/wp-json\/wp\/v2\/media\/215458"}],"wp:attachment":[{"href":"https:\/\/www.europesays.com\/fr\/wp-json\/wp\/v2\/media?parent=215457"}],"wp:term":[{"taxonomy":"category","embeddable":true,"href":"https:\/\/www.europesays.com\/fr\/wp-json\/wp\/v2\/categories?post=215457"},{"taxonomy":"post_tag","embeddable":true,"href":"https:\/\/www.europesays.com\/fr\/wp-json\/wp\/v2\/tags?post=215457"}],"curies":[{"name":"wp","href":"https:\/\/api.w.org\/{rel}","templated":true}]}}