{"id":215461,"date":"2025-06-30T10:43:08","date_gmt":"2025-06-30T10:43:08","guid":{"rendered":"https:\/\/www.europesays.com\/fr\/215461\/"},"modified":"2025-06-30T10:43:08","modified_gmt":"2025-06-30T10:43:08","slug":"une-responsable-part-lequipe-de-cette-librairie-du-centre-ville-de-cherbourg-evolue","status":"publish","type":"post","link":"https:\/\/www.europesays.com\/fr\/215461\/","title":{"rendered":"Une responsable part, l\u2019\u00e9quipe de cette librairie du centre-ville de Cherbourg \u00e9volue"},"content":{"rendered":"<p>            Par<br \/>\n        <strong><br \/>\n            <a href=\"https:\/\/actu.fr\/auteur\/redaction-pressemanche\" title=\"Consulter tous les articles de R\u00e9daction La Presse de la Manche\" rel=\"nofollow noopener\" target=\"_blank\">R\u00e9daction La Presse de la Manche<\/a><br \/>\n        <\/strong><\/p>\n<p>        Publi\u00e9 le<\/p>\n<p>            30 juin 2025 \u00e0 12h29        <\/p>\n<p><b>Petite f\u00eate<\/b>, dans la soir\u00e9e du <b>jeudi 26\u00a0juin 2025<\/b>, dans l\u2019arri\u00e8re-cour de la <a href=\"https:\/\/www.facebook.com\/people\/Librairie-Silo%C3%AB-Cotentin\/100057069804939\/\" rel=\"nofollow noopener\" target=\"_blank\">librairie religieuse Silo\u00eb<\/a> de la<b> rue Tour-Carr\u00e9e<\/b> \u00e0 <a href=\"https:\/\/actu.fr\/normandie\/cherbourg-en-cotentin_50129\" rel=\"nofollow noopener\" target=\"_blank\">Cherbourg <\/a>(Manche), pour marquer <b>le d\u00e9part pour Londres<\/b> d\u2019une des <b>deux responsables<\/b>.<\/p>\n<p class=\" wall-content\">Ma\u00eflys de la Grandrive <a href=\"https:\/\/actu.fr\/normandie\/cherbourg-en-cotentin_50129\/cherbourg-en-cotentin-cette-librairie-religieuse-du-centre-ville-a-trouve-sa-nouvelle-equipe_60271889.html\" rel=\"nofollow noopener\" target=\"_blank\">avait repris en octobre\u00a02023<\/a> avec Frances Thouailles les r\u00eanes de la librairie du r\u00e9seau Silo\u00eb, <b>ouverte en 1997<\/b> par Marie-Pierre Hertz.<\/p>\n<p>Un point de ressources pour les croyants<\/p>\n<p class=\" wall-content\">Les <b>mutations professionnelles <\/b>des <b>conjoints <\/b>avaient vu partir Frances en 2024, remplac\u00e9e dans <b>le bin\u00f4me dirigeant <\/b>par Sylvie Le Jemtel.<\/p>\n<p class=\" wall-content\">Aujourd\u2019hui, c\u2019est au tour de Ma\u00eflys de quitter Cherbourg et Ladislaja de Layre a accept\u00e9 de <b>s\u2019impliquer dans l\u2019aventure<\/b>. Autrichienne mari\u00e9e \u00e0 <b>un marin fran\u00e7ais<\/b>, elle est heureuse de mettre <b>sa grande culture litt\u00e9raire<\/b> au service de la librairie et de <b>ses clients<\/b>.<\/p>\n<p class=\" wall-content\">Avec ses<b> 6\u2009230\u00a0livres<\/b>, Silo\u00eb se veut un point de ressources pour les <b>croyants<\/b>, ceux qui sont <b>en recherche spirituelle<\/b> et plus g\u00e9n\u00e9ralement pour tous ceux qui veulent<b> offrir un livre<\/b> ou<b> un bel objet<\/b>.<\/p>\n<p>30\u00a0b\u00e9n\u00e9voles sur le pont<\/p>\n<p class=\" wall-content\">Ma\u00eflys a rappel\u00e9 quelques beaux moments v\u00e9cus ces derniers mois, comme <b>la b\u00e9n\u00e9diction<\/b> du magasin par <b>l\u2019\u00e9v\u00eaque<\/b>, ou<b> les stands d\u00e9localis\u00e9s<\/b> lors de colloques, kermesses et f\u00eates d\u2019\u00e9coles.<\/p>\n<p>Vid\u00e9os : en ce moment sur Actu<\/p>\n<p class=\" wall-content\">Le<b> pot de l\u2019amiti\u00e9<\/b> \u00e9tait aussi l\u2019occasion de rassembler les \u00ab\u2009abeilles\u2009\u00bb, affectueux surnom donn\u00e9 aux<b> 30\u00a0b\u00e9n\u00e9voles <\/b>qui viennent tout au long de l\u2019ann\u00e9e aider la librairie. Dans cette joyeuse ruche, on trouve des comptables, jardiniers, bricoleurs, peintres, vendeurs, inventoristes\u2026<\/p>\n<p class=\" wall-content\"><b>De notre correspondant \u00c9tienne DEVAILLY<\/b><\/p>\n<p class=\" wall-content\">Suivez toute l\u2019actualit\u00e9 de vos villes et m\u00e9dias favoris en vous inscrivant \u00e0 <a href=\"https:\/\/moncompte.actu.fr\" title=\"D\u00e9couvez Mon Actu\" rel=\"nofollow noopener\" data-trk=\"{&quot;cta&quot;:{&quot;action&quot;:&quot;https:\\\/\\\/moncompte.actu.fr&quot;,&quot;category&quot;:&quot;mon compte&quot;,&quot;from&quot;:&quot;article footer&quot;,&quot;name&quot;:&quot;Mon actu&quot;,&quot;type&quot;:&quot;cta&quot;}}\" target=\"_blank\">Mon Actu<\/a>.<\/p>\n","protected":false},"excerpt":{"rendered":"Par R\u00e9daction La Presse de la Manche Publi\u00e9 le 30 juin 2025 \u00e0 12h29 Petite f\u00eate, dans la&hellip;\n","protected":false},"author":2,"featured_media":215462,"comment_status":"","ping_status":"","sticky":false,"template":"","format":"standard","meta":{"footnotes":""},"categories":[1357],"tags":[1379,215,3168,58,33,59,1011,27,1380],"class_list":{"0":"post-215461","1":"post","2":"type-post","3":"status-publish","4":"format-standard","5":"has-post-thumbnail","7":"category-livres","8":"tag-books","9":"tag-commerce","10":"tag-cotentin","11":"tag-divertissement","12":"tag-economie","13":"tag-entertainment","14":"tag-fr","15":"tag-france","16":"tag-livres"},"share_on_mastodon":{"url":"https:\/\/pubeurope.com\/@fr\/114771906186485967","error":""},"_links":{"self":[{"href":"https:\/\/www.europesays.com\/fr\/wp-json\/wp\/v2\/posts\/215461","targetHints":{"allow":["GET"]}}],"collection":[{"href":"https:\/\/www.europesays.com\/fr\/wp-json\/wp\/v2\/posts"}],"about":[{"href":"https:\/\/www.europesays.com\/fr\/wp-json\/wp\/v2\/types\/post"}],"author":[{"embeddable":true,"href":"https:\/\/www.europesays.com\/fr\/wp-json\/wp\/v2\/users\/2"}],"replies":[{"embeddable":true,"href":"https:\/\/www.europesays.com\/fr\/wp-json\/wp\/v2\/comments?post=215461"}],"version-history":[{"count":0,"href":"https:\/\/www.europesays.com\/fr\/wp-json\/wp\/v2\/posts\/215461\/revisions"}],"wp:featuredmedia":[{"embeddable":true,"href":"https:\/\/www.europesays.com\/fr\/wp-json\/wp\/v2\/media\/215462"}],"wp:attachment":[{"href":"https:\/\/www.europesays.com\/fr\/wp-json\/wp\/v2\/media?parent=215461"}],"wp:term":[{"taxonomy":"category","embeddable":true,"href":"https:\/\/www.europesays.com\/fr\/wp-json\/wp\/v2\/categories?post=215461"},{"taxonomy":"post_tag","embeddable":true,"href":"https:\/\/www.europesays.com\/fr\/wp-json\/wp\/v2\/tags?post=215461"}],"curies":[{"name":"wp","href":"https:\/\/api.w.org\/{rel}","templated":true}]}}