{"id":215473,"date":"2025-06-30T10:49:10","date_gmt":"2025-06-30T10:49:10","guid":{"rendered":"https:\/\/www.europesays.com\/fr\/215473\/"},"modified":"2025-06-30T10:49:10","modified_gmt":"2025-06-30T10:49:10","slug":"laurence-boccolini-evincee-des-enfants-de-la-tele-evoque-une-periode-compliquee","status":"publish","type":"post","link":"https:\/\/www.europesays.com\/fr\/215473\/","title":{"rendered":"Laurence Boccolini \u00e9vinc\u00e9e des \u00ab\u00a0Enfants de la t\u00e9l\u00e9\u00a0\u00bb \u00e9voque une \u00ab\u00a0p\u00e9riode compliqu\u00e9e\u00a0\u00bb"},"content":{"rendered":"<p>        <img decoding=\"async\" loading=\"lazy\" src=\"https:\/\/www.europesays.com\/fr\/wp-content\/uploads\/2025\/06\/85b93d5_upload-1-1cceemfegpah-boccolini.jpg\"  width=\"728\" height=\"409\" alt=\"Laurence Boccolini ne pr\u00e9sentera plus \u00ab\u00a0Les Enfants de la t\u00e9l\u00e9\u00a0\u00bb \u00e0 la rentr\u00e9e 2025. \"\/>  <\/p>\n<p>Capture France 2<\/p>\n<p>Laurence Boccolini ne pr\u00e9sentera plus \u00ab\u00a0Les Enfants de la t\u00e9l\u00e9\u00a0\u00bb \u00e0 la rentr\u00e9e 2025. <\/p>\n<p class=\"asset asset-text\">T\u00c9L\u00c9VISION &#8211; Les annonces se suivent mais ne se ressemblent pas en cette fin de saison chez <a href=\"https:\/\/www.huffingtonpost.fr\/medias\/article\/radio-france-entame-sa-greve-illimitee-contre-rachida-dati-et-sa-reforme-de-l-audiovisuel-public_251839.html\" target=\"_blank\" rel=\"noopener\">France T\u00e9l\u00e9visions<\/a>. Apr\u00e8s<a href=\"https:\/\/www.huffingtonpost.fr\/divertissement\/article\/l-incomprehension-de-samuel-etienne-face-a-la-fin-de-questions-pour-un-champion-en-semaine_251961.html\" target=\"_blank\" rel=\"noopener\"> Question pour un Champion<\/a> ou <a href=\"https:\/\/www.huffingtonpost.fr\/medias\/article\/dans-les-maternelles-agathe-lecaron-et-ses-chroniqueurs-en-larmes-pour-les-adieux-de-la-presentatrice-a-l-emission_251911.html\" target=\"_blank\" rel=\"noopener\">Les Maternelles<\/a>, c\u2019est au tour des Enfants de la T\u00e9l\u00e9. Laurence Boccolini, qui \u00e9tait aux manettes de l\u2019\u00e9mission de divertissement depuis deux ans ne la pr\u00e9sentera plus la saison prochaine. Une annonce inattendue pour la principale int\u00e9ress\u00e9e, comme elle l\u2019a elle-m\u00eame confirm\u00e9.<\/p>\n<p class=\"asset asset-text\">Le dimanche 29\u00a0juin, nos confr\u00e8res du <a href=\"https:\/\/www.leparisien.fr\/culture-loisirs\/tv\/coup-de-theatre-aux-enfants-de-la-tele-laurence-boccolini-evincee-de-lemission-de-france-2-29-06-2025-3EIFX4V6RFEDXIY6ITRN634MKE.php\" target=\"_blank\" rel=\"noopener\" title=\"Nouvelle fen\u00eatre\">Parisien<\/a> ont annonc\u00e9 que Laurence Boccolini avait \u00e9t\u00e9 \u00ab\u00a0\u00e9vinc\u00e9e\u00a0\u00bb du programme pour la rentr\u00e9e 2025. L\u2019\u00e9mission diffus\u00e9e sur France 2\u00a0changera donc de visage pour la saison prochaine. Et cette d\u00e9cision n\u2019\u00e9tait visiblement pas celle de l\u2019animatrice qui a pris la parole sur Instagram en toute fin de soir\u00e9e ce 29\u00a0juin.<\/p>\n<p class=\"asset asset-text\">\u00ab\u00a0En cette p\u00e9riode un peu particuli\u00e8re et compliqu\u00e9e pour moi, je tenais \u00e0 remercier ceux qui depuis ce matin me couvrent de leur amour, de leur amiti\u00e9 et de leur bienveillance\u00a0\u00bb \u00e9crit Laurence Boccolini, avant d\u2019ajouter \u00ab\u00a0je ne pensais pas \u00eatre aussi sensible \u00e0 cette nouvelle\u2026\u00a0\u00bb<\/p>\n<p class=\"asset asset-text\">La pr\u00e9sentatrice iconique du <a href=\"https:\/\/www.huffingtonpost.fr\/divertissement\/article\/sur-m6-olivier-minne-presentera-le-maillon-faible-et-succedera-a-vincent-dedienne_251706.html\" target=\"_blank\" rel=\"noopener\">Maillon Faible<\/a> mentionne son \u00e9tat d\u2019esprit apr\u00e8s l\u2019annonce de son \u00e9viction du programme de France 2. \u00ab\u00a0Lorsque j\u2019avais 10\u00a0ans mon t-shirt pr\u00e9f\u00e9r\u00e9 \u00e9tait un dessin de Sarah Kay qui montrait une petite fille et son chat avec la l\u00e9gende\u00a0: \u2019C\u2019est bon d\u2019\u00eatre aim\u00e9e, c\u2019est bon de savoir qu\u2019on a besoin de vous\u2019.\u00a0Si je rentrais encore dans du 10\u00a0ans c\u2019est le t-shirt que je porterai tous les jours de ces prochaines semaines.\u00a0\u00bb<\/p>\n<p>                     L\u2019avenir des Enfants de la t\u00e9l\u00e9    <\/p>\n<p class=\"asset asset-text\">Qui remplacera l\u2019animatrice de 62\u00a0ans dans Les Enfants de la t\u00e9l\u00e9\u00a0? Laurence Boccolini affirme l\u2019ignorer. Elle pr\u00e9cise \u00e9galement ne pas savoir m\u00eame si l\u2019\u00e9mission est reconduite. \u00ab\u00a0Est-ce que l\u2019aventure continue\u00a0? Avec qui\u00a0? Et o\u00f9\u00a0? Je n\u2019en ai aucune id\u00e9e pour le moment. La suite au prochain \u00e9pisode\u00a0\u00bb. France 2\u00a0ne s\u2019est pas exprim\u00e9e quant au d\u00e9part de Laurence Boccolini, qui restera toutefois sur la cha\u00eene pour y pr\u00e9senter le (court) jeu Mot de passe\u00a0: le duel en quotidienne \u00e0 21h.<\/p>\n<p class=\"asset asset-text\">Difficile cependant d\u2019imaginer que ce soit la fin pour Les Enfants de la t\u00e9l\u00e9. Le programme culte du petit \u00e9cran avait fait ses d\u00e9buts sur France 2\u00a0en 1994, sous la houlette de Pierre Tchernia et Arthur. Il a ensuite migr\u00e9 sur TF1\u00a0avec ce dernier, avant de revenir sur la cha\u00eene du service public avec Laurent Ruquier aux manettes de 2017\u00a0\u00e0 2023. Les audiences de l\u2019\u00e9mission ne sont par ailleurs pas en chute libre.<\/p>\n","protected":false},"excerpt":{"rendered":"Capture France 2 Laurence Boccolini ne pr\u00e9sentera plus \u00ab\u00a0Les Enfants de la t\u00e9l\u00e9\u00a0\u00bb \u00e0 la rentr\u00e9e 2025. T\u00c9L\u00c9VISION&hellip;\n","protected":false},"author":2,"featured_media":215474,"comment_status":"","ping_status":"","sticky":false,"template":"","format":"standard","meta":{"footnotes":""},"categories":[8],"tags":[58,11778,59,1011,27,594,3219,252],"class_list":{"0":"post-215473","1":"post","2":"type-post","3":"status-publish","4":"format-standard","5":"has-post-thumbnail","7":"category-divertissement","8":"tag-divertissement","9":"tag-emission-tv","10":"tag-entertainment","11":"tag-fr","12":"tag-france","13":"tag-france-2","14":"tag-laurence-boccolini","15":"tag-television"},"share_on_mastodon":{"url":"https:\/\/pubeurope.com\/@fr\/114771929697259333","error":""},"_links":{"self":[{"href":"https:\/\/www.europesays.com\/fr\/wp-json\/wp\/v2\/posts\/215473","targetHints":{"allow":["GET"]}}],"collection":[{"href":"https:\/\/www.europesays.com\/fr\/wp-json\/wp\/v2\/posts"}],"about":[{"href":"https:\/\/www.europesays.com\/fr\/wp-json\/wp\/v2\/types\/post"}],"author":[{"embeddable":true,"href":"https:\/\/www.europesays.com\/fr\/wp-json\/wp\/v2\/users\/2"}],"replies":[{"embeddable":true,"href":"https:\/\/www.europesays.com\/fr\/wp-json\/wp\/v2\/comments?post=215473"}],"version-history":[{"count":0,"href":"https:\/\/www.europesays.com\/fr\/wp-json\/wp\/v2\/posts\/215473\/revisions"}],"wp:featuredmedia":[{"embeddable":true,"href":"https:\/\/www.europesays.com\/fr\/wp-json\/wp\/v2\/media\/215474"}],"wp:attachment":[{"href":"https:\/\/www.europesays.com\/fr\/wp-json\/wp\/v2\/media?parent=215473"}],"wp:term":[{"taxonomy":"category","embeddable":true,"href":"https:\/\/www.europesays.com\/fr\/wp-json\/wp\/v2\/categories?post=215473"},{"taxonomy":"post_tag","embeddable":true,"href":"https:\/\/www.europesays.com\/fr\/wp-json\/wp\/v2\/tags?post=215473"}],"curies":[{"name":"wp","href":"https:\/\/api.w.org\/{rel}","templated":true}]}}