{"id":215477,"date":"2025-06-30T10:51:12","date_gmt":"2025-06-30T10:51:12","guid":{"rendered":"https:\/\/www.europesays.com\/fr\/215477\/"},"modified":"2025-06-30T10:51:12","modified_gmt":"2025-06-30T10:51:12","slug":"le-couple-estrosi-delphine-ernotte-et-le-directeur-de-la-tribune-convoques-dans-le-cadre-dune-enquete-sur-des-evenements-organises-a-nice","status":"publish","type":"post","link":"https:\/\/www.europesays.com\/fr\/215477\/","title":{"rendered":"Le couple Estrosi, Delphine Ernotte et le directeur de La Tribune convoqu\u00e9s dans le cadre d\u2019une enqu\u00eate sur des \u00e9v\u00e9nements organis\u00e9s \u00e0 Nice"},"content":{"rendered":"<p>L\u2019enqu\u00eate sur les conditions d\u2019organisation et de financement de l\u2019Eurovision Junior diffus\u00e9 sur France T\u00e9l\u00e9visions et d\u2019un colloque sur le climat organis\u00e9 par La Tribune \u00e0 Nice s\u2019acc\u00e9l\u00e8re avec ces auditions.<\/p>\n<p class=\"fig-paragraph\">Le maire Horizons de Nice\u00a0<a href=\"http:\/\/www.lefigaro.fr\/nice\/municipales-2026-a-un-an-des-elections-christian-estrosi-deja-en-mode-campagne-a-nice-20250328\" data-fig-type=\"NewsFlash\" data-gtm-custom-categorie=\"navigation\" data-gtm-custom-action=\"crossclick\" data-gtm-custom-label=\"Contextuel\" data-gtm-event=\"customEventSPE\" data-fig-domain=\"LEFIGARO\" target=\"_blank\" rel=\"noopener\">Christian Estrosi<\/a>\u00a0et son \u00e9pouse\u00a0<a href=\"http:\/\/www.lefigaro.fr\/nice\/suspicions-de-conflits-d-interets-la-femme-de-christian-estrosi-laura-tenoudji-se-defend-20231228\" data-fig-type=\"NewsFlash\" data-gtm-custom-categorie=\"navigation\" data-gtm-custom-action=\"crossclick\" data-gtm-custom-label=\"Contextuel\" data-gtm-event=\"customEventSPE\" data-fig-domain=\"LEFIGARO\" target=\"_blank\" rel=\"noopener\">Laura Tenoudji-Estrosi<\/a>\u00a0sont convoqu\u00e9s, ainsi que des responsables de m\u00e9dias, pour \u00eatre entendus lundi dans une enqu\u00eate judiciaire sur l\u2019organisation d\u2019\u00e9v\u00e9nements dans cette ville, a-t-on appris de sources concordantes, confirmant des informations de Mediapart et de Nice-Matin.<\/p>\n<p class=\"fig-paragraph\">Selon une source proche du dossier, une dizaine de personnes au total sont convoqu\u00e9es dans le cadre d\u2019enqu\u00eates, initialement ouvertes \u00e0 Nice puis transf\u00e9r\u00e9es \u00e0 la juridiction interr\u00e9gionale sp\u00e9cialis\u00e9e (Jirs) de Marseille, sur l\u2019organisation \u00e0 Nice en 2023 du concours de chant Eurovision Junior, qu\u2019organisait et retransmettait France T\u00e9l\u00e9visions, et d\u2019un autre \u00e9v\u00e9nement, le Nice Climate Summit, organis\u00e9 \u00e9galement en 2023 par le m\u00e9dia \u00e9conomique La Tribune.<\/p>\n<p class=\"fig-paragraph\">France T\u00e9l\u00e9visions a confirm\u00e9 vendredi dans un communiqu\u00e9 \u00abla convocation de sa pr\u00e9sidente\u00bb,\u00a0<a href=\"http:\/\/www.lefigaro.fr\/medias\/delphine-ernotte-reconduite-a-la-tete-de-france-televisions-il-y-a-une-forme-de-chasse-au-service-public-et-je-n-ai-pas-l-intention-de-me-laisser-faire-20250518\" data-fig-type=\"Article\" data-gtm-custom-categorie=\"navigation\" data-gtm-custom-action=\"crossclick\" data-gtm-custom-label=\"Contextuel\" data-gtm-event=\"customEventSPE\" data-fig-domain=\"LEFIGARO\" target=\"_blank\" rel=\"noopener\">Delphine Ernotte Cunci<\/a>, \u00abainsi que de salari\u00e9s du groupe et d\u2019une filiale pour \u00eatre entendus dans le cadre d\u2019une enqu\u00eate judiciaire portant sur l\u2019organisation d\u2019\u00e9v\u00e9nements dans la ville de Nice\u00bb. Le groupe de t\u00e9l\u00e9vision publique \u00abcollaborera pleinement \u00e0 cette enqu\u00eate (et) entend r\u00e9server ses explications aux autorit\u00e9s judiciaires\u00bb.<\/p>\n<p>\u00abD\u00e9tournement de fonds publics\u00bb, \u00abprise ill\u00e9gale d\u2019int\u00e9r\u00eats\u00bb, \u00abfaux en \u00e9criture public\u00bb<\/p>\n<p class=\"fig-paragraph\">Selon Mediapart et une source proche du dossier,\u00a0<a href=\"http:\/\/www.lefigaro.fr\/medias\/jean-christophe-tortora-rodolphe-saade-n-est-jamais-intervenu-a-la-provence-20240325\" data-fig-type=\"Article\" data-gtm-custom-categorie=\"navigation\" data-gtm-custom-action=\"crossclick\" data-gtm-custom-label=\"Contextuel\" data-gtm-event=\"customEventSPE\" data-fig-domain=\"LEFIGARO\" target=\"_blank\" rel=\"noopener\">Jean-Christophe Tortora<\/a>, pr\u00e9sident de La Tribune, devenu \u00e9galement depuis directeur g\u00e9n\u00e9ral de CMA M\u00e9dia, est \u00e9galement convoqu\u00e9. Contact\u00e9e par l\u2019AFP, son avocate, Olinka Malaterre, a indiqu\u00e9 qu\u2019elle \u00abne ferait aucun commentaire sur l\u2019affaire\u00bb.<\/p>\n<p class=\"fig-paragraph\">Il n\u2019a pas \u00e9t\u00e9 possible de joindre le couple Estrosi, mais la ville de Nice s\u2019est refus\u00e9e \u00e0 tout commentaire. \u00abLa loi impose le respect du secret de l\u2019enqu\u00eate n\u00e9cessaire \u00e0 la s\u00e9r\u00e9nit\u00e9 des investigations qui serait compromise par toute forme d\u2019instrumentalisation politique\u00bb, a-t-elle indiqu\u00e9 dans une br\u00e8ve d\u00e9claration. Sollicit\u00e9, le parquet de Marseille n\u2019a pas r\u00e9pondu.<\/p>\n<p class=\"fig-paragraph\">Les enqu\u00eates, d\u00e9sormais regroup\u00e9es en un seul et m\u00eame dossier, sont notamment ouvertes pour \u00abd\u00e9tournement de fonds publics\u00bb, \u00abprise ill\u00e9gale d\u2019int\u00e9r\u00eats\u00bb ou encore \u00abfaux en \u00e9criture publique\u00bb, comme l\u2019avait indiqu\u00e9 le parquet de Marseille au Figaro. Le couple Estrosi \u00abconteste avoir commis toute infraction\u00bb.<\/p>\n<p>Deux signalements \u00e0 l\u2019origine<\/p>\n<p class=\"fig-paragraph\">Une premi\u00e8re enqu\u00eate avait \u00e9t\u00e9 ouverte apr\u00e8s\u00a0<a href=\"http:\/\/www.lefigaro.fr\/nice\/nice-climate-summit-une-enquete-ouverte-pour-prise-illegale-d-interet-20240115\" data-fig-type=\"NewsFlash\" data-gtm-custom-categorie=\"navigation\" data-gtm-custom-action=\"crossclick\" data-gtm-custom-label=\"Contextuel\" data-gtm-event=\"customEventSPE\" data-fig-domain=\"LEFIGARO\" target=\"_blank\" rel=\"noopener\">un signalement d\u2019\u00e9lus \u00e9cologistes ni\u00e7ois<\/a>\u00a0concernant le colloque sur l\u2019environnement. Chroniqueuse depuis 2000 \u00e0 T\u00e9l\u00e9matin sur France 2 et \u00e9pouse de Christian Estrosi depuis 2016, Laura Tenoudji-Estrosi devait animer deux tables rondes lors du Nice Climate Summit, subventionn\u00e9 par la ville et la m\u00e9tropole \u00e0 hauteur de 526.175 euros et co-organis\u00e9 par La Tribune. Face \u00e0 la pol\u00e9mique,\u00a0<a href=\"http:\/\/www.lefigaro.fr\/nice\/apres-la-suspicion-d-un-conflit-d-interets-la-femme-de-christian-estrosi-se-retire-de-l-animation-du-nice-climate-summit-20230926\" data-fig-type=\"NewsFlash\" data-gtm-custom-categorie=\"navigation\" data-gtm-custom-action=\"crossclick\" data-gtm-custom-label=\"Contextuel\" data-gtm-event=\"customEventSPE\" data-fig-domain=\"LEFIGARO\" target=\"_blank\" rel=\"noopener\">elle y avait renonc\u00e9 au dernier moment<\/a>, la ville et la m\u00e9tropole assurant dans un communiqu\u00e9 qu\u2019elle devait intervenir au colloque \u00ab\u00e0 titre b\u00e9n\u00e9vole\u00bb et collaborait avec le m\u00e9dia \u00e9conomique.<\/p>\n<p class=\"fig-paragraph\">Concernant l\u2019Eurovision Junior, l\u2019enqu\u00eate porte notamment sur le choix de confier \u00e0 Laura Tenoudji le soin de coanimer la c\u00e9r\u00e9monie d\u2019ouverture de l\u2019\u00e9v\u00e9nement, alors m\u00eame que la municipalit\u00e9 dirig\u00e9e par son mari s\u2019\u00e9tait montr\u00e9e tr\u00e8s g\u00e9n\u00e9reuse pour l\u2019accueillir, avec une subvention \u00e0 hauteur de 605.000 euros.<\/p>\n<p class=\"fig-paragraph\">La mairie de Nice et une \u00abfiliale\u00bb de France T\u00e9l\u00e9visions avaient \u00e9t\u00e9\u00a0<a href=\"http:\/\/www.lefigaro.fr\/nice\/des-perquisitions-a-nice-et-dans-une-filiale-de-france-televisions-en-lien-avec-christian-estrosi-et-sa-femme-20250403\" data-fig-type=\"NewsFlash\" data-gtm-custom-categorie=\"navigation\" data-gtm-custom-action=\"crossclick\" data-gtm-custom-label=\"Contextuel\" data-gtm-event=\"customEventSPE\" data-fig-domain=\"LEFIGARO\" target=\"_blank\" rel=\"noopener\">perquisitionn\u00e9es<\/a>, le 3 avril dernier, dans le cadre cette affaire, comme l\u2019avait r\u00e9v\u00e9l\u00e9 Le Figaro. Les enqu\u00eateurs revenaient pour la deuxi\u00e8me fois en mairie de Nice, o\u00f9\u00a0<a href=\"http:\/\/www.lefigaro.fr\/nice\/nice-la-mairie-perquisitionnee-sur-l-organisation-du-nice-climate-summit-et-de-l-eurovision-junior-20241114\" data-fig-type=\"NewsFlash\" data-gtm-custom-categorie=\"navigation\" data-gtm-custom-action=\"crossclick\" data-gtm-custom-label=\"Contextuel\" data-gtm-event=\"customEventSPE\" data-fig-domain=\"LEFIGARO\" target=\"_blank\" rel=\"noopener\">d\u2019autres perquisitions avaient eu lieu le 14 novembre 2024<\/a>\u00a0dans le cadre de cette affaire.<\/p>\n","protected":false},"excerpt":{"rendered":"L\u2019enqu\u00eate sur les conditions d\u2019organisation et de financement de l\u2019Eurovision Junior diffus\u00e9 sur France T\u00e9l\u00e9visions et d\u2019un colloque&hellip;\n","protected":false},"author":2,"featured_media":215478,"comment_status":"","ping_status":"","sticky":false,"template":"","format":"standard","meta":{"footnotes":""},"categories":[6],"tags":[2898,2829,35,2971,2972,2397,2973,2974,19650,33,34,2975,1011,27,23339,2969,2970,2987,2980,2897,2976,2977,2978,2985,2986,2979,2981,2982,2983,2984,2991,2992,2993,2994,2996,2997,2998,2999,3000,3001,3002,2995,3003,3004,3005,3007,2268,2988,2989,2990,2968,3006],"class_list":{"0":"post-215477","1":"post","2":"type-post","3":"status-publish","4":"format-standard","5":"has-post-thumbnail","7":"category-economie","8":"tag-alpes-maritimes","9":"tag-baumettes","10":"tag-business","11":"tag-carabacel","12":"tag-caucade","13":"tag-christian-estrosi","14":"tag-cimiez","15":"tag-cremat","16":"tag-detournement-de-fonds-publics","17":"tag-economie","18":"tag-economy","19":"tag-fabron","20":"tag-fr","21":"tag-france","22":"tag-france-television","23":"tag-larenas","24":"tag-lariane","25":"tag-le-ray","26":"tag-lingostiere","27":"tag-nice-cote-dazur","28":"tag-nice-gairaut","29":"tag-nice-gambetta","30":"tag-nice-jean-medecin","31":"tag-nice-le-piol","32":"tag-nice-le-port","33":"tag-nice-liberation","34":"tag-nice-magnan","35":"tag-nice-mantega-mont-boron","36":"tag-nice-pasteur","37":"tag-nice-pessicart","38":"tag-nice-rue-de-france","39":"tag-nice-saint-antoine","40":"tag-nice-saint-augustin","41":"tag-nice-saint-isidore","42":"tag-nice-saint-maurice","43":"tag-nice-saint-pancrace","44":"tag-nice-saint-philippe","45":"tag-nice-saint-pierre-de-feric","46":"tag-nice-saint-roch","47":"tag-nice-saint-roman-de-bellet","48":"tag-nice-saint-sylvestre","49":"tag-nice-sainte-marguerite","50":"tag-nice-thiers","51":"tag-nice-ventabrun","52":"tag-nice-vernier","53":"tag-nice-vinaigrier","54":"tag-ogc-nice","55":"tag-rimiez","56":"tag-riquier","57":"tag-roquebilliere","58":"tag-sud-est","59":"tag-vieux-nice"},"share_on_mastodon":{"url":"","error":"Validation failed: Text character limit of 500 exceeded"},"_links":{"self":[{"href":"https:\/\/www.europesays.com\/fr\/wp-json\/wp\/v2\/posts\/215477","targetHints":{"allow":["GET"]}}],"collection":[{"href":"https:\/\/www.europesays.com\/fr\/wp-json\/wp\/v2\/posts"}],"about":[{"href":"https:\/\/www.europesays.com\/fr\/wp-json\/wp\/v2\/types\/post"}],"author":[{"embeddable":true,"href":"https:\/\/www.europesays.com\/fr\/wp-json\/wp\/v2\/users\/2"}],"replies":[{"embeddable":true,"href":"https:\/\/www.europesays.com\/fr\/wp-json\/wp\/v2\/comments?post=215477"}],"version-history":[{"count":0,"href":"https:\/\/www.europesays.com\/fr\/wp-json\/wp\/v2\/posts\/215477\/revisions"}],"wp:featuredmedia":[{"embeddable":true,"href":"https:\/\/www.europesays.com\/fr\/wp-json\/wp\/v2\/media\/215478"}],"wp:attachment":[{"href":"https:\/\/www.europesays.com\/fr\/wp-json\/wp\/v2\/media?parent=215477"}],"wp:term":[{"taxonomy":"category","embeddable":true,"href":"https:\/\/www.europesays.com\/fr\/wp-json\/wp\/v2\/categories?post=215477"},{"taxonomy":"post_tag","embeddable":true,"href":"https:\/\/www.europesays.com\/fr\/wp-json\/wp\/v2\/tags?post=215477"}],"curies":[{"name":"wp","href":"https:\/\/api.w.org\/{rel}","templated":true}]}}