{"id":215485,"date":"2025-06-30T10:55:11","date_gmt":"2025-06-30T10:55:11","guid":{"rendered":"https:\/\/www.europesays.com\/fr\/215485\/"},"modified":"2025-06-30T10:55:11","modified_gmt":"2025-06-30T10:55:11","slug":"saint-etienne-ivre-il-sendort-sur-la-chaussee-et-insulte-les-policiers-venus-a-son-secours","status":"publish","type":"post","link":"https:\/\/www.europesays.com\/fr\/215485\/","title":{"rendered":"Saint-Etienne. Ivre, il s\u2019endort sur la chauss\u00e9e et insulte les policiers venus \u00e0 son secours"},"content":{"rendered":"<p>Jeudi 26\u00a0juin, il est environ 20 heures quand une \u00e9quipe de la brigade de nuit, en patrouille boulevard Jules-Janin, \u00e0 Saint-Etienne, constate qu\u2019un homme est allong\u00e9 en pleine rue, sur la chauss\u00e9e.<\/p>\n<p>Imm\u00e9diatement, les policiers stationnent leur v\u00e9hicule et se portent \u00e0 la rencontre de cet homme pour s\u2019assurer de son \u00e9tat de sant\u00e9. Ils constatent qu\u2019il est endormi.<\/p>\n<p>M\u00e9content d\u2019\u00eatre r\u00e9veill\u00e9 par les fonctionnaires, l\u2019homme se met \u00e0 les insulter et \u00e0 se montrer virulent. L\u2019outrage est suffisant pour une interpellation.<\/p>\n<p>C\u2019est donc en garde \u00e0 vue que ce St\u00e9phanois, \u00e2g\u00e9 de 63 ans, a pu finir sa nuit. Manifestement ivre, il a \u00e9t\u00e9 plac\u00e9 en cellule de d\u00e9grisement et sera convoqu\u00e9 pour une ordonnance p\u00e9nale, en raison de cet outrage \u00e0 personnes d\u00e9positaires de l\u2019autorit\u00e9 publique.<\/p>\n","protected":false},"excerpt":{"rendered":"Jeudi 26\u00a0juin, il est environ 20 heures quand une \u00e9quipe de la brigade de nuit, en patrouille boulevard&hellip;\n","protected":false},"author":2,"featured_media":215486,"comment_status":"","ping_status":"","sticky":false,"template":"","format":"standard","meta":{"footnotes":""},"categories":[9653],"tags":[1111,11,2430,271,272,7539,1777,674,274,1011,27,3367,12,25,4001,7538],"class_list":{"0":"post-215485","1":"post","2":"type-post","3":"status-publish","4":"format-standard","5":"has-post-thumbnail","7":"category-saint-etienne","8":"tag-actu","9":"tag-actualites","10":"tag-auvergne-rhone-alpes","11":"tag-crime","12":"tag-delit-et-contravention","13":"tag-edition-loire-sud","14":"tag-eu","15":"tag-europe","16":"tag-faits-divers-justice","17":"tag-fr","18":"tag-france","19":"tag-loire","20":"tag-news","21":"tag-republique-francaise","22":"tag-saint-etienne","23":"tag-saint-etienne-ville"},"share_on_mastodon":{"url":"https:\/\/pubeurope.com\/@fr\/114771953167359869","error":""},"_links":{"self":[{"href":"https:\/\/www.europesays.com\/fr\/wp-json\/wp\/v2\/posts\/215485","targetHints":{"allow":["GET"]}}],"collection":[{"href":"https:\/\/www.europesays.com\/fr\/wp-json\/wp\/v2\/posts"}],"about":[{"href":"https:\/\/www.europesays.com\/fr\/wp-json\/wp\/v2\/types\/post"}],"author":[{"embeddable":true,"href":"https:\/\/www.europesays.com\/fr\/wp-json\/wp\/v2\/users\/2"}],"replies":[{"embeddable":true,"href":"https:\/\/www.europesays.com\/fr\/wp-json\/wp\/v2\/comments?post=215485"}],"version-history":[{"count":0,"href":"https:\/\/www.europesays.com\/fr\/wp-json\/wp\/v2\/posts\/215485\/revisions"}],"wp:featuredmedia":[{"embeddable":true,"href":"https:\/\/www.europesays.com\/fr\/wp-json\/wp\/v2\/media\/215486"}],"wp:attachment":[{"href":"https:\/\/www.europesays.com\/fr\/wp-json\/wp\/v2\/media?parent=215485"}],"wp:term":[{"taxonomy":"category","embeddable":true,"href":"https:\/\/www.europesays.com\/fr\/wp-json\/wp\/v2\/categories?post=215485"},{"taxonomy":"post_tag","embeddable":true,"href":"https:\/\/www.europesays.com\/fr\/wp-json\/wp\/v2\/tags?post=215485"}],"curies":[{"name":"wp","href":"https:\/\/api.w.org\/{rel}","templated":true}]}}