{"id":215487,"date":"2025-06-30T10:56:11","date_gmt":"2025-06-30T10:56:11","guid":{"rendered":"https:\/\/www.europesays.com\/fr\/215487\/"},"modified":"2025-06-30T10:56:11","modified_gmt":"2025-06-30T10:56:11","slug":"comment-la-ville-lutte-contre-la-canicule","status":"publish","type":"post","link":"https:\/\/www.europesays.com\/fr\/215487\/","title":{"rendered":"comment la Ville lutte contre la canicule"},"content":{"rendered":"<p>Cinq fois plus qu\u2019en 1989, et deux fois moins qu\u2019en 2050. Les \u00e9pisodes de canicule sont vou\u00e9s \u00e0 \u00eatre la norme et \u00e0 impacter notre quotidien.<\/p>\n<p>\u00ab\u00a0Nous avons eu un \u00e9pisode l\u2019an dernier, et l\u2019\u00e9t\u00e9 2025 sera au moins \u00e9quivalent, voire plus critique\u00a0\u00bb, estime Nadia Semache, adjointe au maire en charge notamment de la sant\u00e9. \u00ab\u00a0Nous avons donc d\u00e9cid\u00e9 de renforcer nos actions, notamment aupr\u00e8s des plus fragiles. Mais pas seulement.\u00a0\u00bb<\/p>\n<p>  D\u00e9tecter les signes de d\u00e9shydratation<\/p>\n<p>Dans les r\u00e9sidences pour les seniors, la vigilance est de mise. R\u00e9guli\u00e8rement, de l\u2019eau est distribu\u00e9e aux r\u00e9sidents, qui peuvent aussi compter sur des salles climatis\u00e9es, ouvertes \u00e0 tous, pour passer les moments o\u00f9 la chaleur se fait le plus ressentir.<\/p>\n<p>Aussi, le registre communal, dans lequel l\u2019inscription est gratuite et volontaire, permet aux services municipaux de personnaliser le suivi des personnes inscrites (70 \u00e0 ce jour). Le week-end, c\u2019est la police municipale qui prend le relais. \u00ab\u00a0Si l\u2019on n\u2019a pas de r\u00e9ponse \u00e0 nos appels, on rend visite \u00e0 la personne\u00a0\u00bb, explique Nicole Aubourdy, adjointe en charge des seniors.<\/p>\n<p>\u00ab\u00a0Aussi, les personnes qui livrent les repas \u00e0 domicile sont form\u00e9es pour d\u00e9tecter les signes de d\u00e9shydratation.\u00a0\u00bb \u00c0 ce titre, le CCAS et les associations jouent \u00e9galement un r\u00f4le de pr\u00e9vention important.<\/p>\n<p>  \u00ab\u00a0Chaque habitation dispose d\u2019un espace vert \u00e0 moins de 300 m\u00e8tres\u00a0\u00bb<\/p>\n<p>Pour tout un chacun, \u00ab\u00a0l\u2019am\u00e9nagement urbain permet \u00e0 chaque habitation de disposer d\u2019un espace vert \u00e0 moins de 300 m\u00e8tres\u00a0\u00bb, estime Charles Dallara, en charge des parcs et jardins. \u00ab\u00a0D\u00e8s lors qu\u2019il n\u2019y a pas que du goudron ou du b\u00e9ton, la temp\u00e9rature baisse de 5 \u00e0 7\u00b0C.\u00a0\u00bb Les fontaines sont aussi un bon moyen de se rafra\u00eechir, tandis que plusieurs fontaines \u00e0 boire sont diss\u00e9min\u00e9es dans la ville. \u00ab\u00a0Les sanitaires gratuits disposent aussi d\u2019un point d\u2019eau.\u00a0\u00bb<\/p>\n<p>Concernant les agents municipaux, \u00ab\u00a0un travail collectif vise \u00e0 garantir leur sant\u00e9 et leur s\u00e9curit\u00e9 en p\u00e9riode de canicule. Il pr\u00e9voit l\u2019am\u00e9nagement possible des horaires de travail, l\u2019adaptation des missions pour les agents de terrain comme pour les services administratifs, le renforcement du t\u00e9l\u00e9travail quand cela est possible, ou encore l\u2019organisation de pauses plus r\u00e9guli\u00e8res dans des lieux rafra\u00eechis\u00a0\u00bb.<\/p>\n<p>D\u2019une mani\u00e8re g\u00e9n\u00e9rale, il est conseill\u00e9 \u00e0 chacun de prendre des nouvelles de ses proches, de boire de l\u2019eau fr\u00e9quemment mais pas d\u2019alcool, se mouiller r\u00e9guli\u00e8rement, ne pas sortir aux heures les plus chaudes, au cours desquelles fen\u00eatres et volets ferm\u00e9s emp\u00eachent la chaleur d\u2019entrer. Aussi, cin\u00e9mas, biblioth\u00e8ques et mus\u00e9es constituent des havres de fra\u00eecheur appr\u00e9ciables.<\/p>\n<p class=\"note\">En cas de canicule, la Ville de Saint-Etienne est joignable 24\u00a0heures\/24 au 04.77.48.77.48.<\/p>\n","protected":false},"excerpt":{"rendered":"Cinq fois plus qu\u2019en 1989, et deux fois moins qu\u2019en 2050. Les \u00e9pisodes de canicule sont vou\u00e9s \u00e0&hellip;\n","protected":false},"author":2,"featured_media":215488,"comment_status":"","ping_status":"","sticky":false,"template":"","format":"standard","meta":{"footnotes":""},"categories":[9653],"tags":[1111,11,2430,4523,7539,1777,674,1011,27,12,25,4001,7538,104],"class_list":{"0":"post-215487","1":"post","2":"type-post","3":"status-publish","4":"format-standard","5":"has-post-thumbnail","7":"category-saint-etienne","8":"tag-actu","9":"tag-actualites","10":"tag-auvergne-rhone-alpes","11":"tag-conseils-pratiques","12":"tag-edition-loire-sud","13":"tag-eu","14":"tag-europe","15":"tag-fr","16":"tag-france","17":"tag-news","18":"tag-republique-francaise","19":"tag-saint-etienne","20":"tag-saint-etienne-ville","21":"tag-societe"},"share_on_mastodon":{"url":"https:\/\/pubeurope.com\/@fr\/114771956972675736","error":""},"_links":{"self":[{"href":"https:\/\/www.europesays.com\/fr\/wp-json\/wp\/v2\/posts\/215487","targetHints":{"allow":["GET"]}}],"collection":[{"href":"https:\/\/www.europesays.com\/fr\/wp-json\/wp\/v2\/posts"}],"about":[{"href":"https:\/\/www.europesays.com\/fr\/wp-json\/wp\/v2\/types\/post"}],"author":[{"embeddable":true,"href":"https:\/\/www.europesays.com\/fr\/wp-json\/wp\/v2\/users\/2"}],"replies":[{"embeddable":true,"href":"https:\/\/www.europesays.com\/fr\/wp-json\/wp\/v2\/comments?post=215487"}],"version-history":[{"count":0,"href":"https:\/\/www.europesays.com\/fr\/wp-json\/wp\/v2\/posts\/215487\/revisions"}],"wp:featuredmedia":[{"embeddable":true,"href":"https:\/\/www.europesays.com\/fr\/wp-json\/wp\/v2\/media\/215488"}],"wp:attachment":[{"href":"https:\/\/www.europesays.com\/fr\/wp-json\/wp\/v2\/media?parent=215487"}],"wp:term":[{"taxonomy":"category","embeddable":true,"href":"https:\/\/www.europesays.com\/fr\/wp-json\/wp\/v2\/categories?post=215487"},{"taxonomy":"post_tag","embeddable":true,"href":"https:\/\/www.europesays.com\/fr\/wp-json\/wp\/v2\/tags?post=215487"}],"curies":[{"name":"wp","href":"https:\/\/api.w.org\/{rel}","templated":true}]}}