{"id":215498,"date":"2025-06-30T11:04:16","date_gmt":"2025-06-30T11:04:16","guid":{"rendered":"https:\/\/www.europesays.com\/fr\/215498\/"},"modified":"2025-06-30T11:04:16","modified_gmt":"2025-06-30T11:04:16","slug":"pourquoi-les-programmes-de-ici-normandie-ex-france-bleu-sont-perturbes","status":"publish","type":"post","link":"https:\/\/www.europesays.com\/fr\/215498\/","title":{"rendered":"pourquoi les programmes de ICI Normandie (ex France Bleu) sont perturb\u00e9s"},"content":{"rendered":"<p>            Par<br \/>\n        <strong><br \/>\n            <a href=\"https:\/\/actu.fr\/auteur\/thomas-rideau\" title=\"Consulter tous les articles de Thomas Rideau\" rel=\"nofollow noopener\" target=\"_blank\">Thomas Rideau<\/a><br \/>\n        <\/strong><\/p>\n<p>        Publi\u00e9 le<\/p>\n<p>            30 juin 2025 \u00e0 10h41<br \/>\n        ; mis \u00e0 jour le 30 juin 2025 \u00e0 10h53    <\/p>\n<p>\u00ab\u2009C\u2019est plus vicieux qu\u2019une fusion\u2009! \u00bb, \u00c0 <a href=\"https:\/\/actu.fr\/normandie\/rouen_76540\" rel=\"nofollow noopener\" target=\"_blank\">Rouen (Seine-Maritime)<\/a>, un journaliste de <strong>France Bleu Eure \u2013 Seine-Maritime<\/strong> (d\u00e9sormais ICI Normandie), et voix bien connue des<strong> habitu\u00e9s de la radio locale<\/strong>, ne veut pas du projet de loi d\u00e9fendu par la ministre de la Culture Rachida Dati.<\/p>\n<p class=\" wall-content\">Ce lundi 30\u00a0juin 2025, <a href=\"https:\/\/www.lemonde.fr\/politique\/article\/2025\/06\/29\/reforme-de-l-audiovisuel-public-rachida-dati-pourra-compter-sur-le-rassemblement-national_6616405_823448.html\" rel=\"nofollow noopener\" target=\"_blank\">l\u2019Assembl\u00e9e nationale va en effet plancher sur le projet de holding<\/a> qui doit regrouper France T\u00e9l\u00e9, l\u2019INA, Radio France et France M\u00e9dias Monde. Et pour marquer le moment, de nombreux journalistes et animateurs sont en effet en gr\u00e8ve.<\/p>\n<p>Des filiales pour mieux privatiser ?<\/p>\n<p class=\" wall-content\">\u00ab\u2009Ce projet de holding, c\u2019est un pas de plus vers la fusion sans en avoir l\u2019air\u2009\u00bb, note notre interlocuteur, entour\u00e9 d\u2019une trentaine de journalistes, animateurs et techniciens de France Bleu et France 3. Pour lui, il y a deux craintes \u00e0 relever. <strong>D\u2019abord au niveau du budget<\/strong> qui sera allou\u00e9 \u00e0 cette holding\u2009: \u00ab\u2009Dans ce genre de projet, on sait que la variable d\u2019ajustement, c\u2019est toujours la radio.\u2009\u00bb<\/p>\n<p class=\" wall-content\">Puis, le \u00ab\u2009d\u00e9tricotage du service public. Des filiales vont \u00eatre cr\u00e9\u00e9es\u2009\u00bb, ce qui permettra, selon lui, <strong>de faciliter la privatisation<\/strong> de certaines parties de cette holding dans le futur. \u00ab\u2009\u00c7a va faciliter le projet du Rassemblement national, s\u2019il arrive au pouvoir en 2027, qui est de privatiser la radio publique.\u2009\u00bb<\/p>\n<p>Des programmes perturb\u00e9s cette semaine<\/p>\n<p class=\" wall-content\">Concr\u00e8tement, les auditeurs de la station locale n\u2019ont pas pu entendre leur matinale ce matin. Et c\u2019est un <a href=\"https:\/\/actu.fr\/loisirs-culture\/radio-france-en-greve-pourquoi-vos-programmes-sont-perturbes-ce-jeudi_62827352.html\" rel=\"nofollow noopener\" target=\"_blank\">pr\u00e9avis de gr\u00e8ve illimit\u00e9e<\/a> qui a \u00e9t\u00e9 d\u00e9pos\u00e9e, jeudi 26 juin, par la radio publique.<\/p>\n<p class=\" wall-content\">\u00ab\u2009Il est possible que demain [mardi 1\u1d49\u02b3 juillet] il n\u2019y ait pas de matinale. Ou m\u00eame plus tard dans la semaine.\u2009\u00bb Le journaliste ajoute\u2009: \u00ab\u2009il faut maintenir la pression le temps de l\u2019examen du dossier \u00e0 l\u2019Assembl\u00e9e.\u2009\u00bb<\/p>\n<p>Vid\u00e9os : en ce moment sur ActuSuivez l\u2019actualit\u00e9 de Rouen <a href=\"https:\/\/www.whatsapp.com\/channel\/0029VaKfnf99hXF2ddApFB1D\" rel=\"nofollow noopener\" target=\"_blank\">sur notre cha\u00eene WhatsApp<\/a> et <a href=\"https:\/\/www.tiktok.com\/@76actu.fr?lang=fr\" rel=\"nofollow noopener\" target=\"_blank\">sur notre compte TikTok<\/a><\/p>\n<p class=\" wall-content\">Suivez toute l\u2019actualit\u00e9 de vos villes et m\u00e9dias favoris en vous inscrivant \u00e0 <a href=\"https:\/\/moncompte.actu.fr\" title=\"D\u00e9couvez Mon Actu\" rel=\"nofollow noopener\" data-trk=\"{&quot;cta&quot;:{&quot;action&quot;:&quot;https:\\\/\\\/moncompte.actu.fr&quot;,&quot;category&quot;:&quot;mon compte&quot;,&quot;from&quot;:&quot;article footer&quot;,&quot;name&quot;:&quot;Mon actu&quot;,&quot;type&quot;:&quot;cta&quot;}}\" target=\"_blank\">Mon Actu<\/a>.<\/p>\n<p>                    <script async src=\"\/\/www.tiktok.com\/embed.js\"><\/script><\/p>\n","protected":false},"excerpt":{"rendered":"Par Thomas Rideau Publi\u00e9 le 30 juin 2025 \u00e0 10h41 ; mis \u00e0 jour le 30 juin 2025&hellip;\n","protected":false},"author":2,"featured_media":215499,"comment_status":"","ping_status":"","sticky":false,"template":"","format":"standard","meta":{"footnotes":""},"categories":[9587],"tags":[1111,11,1777,674,1011,27,500,12,5161,1825,25,9590,104],"class_list":{"0":"post-215498","1":"post","2":"type-post","3":"status-publish","4":"format-standard","5":"has-post-thumbnail","7":"category-rouen","8":"tag-actu","9":"tag-actualites","10":"tag-eu","11":"tag-europe","12":"tag-fr","13":"tag-france","14":"tag-medias","15":"tag-news","16":"tag-normandie","17":"tag-radio","18":"tag-republique-francaise","19":"tag-rouen","20":"tag-societe"},"share_on_mastodon":{"url":"https:\/\/pubeurope.com\/@fr\/114771988667120543","error":""},"_links":{"self":[{"href":"https:\/\/www.europesays.com\/fr\/wp-json\/wp\/v2\/posts\/215498","targetHints":{"allow":["GET"]}}],"collection":[{"href":"https:\/\/www.europesays.com\/fr\/wp-json\/wp\/v2\/posts"}],"about":[{"href":"https:\/\/www.europesays.com\/fr\/wp-json\/wp\/v2\/types\/post"}],"author":[{"embeddable":true,"href":"https:\/\/www.europesays.com\/fr\/wp-json\/wp\/v2\/users\/2"}],"replies":[{"embeddable":true,"href":"https:\/\/www.europesays.com\/fr\/wp-json\/wp\/v2\/comments?post=215498"}],"version-history":[{"count":0,"href":"https:\/\/www.europesays.com\/fr\/wp-json\/wp\/v2\/posts\/215498\/revisions"}],"wp:featuredmedia":[{"embeddable":true,"href":"https:\/\/www.europesays.com\/fr\/wp-json\/wp\/v2\/media\/215499"}],"wp:attachment":[{"href":"https:\/\/www.europesays.com\/fr\/wp-json\/wp\/v2\/media?parent=215498"}],"wp:term":[{"taxonomy":"category","embeddable":true,"href":"https:\/\/www.europesays.com\/fr\/wp-json\/wp\/v2\/categories?post=215498"},{"taxonomy":"post_tag","embeddable":true,"href":"https:\/\/www.europesays.com\/fr\/wp-json\/wp\/v2\/tags?post=215498"}],"curies":[{"name":"wp","href":"https:\/\/api.w.org\/{rel}","templated":true}]}}