{"id":215502,"date":"2025-06-30T11:06:16","date_gmt":"2025-06-30T11:06:16","guid":{"rendered":"https:\/\/www.europesays.com\/fr\/215502\/"},"modified":"2025-06-30T11:06:16","modified_gmt":"2025-06-30T11:06:16","slug":"les-orages-arrivent-en-plein-pic-de-chaleur-les-secteurs-concernes","status":"publish","type":"post","link":"https:\/\/www.europesays.com\/fr\/215502\/","title":{"rendered":"les orages arrivent en plein pic de chaleur, les secteurs concern\u00e9s"},"content":{"rendered":"<p>            Par<br \/>\n        <strong><br \/>\n            <a href=\"https:\/\/actu.fr\/auteur\/redaction-grenoble\" title=\"Consulter tous les articles de R\u00e9daction Grenoble\" rel=\"nofollow noopener\" target=\"_blank\">R\u00e9daction Grenoble<\/a><br \/>\n        <\/strong><\/p>\n<p>        Publi\u00e9 le<\/p>\n<p>            30 juin 2025 \u00e0 12h29        <\/p>\n<p>Durant ce deuxi\u00e8me week-end caniculaire, les temp\u00e9ratures ont grimp\u00e9 (tr\u00e8s) haut sur l\u2019Is\u00e8re. Il a notamment fait <strong>38\u00b0C \u00e0 Voiron<\/strong> dimanche 29 juin, la \u00ab\u00a0ville la plus chaude du d\u00e9partement\u00a0\u00bb, selon les relev\u00e9s de M\u00e9t\u00e9o France, reprises par <a href=\"https:\/\/www.facebook.com\/meteocentreisere\" rel=\"nofollow noopener\" target=\"_blank\">M\u00e9t\u00e9o Centre-Is\u00e8re<\/a>.<\/p>\n<p>    <a href=\"https:\/\/www.facebook.com\/plugins\/post.php?href=https%3A%2F%2Fwww.facebook.com%2Fmeteocentreisere%2Fposts%2Fpfbid02MnwSFGEb5kZLqDhypD8BSXUTFv6Mj3DsjeGDjpBMZ9DMtLLnYz5skvRb7YRvjkFGl&amp;show_text=true&amp;width=350\" title=\"Ouvrie le lien\" rel=\"nofollow noopener\" target=\"_blank\">Cliquez ici pour visualiser le contenu<\/a><\/p>\n<p class=\" wall-content\">Lundi 30 juin, les temp\u00e9ratures ont rapidement atteint les 30\u00b0C en cours de matin\u00e9e sur une large partie de l\u2019<a href=\"https:\/\/actu.fr\/auvergne-rhone-alpes\/isere_38\" rel=\"nofollow noopener\" target=\"_blank\">Is\u00e8re<\/a>, notamment sur le nord du d\u00e9partement. Mais bonne nouvelle : le mercure pourrait baisser, gr\u00e2ce \u00e0 <strong>l\u2019arriv\u00e9e de perturbations<\/strong> en fin de journ\u00e9e de lundi.<\/p>\n<p>Le mercure en l\u00e9g\u00e8re baisse<\/p>\n<p class=\" wall-content\">Toujours selon <a href=\"https:\/\/actu.fr\/tag\/meteo-france\" rel=\"nofollow noopener\" target=\"_blank\">M\u00e9t\u00e9o France<\/a>, des <strong>orages<\/strong> devraient arriver sur le territoire. Quelques coups de tonnerre pourraient \u00eatre entendus en premier sur l\u2019Oisans, avant de remonter vers le nord de l\u2019Is\u00e8re.<\/p>\n<p class=\" wall-content\">Ainsi, pour lundi apr\u00e8s-midi, les pr\u00e9visions annoncent une fin de journ\u00e9e orageuse avec tout de m\u00eame des temp\u00e9ratures \u00e9lev\u00e9es : 33\u00b0C \u00e0 <a href=\"https:\/\/actu.fr\/auvergne-rhone-alpes\/villefontaine_38553\" rel=\"nofollow noopener\" target=\"_blank\">Villefontaine<\/a> ou La C\u00f4te-Saint-Andr\u00e9, 35\u00b0C \u00e0 <a href=\"https:\/\/actu.fr\/auvergne-rhone-alpes\/vienne_38544\" rel=\"nofollow noopener\" target=\"_blank\">Vienne<\/a> ou Grenoble, 29\u00b0C \u00e0 Villard-de-Lans.<\/p>\n<p>Vid\u00e9os : en ce moment sur ActuUne nuit plus fra\u00eeche ?<\/p>\n<p class=\" wall-content\">Ce sont surtout les pr\u00e9visions pour la nuit de lundi \u00e0 mardi qui devraient ravir une partie des Is\u00e9rois : en d\u00e9but de soir\u00e9e, les orages devraient se transformer en pluie, avant de stopper durant la nuit, o\u00f9 les temp\u00e9ratures pourraient passer <strong>sous la barre des 25\u00b0C en ville<\/strong>.\u00a0<\/p>\n<p class=\" wall-content\">Les communes de La Mure et de <a href=\"https:\/\/actu.fr\/auvergne-rhone-alpes\/villard-de-lans_38548\" rel=\"nofollow noopener\" target=\"_blank\">Villard-de-Lans<\/a> devraient b\u00e9n\u00e9ficier de la nuit la plus fra\u00eeche, avec 17\u00b0C annonc\u00e9s.<\/p>\n<p>Un pic de chaleur en milieu de semaine<\/p>\n<p class=\" wall-content\">Un potentiel rafra\u00eechissement qui ne restera que <strong>temporaire<\/strong>, puisque d\u00e8s mardi 1er juillet, les temp\u00e9ratures vont remonter, avec <strong>localement jusqu\u2019\u00e0 39\u00b0C<\/strong> dans le Voironnais, en entr\u00e9e de <a href=\"https:\/\/actu.fr\/auvergne-rhone-alpes\/grenoble_38185\" rel=\"nofollow noopener\" target=\"_blank\">Grenoble<\/a>, ou dans la vall\u00e9e du Rh\u00f4ne.<\/p>\n<p class=\" wall-content\">Une tendance qui devrait se poursuivre au moins jusqu\u2019\u00e0 mercredi. La <strong>vigilance orange canicule<\/strong> est, pour le moment, en vigueur jusqu\u2019\u00e0 mardi inclus.<\/p>\n<p class=\" wall-content\">Suivez toute l\u2019actualit\u00e9 de vos villes et m\u00e9dias favoris en vous inscrivant \u00e0 <a href=\"https:\/\/moncompte.actu.fr\" title=\"D\u00e9couvez Mon Actu\" rel=\"nofollow noopener\" data-trk=\"{&quot;cta&quot;:{&quot;action&quot;:&quot;https:\\\/\\\/moncompte.actu.fr&quot;,&quot;category&quot;:&quot;mon compte&quot;,&quot;from&quot;:&quot;article footer&quot;,&quot;name&quot;:&quot;Mon actu&quot;,&quot;type&quot;:&quot;cta&quot;}}\" target=\"_blank\">Mon Actu<\/a>.<\/p>\n","protected":false},"excerpt":{"rendered":"Par R\u00e9daction Grenoble Publi\u00e9 le 30 juin 2025 \u00e0 12h29 Durant ce deuxi\u00e8me week-end caniculaire, les temp\u00e9ratures ont&hellip;\n","protected":false},"author":2,"featured_media":200988,"comment_status":"","ping_status":"","sticky":false,"template":"","format":"standard","meta":{"footnotes":""},"categories":[9566],"tags":[1111,11,2430,6698,1777,674,1011,27,2731,2487,2357,12,4594,25],"class_list":{"0":"post-215502","1":"post","2":"type-post","3":"status-publish","4":"format-standard","5":"has-post-thumbnail","7":"category-grenoble","8":"tag-actu","9":"tag-actualites","10":"tag-auvergne-rhone-alpes","11":"tag-canicule","12":"tag-eu","13":"tag-europe","14":"tag-fr","15":"tag-france","16":"tag-grenoble","17":"tag-meteo","18":"tag-meteo-france","19":"tag-news","20":"tag-orages","21":"tag-republique-francaise"},"share_on_mastodon":{"url":"https:\/\/pubeurope.com\/@fr\/114771996736420121","error":""},"_links":{"self":[{"href":"https:\/\/www.europesays.com\/fr\/wp-json\/wp\/v2\/posts\/215502","targetHints":{"allow":["GET"]}}],"collection":[{"href":"https:\/\/www.europesays.com\/fr\/wp-json\/wp\/v2\/posts"}],"about":[{"href":"https:\/\/www.europesays.com\/fr\/wp-json\/wp\/v2\/types\/post"}],"author":[{"embeddable":true,"href":"https:\/\/www.europesays.com\/fr\/wp-json\/wp\/v2\/users\/2"}],"replies":[{"embeddable":true,"href":"https:\/\/www.europesays.com\/fr\/wp-json\/wp\/v2\/comments?post=215502"}],"version-history":[{"count":0,"href":"https:\/\/www.europesays.com\/fr\/wp-json\/wp\/v2\/posts\/215502\/revisions"}],"wp:featuredmedia":[{"embeddable":true,"href":"https:\/\/www.europesays.com\/fr\/wp-json\/wp\/v2\/media\/200988"}],"wp:attachment":[{"href":"https:\/\/www.europesays.com\/fr\/wp-json\/wp\/v2\/media?parent=215502"}],"wp:term":[{"taxonomy":"category","embeddable":true,"href":"https:\/\/www.europesays.com\/fr\/wp-json\/wp\/v2\/categories?post=215502"},{"taxonomy":"post_tag","embeddable":true,"href":"https:\/\/www.europesays.com\/fr\/wp-json\/wp\/v2\/tags?post=215502"}],"curies":[{"name":"wp","href":"https:\/\/api.w.org\/{rel}","templated":true}]}}