{"id":215505,"date":"2025-06-30T11:08:08","date_gmt":"2025-06-30T11:08:08","guid":{"rendered":"https:\/\/www.europesays.com\/fr\/215505\/"},"modified":"2025-06-30T11:08:08","modified_gmt":"2025-06-30T11:08:08","slug":"deux-couples-agresses-et-depouilles-a-rennes-les-agresseurs-toujours-en-fuite","status":"publish","type":"post","link":"https:\/\/www.europesays.com\/fr\/215505\/","title":{"rendered":"Deux couples agress\u00e9s et d\u00e9pouill\u00e9s \u00e0 Rennes\u00a0: les agresseurs toujours en fuite"},"content":{"rendered":"<p>Deux agressions coup sur coup. Dans la nuit du vendredi 27 au samedi 28 juin, deux jeunes couples ont \u00e9t\u00e9 frapp\u00e9s et d\u00e9pouill\u00e9s dans la capitale bretonne, a appris Le T\u00e9l\u00e9gramme confirmant une information de <a href=\"https:\/\/www.rennes-infos-autrement.fr\/prairies-saint-martin-agressions-violentes-et-vols-sous-la-menace-de-couteau\/\" target=\"_blank\" rel=\"nofollow noopener\">Rennes Info Autrement<\/a>. Les faits se sont produits au niveau de la rue d\u2019Antrain, \u00e0 proximit\u00e9 de l\u2019entr\u00e9e des prairies Saint-Martin.<\/p>\n<p>Les deux couples ont \u00e9t\u00e9 agress\u00e9s sous la menace d\u2019un couteau par une bande de six ou sept individus. Une des victimes a m\u00eame \u00e9t\u00e9 violemment frapp\u00e9e au visage. Les agresseurs sont repartis avec des t\u00e9l\u00e9phones et des montres connect\u00e9s. Une enqu\u00eate a \u00e9t\u00e9 ouverte.<\/p>\n","protected":false},"excerpt":{"rendered":"Deux agressions coup sur coup. Dans la nuit du vendredi 27 au samedi 28 juin, deux jeunes couples&hellip;\n","protected":false},"author":2,"featured_media":215506,"comment_status":"","ping_status":"","sticky":false,"template":"","format":"standard","meta":{"footnotes":""},"categories":[2821],"tags":[1111,11,829,1777,674,118,3383,1011,27,12,584,25],"class_list":{"0":"post-215505","1":"post","2":"type-post","3":"status-publish","4":"format-standard","5":"has-post-thumbnail","7":"category-rennes","8":"tag-actu","9":"tag-actualites","10":"tag-bretagne","11":"tag-eu","12":"tag-europe","13":"tag-faits-divers","14":"tag-faits-divers-a-rennes","15":"tag-fr","16":"tag-france","17":"tag-news","18":"tag-rennes","19":"tag-republique-francaise"},"share_on_mastodon":{"url":"https:\/\/pubeurope.com\/@fr\/114772004281287656","error":""},"_links":{"self":[{"href":"https:\/\/www.europesays.com\/fr\/wp-json\/wp\/v2\/posts\/215505","targetHints":{"allow":["GET"]}}],"collection":[{"href":"https:\/\/www.europesays.com\/fr\/wp-json\/wp\/v2\/posts"}],"about":[{"href":"https:\/\/www.europesays.com\/fr\/wp-json\/wp\/v2\/types\/post"}],"author":[{"embeddable":true,"href":"https:\/\/www.europesays.com\/fr\/wp-json\/wp\/v2\/users\/2"}],"replies":[{"embeddable":true,"href":"https:\/\/www.europesays.com\/fr\/wp-json\/wp\/v2\/comments?post=215505"}],"version-history":[{"count":0,"href":"https:\/\/www.europesays.com\/fr\/wp-json\/wp\/v2\/posts\/215505\/revisions"}],"wp:featuredmedia":[{"embeddable":true,"href":"https:\/\/www.europesays.com\/fr\/wp-json\/wp\/v2\/media\/215506"}],"wp:attachment":[{"href":"https:\/\/www.europesays.com\/fr\/wp-json\/wp\/v2\/media?parent=215505"}],"wp:term":[{"taxonomy":"category","embeddable":true,"href":"https:\/\/www.europesays.com\/fr\/wp-json\/wp\/v2\/categories?post=215505"},{"taxonomy":"post_tag","embeddable":true,"href":"https:\/\/www.europesays.com\/fr\/wp-json\/wp\/v2\/tags?post=215505"}],"curies":[{"name":"wp","href":"https:\/\/api.w.org\/{rel}","templated":true}]}}