{"id":215509,"date":"2025-06-30T11:10:15","date_gmt":"2025-06-30T11:10:15","guid":{"rendered":"https:\/\/www.europesays.com\/fr\/215509\/"},"modified":"2025-06-30T11:10:15","modified_gmt":"2025-06-30T11:10:15","slug":"strasbourg-apres-les-oni-sylvain-jolivalt-part-a-la-chasse-aux-dragons","status":"publish","type":"post","link":"https:\/\/www.europesays.com\/fr\/215509\/","title":{"rendered":"Strasbourg. Apr\u00e8s les \u201coni\u201d, Sylvain Jolivalt part \u00e0 la chasse aux dragons"},"content":{"rendered":"<p>La figurine de papier m\u00e2ch\u00e9, ind\u00e9niablement r\u00e9ussie, attire les regards. Vert bouteille, joliment anguleuse, dot\u00e9e de moustaches interminables, elle a \u00e9t\u00e9 enti\u00e8rement cr\u00e9\u00e9e par le grand gaillard qui la porte fi\u00e8rement. Elle est un symbole du nouveau sujet qui le pr\u00e9occupe, jusqu\u2019\u00e0 l\u2019obsession\u00a0: les dragons. On dit ry\u00fb , au Japon.<\/p>\n<p>\u00c0 55 ans, Sylvain Jolivalt explore les terres fantastiques des folklores asiatiques depuis toujours. Il cr\u00e9e des figurines. Il dessine. Il \u00e9crit, aussi, pour raconter ce qu\u2019il a lu, compris de ces imaginaires et dig\u00e9r\u00e9 de ses vastes recherches sur le sujet. Le Strasbourgeois a \u00e9tudi\u00e9 le japonais \u00e0 l\u2019universit\u00e9, ma\u00eetrise la langue moderne, mais \u00e9galement sa forme traditionnelle et le kanbun , le chinois classique \u00e9crit pour des Japonais. Un&#8230;<\/p>\n","protected":false},"excerpt":{"rendered":"La figurine de papier m\u00e2ch\u00e9, ind\u00e9niablement r\u00e9ussie, attire les regards. Vert bouteille, joliment anguleuse, dot\u00e9e de moustaches interminables,&hellip;\n","protected":false},"author":2,"featured_media":215510,"comment_status":"","ping_status":"","sticky":false,"template":"","format":"standard","meta":{"footnotes":""},"categories":[2820],"tags":[1111,11,1687,2880,1777,674,107,1011,27,775,2410,12,2661,25,640,2879],"class_list":{"0":"post-215509","1":"post","2":"type-post","3":"status-publish","4":"format-standard","5":"has-post-thumbnail","7":"category-strasbourg","8":"tag-actu","9":"tag-actualites","10":"tag-culture-loisirs","11":"tag-edition-strasbourg","12":"tag-eu","13":"tag-europe","14":"tag-fil-info","15":"tag-fr","16":"tag-france","17":"tag-grand-est","18":"tag-livres-bd","19":"tag-news","20":"tag-patrimoine-culturel","21":"tag-republique-francaise","22":"tag-strasbourg","23":"tag-strasbourg-ville"},"share_on_mastodon":{"url":"https:\/\/pubeurope.com\/@fr\/114772012116710599","error":""},"_links":{"self":[{"href":"https:\/\/www.europesays.com\/fr\/wp-json\/wp\/v2\/posts\/215509","targetHints":{"allow":["GET"]}}],"collection":[{"href":"https:\/\/www.europesays.com\/fr\/wp-json\/wp\/v2\/posts"}],"about":[{"href":"https:\/\/www.europesays.com\/fr\/wp-json\/wp\/v2\/types\/post"}],"author":[{"embeddable":true,"href":"https:\/\/www.europesays.com\/fr\/wp-json\/wp\/v2\/users\/2"}],"replies":[{"embeddable":true,"href":"https:\/\/www.europesays.com\/fr\/wp-json\/wp\/v2\/comments?post=215509"}],"version-history":[{"count":0,"href":"https:\/\/www.europesays.com\/fr\/wp-json\/wp\/v2\/posts\/215509\/revisions"}],"wp:featuredmedia":[{"embeddable":true,"href":"https:\/\/www.europesays.com\/fr\/wp-json\/wp\/v2\/media\/215510"}],"wp:attachment":[{"href":"https:\/\/www.europesays.com\/fr\/wp-json\/wp\/v2\/media?parent=215509"}],"wp:term":[{"taxonomy":"category","embeddable":true,"href":"https:\/\/www.europesays.com\/fr\/wp-json\/wp\/v2\/categories?post=215509"},{"taxonomy":"post_tag","embeddable":true,"href":"https:\/\/www.europesays.com\/fr\/wp-json\/wp\/v2\/tags?post=215509"}],"curies":[{"name":"wp","href":"https:\/\/api.w.org\/{rel}","templated":true}]}}