{"id":215515,"date":"2025-06-30T11:13:09","date_gmt":"2025-06-30T11:13:09","guid":{"rendered":"https:\/\/www.europesays.com\/fr\/215515\/"},"modified":"2025-06-30T11:13:09","modified_gmt":"2025-06-30T11:13:09","slug":"nice-le-couple-estrosi-convoque-pour-detournement-de-fonds-publics-ce-que-lon-sait","status":"publish","type":"post","link":"https:\/\/www.europesays.com\/fr\/215515\/","title":{"rendered":"Nice. Le couple Estrosi convoqu\u00e9 pour \u00ab\u00a0d\u00e9tournement de fonds publics\u00a0\u00bb, ce que l&rsquo;on sait"},"content":{"rendered":"<p>            Par<br \/>\n        <strong><br \/>\n            <a href=\"https:\/\/actu.fr\/auteur\/redaction-nice\" title=\"Consulter tous les articles de R\u00e9daction Nice\" rel=\"nofollow noopener\" target=\"_blank\">R\u00e9daction Nice<\/a><br \/>\n        <\/strong><\/p>\n<p>        Publi\u00e9 le<\/p>\n<p>            30 juin 2025 \u00e0 12h43        <\/p>\n<p>Ils font en ce moment m\u00eame face aux enqu\u00eateurs. Le maire Horizons de Nice (Alpes-Maritimes) Christian Estrosi et Laura Tenoudji-Estrosi sont entendus ce lundi 30\u00a0juin 2025 dans le cadre d\u2019<strong>enqu\u00eates ouvertes sur l\u2019organisation d\u2019\u00e9v\u00e9nements dans la capitale azur\u00e9enne en 2023<\/strong>, impliquant l\u2019\u00e9pouse de l\u2019\u00e9lu, apprend <a href=\"https:\/\/actu.fr\/nice\/\" rel=\"nofollow noopener\" target=\"_blank\">actu Nice<\/a>, confirmant des informations de <a href=\"https:\/\/www.mediapart.fr\/journal\/france\/270625\/eurovision-junior-nice-l-enquete-judiciaire-s-accelere\" rel=\"nofollow noopener\" target=\"_blank\">Mediapart<\/a>.<\/p>\n<p class=\" wall-content\">Le couple est interrog\u00e9 par des gendarmes dans le d\u00e9partement du Var. Et plus pr\u00e9cis\u00e9ment par \u00ab\u2009le d\u00e9tachement de <a href=\"https:\/\/actu.fr\/?s=Fr%C3%A9jus\" rel=\"nofollow noopener\" target=\"_blank\"><strong>Fr\u00e9jus<\/strong><\/a> de la section de recherches de Marseille\u2009\u00bb, indiquent-ils.<\/p>\n<p>L\u2019Eurovision Junior et le Nice Climate Summit<\/p>\n<p class=\" wall-content\">Selon une source proche du dossier, une dizaine de personnes au total sont convoqu\u00e9es dans le cadre d\u2019<strong>enqu\u00eates, initialement ouvertes \u00e0 <a href=\"https:\/\/actu.fr\/?s=nice\" rel=\"nofollow noopener\" target=\"_blank\">Nice<\/a> puis transf\u00e9r\u00e9es \u00e0 la juridiction interr\u00e9gionale sp\u00e9cialis\u00e9e (Jirs) de Marseille,<\/strong> portant sur le concours de chant Eurovision Junior, organis\u00e9 par France T\u00e9l\u00e9visions et retransmis sur France 2, et sur le Nice Climate Summit, port\u00e9 par le m\u00e9dia \u00e9conomique La Tribune.<\/p>\n<p class=\" wall-content\">France T\u00e9l\u00e9visions a confirm\u00e9 vendredi dans un communiqu\u00e9 <strong>\u00ab\u2009la convocation de sa pr\u00e9sidente\u2009\u00bb, Delphine Ernotte-Cunci,<\/strong> \u00ab\u2009ainsi que de salari\u00e9s du groupe et d\u2019une filiale pour \u00eatre entendus dans le cadre d\u2019une enqu\u00eate judiciaire portant sur l\u2019organisation d\u2019\u00e9v\u00e9nements dans la ville de Nice\u2009\u00bb.<\/p>\n<p class=\" wall-content\">Le groupe de t\u00e9l\u00e9vision publique \u00ab\u2009collaborera pleinement \u00e0 cette enqu\u00eate [et] entend r\u00e9server ses explications aux autorit\u00e9s judiciaires\u2009\u00bb.<\/p>\n<p>Vid\u00e9os : en ce moment sur Actu\u00c9viter \u00ab<strong>\u2009toute forme d\u2019instrumentalisation politique\u2009\u00bb<\/strong><\/p>\n<p class=\" wall-content\">Selon Mediapart et une source proche du dossier,<strong> Jean-Christophe Tortora<\/strong>, pr\u00e9sident de La Tribune et devenu \u00e9galement depuis directeur g\u00e9n\u00e9ral de CMA M\u00e9dia, est \u00e9galement convoqu\u00e9. Contact\u00e9e par l\u2019AFP, son avocate, Olinka Malaterre, a indiqu\u00e9 qu\u2019elle \u00ab\u2009ne ferait aucun commentaire sur l\u2019affaire\u2009\u00bb.<\/p>\n<p class=\" wall-content\">Il n\u2019a pas \u00e9t\u00e9 possible de joindre le couple Estrosi, mais <strong>la ville de Nice s\u2019est refus\u00e9e \u00e0 tout commentaire.<\/strong> \u00ab\u2009La loi impose le respect du secret de l\u2019enqu\u00eate n\u00e9cessaire \u00e0 la s\u00e9r\u00e9nit\u00e9 des investigations qui serait compromise par toute forme d\u2019instrumentalisation politique\u2009\u00bb, a-t-elle indiqu\u00e9 dans une br\u00e8ve d\u00e9claration transmise \u00e0 actu Nice.<\/p>\n<p class=\" wall-content\">Sollicit\u00e9, le parquet de Marseille n\u2019a pas r\u00e9pondu.<\/p>\n<p>\u00ab\u2009D\u00e9tournement de fonds publics\u2009\u00bb<\/p>\n<p class=\" wall-content\">Les enqu\u00eates sont notamment ouvertes pour \u00ab\u2009d\u00e9tournement de fonds publics\u2009\u00bb, <strong>\u00ab\u2009prise ill\u00e9gale d\u2019int\u00e9r\u00eats\u2009\u00bb<\/strong> ou encore \u00ab\u2009faux en \u00e9criture publique\u2009\u00bb, selon une source proche du dossier et Mediapart. Le site d\u2019investigation assure qu\u2019elles \u00ab\u2009vise [nt] directement\u2009\u00bb le couple Estrosi \u00ab\u2009lesquels contestent avoir commis toute infraction\u2009\u00bb.<\/p>\n<p class=\" wall-content\">Une premi\u00e8re enqu\u00eate avait \u00e9t\u00e9 ouverte apr\u00e8s un signalement d\u2019\u00e9lus \u00e9cologistes ni\u00e7ois concernant le colloque sur l\u2019environnement.<\/p>\n<p>Les activit\u00e9s de Laura Tenoudji-Estrosi<\/p>\n<p class=\" wall-content\"><strong>Chroniqueuse depuis 2000 \u00e0 T\u00e9l\u00e9matin sur France 2<\/strong> et \u00e9pouse de Christian Estrosi depuis 2016, Laura Tenoudji-Estrosi devait animer deux tables rondes lors du Nice Climate Summit, subventionn\u00e9 par la ville et la m\u00e9tropole et co-organis\u00e9 par La Tribune.<\/p>\n<p class=\" wall-content\">Face \u00e0 la pol\u00e9mique, elle y avait renonc\u00e9, la ville et la m\u00e9tropole assurant dans un communiqu\u00e9 qu\u2019elle devait intervenir au colloque<strong> \u00ab\u2009\u00e0 titre b\u00e9n\u00e9vole\u2009\u00bb<\/strong> et collaborait avec le m\u00e9dia \u00e9conomique.<\/p>\n<p class=\" wall-content\">Concernant l\u2019Eurovision Junior, l\u2019enqu\u00eate porte notamment, selon Mediapart, sur \u00ab\u2009le choix de confier \u00e0 Laura Tenoudji-Estrosi le soin de <strong>co-animer la c\u00e9r\u00e9monie d\u2019ouverture de l\u2019\u00e9v\u00e9nement,<\/strong> alors m\u00eame que la municipalit\u00e9 dirig\u00e9e par son mari s\u2019\u00e9tait montr\u00e9e tr\u00e8s g\u00e9n\u00e9reuse pour l\u2019accueillir, avec une prise en charge \u00e0 hauteur de 605.000 euros\u2009\u00bb.<\/p>\n<p class=\" wall-content\"><strong>Avec AFP<\/strong><\/p>\n<p class=\" wall-content\">Suivez toute l\u2019actualit\u00e9 de vos villes et m\u00e9dias favoris en vous inscrivant \u00e0 <a href=\"https:\/\/moncompte.actu.fr\" title=\"D\u00e9couvez Mon Actu\" rel=\"nofollow noopener\" data-trk=\"{&quot;cta&quot;:{&quot;action&quot;:&quot;https:\\\/\\\/moncompte.actu.fr&quot;,&quot;category&quot;:&quot;mon compte&quot;,&quot;from&quot;:&quot;article footer&quot;,&quot;name&quot;:&quot;Mon actu&quot;,&quot;type&quot;:&quot;cta&quot;}}\" target=\"_blank\">Mon Actu<\/a>.<\/p>\n<ul class=\"ac-article-tag wall-content\">\n<li><a href=\"https:\/\/actu.fr\/tag\/christian-estrosi\" data-trk=\"{&quot;cta&quot;:{&quot;action&quot;:&quot;Christian Estrosi&quot;,&quot;category&quot;:&quot;tag&quot;,&quot;from&quot;:&quot;article footer&quot;,&quot;name&quot;:&quot;Christian Estrosi&quot;,&quot;type&quot;:&quot;cta&quot;}}\" rel=\"nofollow noopener\" target=\"_blank\">#Christian Estrosi<\/a><\/li>\n<li><a href=\"https:\/\/actu.fr\/tag\/justice\" data-trk=\"{&quot;cta&quot;:{&quot;action&quot;:&quot;Justice&quot;,&quot;category&quot;:&quot;tag&quot;,&quot;from&quot;:&quot;article footer&quot;,&quot;name&quot;:&quot;Justice&quot;,&quot;type&quot;:&quot;cta&quot;}}\" rel=\"nofollow noopener\" target=\"_blank\">#Justice<\/a><\/li>\n<\/ul>\n","protected":false},"excerpt":{"rendered":"Par R\u00e9daction Nice Publi\u00e9 le 30 juin 2025 \u00e0 12h43 Ils font en ce moment m\u00eame face aux&hellip;\n","protected":false},"author":2,"featured_media":215516,"comment_status":"","ping_status":"","sticky":false,"template":"","format":"standard","meta":{"footnotes":""},"categories":[2819],"tags":[1111,11,2397,1777,674,118,1011,27,303,12,2401,882,25],"class_list":{"0":"post-215515","1":"post","2":"type-post","3":"status-publish","4":"format-standard","5":"has-post-thumbnail","7":"category-nice","8":"tag-actu","9":"tag-actualites","10":"tag-christian-estrosi","11":"tag-eu","12":"tag-europe","13":"tag-faits-divers","14":"tag-fr","15":"tag-france","16":"tag-justice","17":"tag-news","18":"tag-nice","19":"tag-provence-alpes-cote-dazur","20":"tag-republique-francaise"},"share_on_mastodon":{"url":"https:\/\/pubeurope.com\/@fr\/114772023984973716","error":""},"_links":{"self":[{"href":"https:\/\/www.europesays.com\/fr\/wp-json\/wp\/v2\/posts\/215515","targetHints":{"allow":["GET"]}}],"collection":[{"href":"https:\/\/www.europesays.com\/fr\/wp-json\/wp\/v2\/posts"}],"about":[{"href":"https:\/\/www.europesays.com\/fr\/wp-json\/wp\/v2\/types\/post"}],"author":[{"embeddable":true,"href":"https:\/\/www.europesays.com\/fr\/wp-json\/wp\/v2\/users\/2"}],"replies":[{"embeddable":true,"href":"https:\/\/www.europesays.com\/fr\/wp-json\/wp\/v2\/comments?post=215515"}],"version-history":[{"count":0,"href":"https:\/\/www.europesays.com\/fr\/wp-json\/wp\/v2\/posts\/215515\/revisions"}],"wp:featuredmedia":[{"embeddable":true,"href":"https:\/\/www.europesays.com\/fr\/wp-json\/wp\/v2\/media\/215516"}],"wp:attachment":[{"href":"https:\/\/www.europesays.com\/fr\/wp-json\/wp\/v2\/media?parent=215515"}],"wp:term":[{"taxonomy":"category","embeddable":true,"href":"https:\/\/www.europesays.com\/fr\/wp-json\/wp\/v2\/categories?post=215515"},{"taxonomy":"post_tag","embeddable":true,"href":"https:\/\/www.europesays.com\/fr\/wp-json\/wp\/v2\/tags?post=215515"}],"curies":[{"name":"wp","href":"https:\/\/api.w.org\/{rel}","templated":true}]}}