{"id":21553,"date":"2025-04-13T06:30:16","date_gmt":"2025-04-13T06:30:16","guid":{"rendered":"https:\/\/www.europesays.com\/fr\/21553\/"},"modified":"2025-04-13T06:30:16","modified_gmt":"2025-04-13T06:30:16","slug":"lepr-de-flamanville-un-caillou-dans-la-chaussure-du-futur-patron-dedf","status":"publish","type":"post","link":"https:\/\/www.europesays.com\/fr\/21553\/","title":{"rendered":"l\u2019EPR de Flamanville, un caillou dans la chaussure du futur patron d\u2019EDF"},"content":{"rendered":"<p><strong>D\u00c9CRYPTAGE &#8211;<\/strong> \u00c0 peine mis en route, le dernier-n\u00e9 des r\u00e9acteurs fran\u00e7ais a encha\u00een\u00e9 les arr\u00eats et les contretemps.<\/p>\n<p class=\"fig-paragraph\">\u00ab\u00a0Le premier d\u00e9marrage d\u2019un r\u00e9acteur est un processus long\u00a0\u00bb, explique EDF. Un doux euph\u00e9misme alors que l\u2019<a href=\"http:\/\/www.lefigaro.fr\/conjoncture\/nouveau-report-du-redemarrage-de-l-epr-de-flamanville-20250410\" data-fig-type=\"NewsFlash\" data-gtm-custom-categorie=\"navigation\" data-gtm-custom-action=\"crossclick\" data-gtm-custom-label=\"Contextuel\" data-gtm-event=\"customEventSPE\" data-fig-domain=\"LEFIGARO\" target=\"_blank\" rel=\"noopener\">EPR de Flamanville\u00a0<\/a>ne devrait pas \u00eatre relanc\u00e9 avant le 17\u00a0avril. Soit treize jours avant l\u2019audition de Bernard Fontana par la commission \u00e9conomique de l\u2019Assembl\u00e9e nationale, point d\u2019\u00e9tape indispensable \u00e0 celui choisi par Emmanuel Macron pour succ\u00e9der \u00e0 Luc R\u00e9mont \u00e0 la t\u00eate d\u2019EDF. L\u2019EPR \u00e9tait sur la feuille de route de ce dernier il y a un peu plus de deux ans, il sera \u00e0 n\u2019en pas douter, en haut de celle de son successeur. D\u2019autant que\u00a0<a href=\"http:\/\/www.lefigaro.fr\/conjoncture\/bernard-fontana-un-industriel-pour-la-presidence-d-edf-20250321\" data-fig-type=\"Article\" data-gtm-custom-categorie=\"navigation\" data-gtm-custom-action=\"crossclick\" data-gtm-custom-label=\"Contextuel\" data-gtm-event=\"customEventSPE\" data-fig-domain=\"LEFIGARO\" target=\"_blank\" rel=\"noopener\">Bernard Fontana<\/a>\u00a0conna\u00eet bien le sujet\u00a0: depuis dix ans, il est \u00e0 la t\u00eate de<a href=\"http:\/\/www.lefigaro.fr\/societes\/framatome-obtient-un-financement-pour-remplacer-le-nucleaire-russe-en-europe-de-l-est-20240621\" data-fig-type=\"NewsFlash\" data-gtm-custom-categorie=\"navigation\" data-gtm-custom-action=\"crossclick\" data-gtm-custom-label=\"Contextuel\" data-gtm-event=\"customEventSPE\" data-fig-domain=\"LEFIGARO\" target=\"_blank\" rel=\"noopener\">\u00a0Framatome<\/a>, l\u2019ex-Areva NP qui a notamment fourni la cuve de l\u2019EPR. En octobre dernier, il a aussi pris la t\u00eate d\u2019Arabelle Solutions, le fabricant de turbines rachet\u00e9 \u00e0 l\u2019am\u00e9ricain GE qui l\u2019avait lui m\u00eame acquis dix ans plus t\u00f4t aupr\u00e8s d\u2019Alstom. Un fin connaisseur de l\u2019industrie est donc attendu \u00e0 la t\u00eate d\u2019EDF.<\/p>\n<p class=\"fig-paragraph\">Mais l\u2019EPR aurait-il red\u00e9marr\u00e9 d\u2019ici \u00e0 son arriv\u00e9e \u00e0 la pr\u00e9sidence\u2026<\/p>\n<p class=\"fig-premium-paywall__infos\">\n        Cet article est r\u00e9serv\u00e9 aux abonn\u00e9s.        Il vous reste 85% \u00e0 d\u00e9couvrir.\n    <\/p>\n<p>                <img  data- alt=\"Le Figaro\" class=\"fig-img--complete fig-img\"\/><\/p>\n<p class=\"fig-premium-paywall__title\">Vous avez envie de lire la suite ?<\/p>\n<p class=\"fig-premium-paywall__subtitle\">D\u00e9bloquez tous les articles imm\u00e9diatement.<\/p>\n<p class=\"fig-premium-paywall__connect\">\n                D\u00e9j\u00e0 abonn\u00e9\u00a0?                <a class=\"fig-premium-paywall__connect-link\" href=\"https:\/\/connect.lefigaro.fr\/login?client=horizon_web&amp;type=main&amp;redirect_uri=https%3A%2F%2Fwww.lefigaro.fr%2Fsocietes%2Fle-nombre-d-erreurs-humaines-est-preoccupant-l-epr-de-flamanville-un-caillou-dans-la-chaussure-du-futur-patron-d-edf-20250411\" data-js-gtm=\"{&quot;customCategorie&quot;: &quot;conversion&quot;, &quot;customAction&quot;: &quot;before_Landing_Connexion_paywall_auto&quot;, &quot;customLabel&quot;: &quot;bGVmaWdhcm8uZnJfXzFmMDE2YjYyLWI0ZGQtNmMxNC1hYTZhLWNmYWM5MzBhZDA4Nl9fQXJ0aWNsZQ==_\u00abLe nombre d\u2019erreurs humaines est pr\u00e9occupant\u00bb: l\u2019EPR de Flamanville, un caillou dans la chaussure du futur patron d\u2019EDF_56&quot;, &quot;customIDSPE&quot;: &quot;bGVmaWdhcm8uZnJfXzFmMDE2YjYyLWI0ZGQtNmMxNC1hYTZhLWNmYWM5MzBhZDA4Nl9fQXJ0aWNsZQ==&quot;, &quot;event&quot;: &quot;customEventSPE&quot;}\" target=\"_blank\" rel=\"noopener\"><br \/>\n                    Connectez-vous<br \/>\n                <\/a>\n            <\/p>\n","protected":false},"excerpt":{"rendered":"D\u00c9CRYPTAGE &#8211; \u00c0 peine mis en route, le dernier-n\u00e9 des r\u00e9acteurs fran\u00e7ais a encha\u00een\u00e9 les arr\u00eats et les&hellip;\n","protected":false},"author":2,"featured_media":21554,"comment_status":"","ping_status":"","sticky":false,"template":"","format":"standard","meta":{"footnotes":""},"categories":[6],"tags":[631,627,630,340,398,35,343,634,405,629,636,33,34,1647,632,638,8052,1011,27,637,399,639,635,5654,401,628,633,407],"class_list":{"0":"post-21553","1":"post","2":"type-post","3":"status-publish","4":"format-standard","5":"has-post-thumbnail","7":"category-economie","8":"tag-action","9":"tag-actions-francaise","10":"tag-actualite-bourse","11":"tag-bourse","12":"tag-bourse-de-paris","13":"tag-business","14":"tag-cac-40","15":"tag-cotation","16":"tag-cotations","17":"tag-cours-des-societes-francaises","18":"tag-devises","19":"tag-economie","20":"tag-economy","21":"tag-edf","22":"tag-fcp","23":"tag-figaro","24":"tag-flamanville","25":"tag-fr","26":"tag-france","27":"tag-indices","28":"tag-investissement","29":"tag-le-figaro","30":"tag-marches","31":"tag-nucleaire","32":"tag-sicav","33":"tag-societes-etrangeres","34":"tag-warrant","35":"tag-warrants"},"share_on_mastodon":{"url":"https:\/\/pubeurope.com\/@fr\/114329250910438271","error":""},"_links":{"self":[{"href":"https:\/\/www.europesays.com\/fr\/wp-json\/wp\/v2\/posts\/21553","targetHints":{"allow":["GET"]}}],"collection":[{"href":"https:\/\/www.europesays.com\/fr\/wp-json\/wp\/v2\/posts"}],"about":[{"href":"https:\/\/www.europesays.com\/fr\/wp-json\/wp\/v2\/types\/post"}],"author":[{"embeddable":true,"href":"https:\/\/www.europesays.com\/fr\/wp-json\/wp\/v2\/users\/2"}],"replies":[{"embeddable":true,"href":"https:\/\/www.europesays.com\/fr\/wp-json\/wp\/v2\/comments?post=21553"}],"version-history":[{"count":0,"href":"https:\/\/www.europesays.com\/fr\/wp-json\/wp\/v2\/posts\/21553\/revisions"}],"wp:featuredmedia":[{"embeddable":true,"href":"https:\/\/www.europesays.com\/fr\/wp-json\/wp\/v2\/media\/21554"}],"wp:attachment":[{"href":"https:\/\/www.europesays.com\/fr\/wp-json\/wp\/v2\/media?parent=21553"}],"wp:term":[{"taxonomy":"category","embeddable":true,"href":"https:\/\/www.europesays.com\/fr\/wp-json\/wp\/v2\/categories?post=21553"},{"taxonomy":"post_tag","embeddable":true,"href":"https:\/\/www.europesays.com\/fr\/wp-json\/wp\/v2\/tags?post=21553"}],"curies":[{"name":"wp","href":"https:\/\/api.w.org\/{rel}","templated":true}]}}