{"id":215572,"date":"2025-06-30T11:42:09","date_gmt":"2025-06-30T11:42:09","guid":{"rendered":"https:\/\/www.europesays.com\/fr\/215572\/"},"modified":"2025-06-30T11:42:09","modified_gmt":"2025-06-30T11:42:09","slug":"mes-racines-sont-a-esery-adrien-saddier-tres-attache-a-la-haute-savoie-lequipe","status":"publish","type":"post","link":"https:\/\/www.europesays.com\/fr\/215572\/","title":{"rendered":"\u00ab Mes racines sont \u00e0 \u00c9sery \u00bb : Adrien Saddier, tr\u00e8s attach\u00e9 \u00e0 la Haute-Savoie &#8211; L&#039;\u00c9quipe"},"content":{"rendered":"<ol>\n<li><a href=\"https:\/\/news.google.com\/rss\/articles\/CBMiugFBVV95cUxPRU0yYTdCekJoX29DdURaNEhEbHlsbWMyOE9ackZOWkUzVHV1Vlo1X2NWNWNiR2JoRkVWeERfMWZzZFJrSGctN0RqeTVTS3oyZWNkaUJRaE9oV3VBaWV4czJQSmNLNW1pUHJaeXdKMDRaRFNmRGNKZFZPZDVCelNLaVNqSzMxeFRYRGxwd3A5SVM3TlhQS20zNU9GSG00VkhrTDZXaVN3UGNzbEI3cDFiYkVvVGNwVXJwbHc?oc=5\" target=\"_blank\" rel=\"nofollow noopener\">\u00ab Mes racines sont \u00e0 \u00c9sery \u00bb : Adrien Saddier, tr\u00e8s attach\u00e9 \u00e0 la Haute-Savoie<\/a>&nbsp;&nbsp;L&rsquo;\u00c9quipe<\/li>\n<li><a href=\"https:\/\/news.google.com\/rss\/articles\/CBMiqAFBVV95cUxNY1YwX0ZmMFhnQnZWWG5QSFBOWHBYTGY3VHVYX2R6Yk85V2RaQkRVT1k5R2k2V09xckh2MHU4M3FVVktEbWRjVjl5WnJoUEUyVWZFMFpqekpJQUYxal9OQWF1S2J1R1ZjMUZ3NkREbm9nYkpWSWJDSmh0bFBFd0VvM1ZCQ01XWTNHTmVJMDhfNElJWWVxZlFqdG5Da3ZPNzNzRjVTVGNWd0k?oc=5\" target=\"_blank\" rel=\"nofollow noopener\">Martin Couvra aux portes du top 100 mondial. Matthieu Pavon recule !<\/a>&nbsp;&nbsp;Golf Plan\u00e8te<\/li>\n<li><a href=\"https:\/\/news.google.com\/rss\/articles\/CBMizAFBVV95cUxPN0wzalRZU2V2Q3N3R0VuMzczd0ZIbF8xcS1XbmFPWWxTUk56NXMwaktVV1EwRzEwYVBYVVpWZjAyZDlIRm9nM0FsdXBXZjhBaFg5eVQxaWNZbndfWWhHelp3eHhNSURUNFF2VEdRbVczckhDMUtXY045Mmk0Z3pETUUtMC1KUGRYNGNuWmNkT3RzMG1Rb3pfQWx1Y2M3WThrMm5tVUFHMGxubVVFYy1MYktNWEhnT1g1OERzUjVoRnhnZV9qOElwY2ZsLWfSAcsBQVVfeXFMUFZtSmhiRkxiVDRqNEhEUFVfQVV5ZEhnQUlfZFR5T3FRSzhuVlkySGNfQktCVXFhM3M1aUJaUS1xWk5ZbGVQTmtrSWUzaUUzWnpTUWh0Q2dJRzFLTUp6bWRvdG9TblBncl9vX1RhdmpKSHNvaTFHSC1DR3ByclBscVZwc00xTDhDbmNkVDU2QVdaMlZBaEFrU3Jrcjc4RHRWejZqU3lLM3lNb2RqVENHcmpldEFnQWp6Znd0ei1NS3dIVUZldUtiOG5fWGM?oc=5\" target=\"_blank\" rel=\"nofollow noopener\">Golf &#8211; DP World Tour : Saddier remporte l&rsquo;Open d&rsquo;Italie devant Couvra<\/a>&nbsp;&nbsp;Orange Actualit\u00e9s | Sports<\/li>\n<li><a href=\"https:\/\/news.google.com\/rss\/articles\/CBMimAFBVV95cUxNVlpjRGxKTGYyMTl5Tm4yejVDbDl5LXNzMnA0cHJfYjBSRXpsREZtOHpkVVp3WjFvNHc5cUdUb2FlN2E5ckNlRkRzcXl4d3d1RkkyY0llUUU4dU9EOGZjNElfc2ktVW1VdEo3NUs2SkhvWXRuWjRMaGxIQkVrU1h1c2pGWXNEMC0zT1BucWxRSF9sSXd6UmZUNQ?oc=5\" target=\"_blank\" rel=\"nofollow noopener\">Italian Open : Adrien Saddier, campione !<\/a>&nbsp;&nbsp;F\u00e9d\u00e9ration Fran\u00e7aise de Golf<\/li>\n<li><a href=\"https:\/\/news.google.com\/rss\/articles\/CBMiugFBVV95cUxPWG90T0dvc2szRUs4ZGs2ajlKVVUtV2l2Z2h4aGUzMHFmZ3ZaOHN1MmtKT0FkSnB5QTJWZHU0WkRCRlNCN1BtWFZmS1lkTXUtSml0V3hfX1EzZVN1U3g3bEdGTkZyRmppWHF2d2pFR3F4TGZwOXNLYkpHQnU3ZXpuOVFicEZhS3h4X0Z3czNuX1hqSVBlazB5VnFzc0dfWU9CanRPZlJ0NUVnanVBOFlwVzRqckFaSFhhdmc?oc=5\" target=\"_blank\" rel=\"nofollow noopener\">Golf : Adrien Saddier vainqueur devant Martin Couvra, doubl\u00e9 fran\u00e7ais \u00e0 l\u2019Open d\u2019Italie<\/a>&nbsp;&nbsp;Le Figaro Golf<\/li>\n<\/ol>\n","protected":false},"excerpt":{"rendered":"\u00ab Mes racines sont \u00e0 \u00c9sery \u00bb : Adrien Saddier, tr\u00e8s attach\u00e9 \u00e0 la Haute-Savoie&nbsp;&nbsp;L&rsquo;\u00c9quipe Martin Couvra aux&hellip;\n","protected":false},"author":2,"featured_media":215573,"comment_status":"","ping_status":"","sticky":false,"template":"","format":"standard","meta":{"footnotes":""},"categories":[1418],"tags":[1011,27,1472,60],"class_list":{"0":"post-215572","1":"post","2":"type-post","3":"status-publish","4":"format-standard","5":"has-post-thumbnail","7":"category-golf","8":"tag-fr","9":"tag-france","10":"tag-golf","11":"tag-sports"},"share_on_mastodon":{"url":"https:\/\/pubeurope.com\/@fr\/114772137900081945","error":""},"_links":{"self":[{"href":"https:\/\/www.europesays.com\/fr\/wp-json\/wp\/v2\/posts\/215572","targetHints":{"allow":["GET"]}}],"collection":[{"href":"https:\/\/www.europesays.com\/fr\/wp-json\/wp\/v2\/posts"}],"about":[{"href":"https:\/\/www.europesays.com\/fr\/wp-json\/wp\/v2\/types\/post"}],"author":[{"embeddable":true,"href":"https:\/\/www.europesays.com\/fr\/wp-json\/wp\/v2\/users\/2"}],"replies":[{"embeddable":true,"href":"https:\/\/www.europesays.com\/fr\/wp-json\/wp\/v2\/comments?post=215572"}],"version-history":[{"count":0,"href":"https:\/\/www.europesays.com\/fr\/wp-json\/wp\/v2\/posts\/215572\/revisions"}],"wp:featuredmedia":[{"embeddable":true,"href":"https:\/\/www.europesays.com\/fr\/wp-json\/wp\/v2\/media\/215573"}],"wp:attachment":[{"href":"https:\/\/www.europesays.com\/fr\/wp-json\/wp\/v2\/media?parent=215572"}],"wp:term":[{"taxonomy":"category","embeddable":true,"href":"https:\/\/www.europesays.com\/fr\/wp-json\/wp\/v2\/categories?post=215572"},{"taxonomy":"post_tag","embeddable":true,"href":"https:\/\/www.europesays.com\/fr\/wp-json\/wp\/v2\/tags?post=215572"}],"curies":[{"name":"wp","href":"https:\/\/api.w.org\/{rel}","templated":true}]}}