{"id":215574,"date":"2025-06-30T11:44:08","date_gmt":"2025-06-30T11:44:08","guid":{"rendered":"https:\/\/www.europesays.com\/fr\/215574\/"},"modified":"2025-06-30T11:44:08","modified_gmt":"2025-06-30T11:44:08","slug":"36-heures-apres-la-finale-le-toulousain-romain-ntamack-a-ete-opere","status":"publish","type":"post","link":"https:\/\/www.europesays.com\/fr\/215574\/","title":{"rendered":"36 heures apr\u00e8s la finale, le Toulousain Romain Ntamack a \u00e9t\u00e9 op\u00e9r\u00e9"},"content":{"rendered":"<p>L\u2019ouvreur des champions de France avait annonc\u00e9 de longue date qu\u2019il subirait une arthroscopie pour nettoyer son genou gauche qui le fait souffrir depuis des mois.<\/p>\n<p class=\"fig-paragraph\">Il n\u2019a pas attendu longtemps. 36 heures apr\u00e8s<a href=\"http:\/\/www.lefigaro.fr\/sports\/rugby\/top-14\/finale-top-14-toulouse-remporte-un-24e-bouclier-de-brennus-en-dominant-l-ubb-au-bout-de-la-prolongation-20250628\" data-fig-type=\"NewsFlash\" data-gtm-custom-categorie=\"navigation\" data-gtm-custom-action=\"crossclick\" data-gtm-custom-label=\"Contextuel\" data-gtm-event=\"customEventSPE\" data-fig-domain=\"LEFIGARO\" target=\"_blank\" rel=\"noopener\">\u00a0le titre de champion de France<\/a>\u00a0remport\u00e9 par le Stade Toulousain apr\u00e8s prolongation contre l\u2019UBB,\u00a0<a href=\"http:\/\/www.lefigaro.fr\/sports\/rugby\/top-14\/finale-top-14-ntamack-en-larmes-et-sorti-a-la-mi-temps-bielle-biarrey-aussi-cote-ubb-20250628\" data-fig-type=\"NewsFlash\" data-gtm-custom-categorie=\"navigation\" data-gtm-custom-action=\"crossclick\" data-gtm-custom-label=\"Contextuel\" data-gtm-event=\"customEventSPE\" data-fig-domain=\"LEFIGARO\" target=\"_blank\" rel=\"noopener\">Romain Ntamack<\/a>\u00a0est pass\u00e9 sur la table d\u2019op\u00e9ration.<\/p>\n<p class=\"fig-paragraph\">G\u00ean\u00e9 depuis des mois apr\u00e8s des douleurs au genou gauche, suite de sa rupture des ligaments crois\u00e9s avant la Coupe du monde 2023, le demi d\u2019ouverture international avait confi\u00e9 qu\u2019il jouait sous infiltration et qu\u2019il devait \u00abserrer les dents\u00bb pour tenir jusqu\u2019\u00e0 la finale.<\/p>\n<p class=\"fig-paragraph\"><a href=\"http:\/\/www.lefigaro.fr\/sports\/rugby\/top-14\/finale-top-14-il-est-temps-que-ca-s-arrete-avoue-romain-ntamack-20250629\" data-fig-type=\"NewsFlash\" data-gtm-custom-categorie=\"navigation\" data-gtm-custom-action=\"crossclick\" data-gtm-custom-label=\"Contextuel\" data-gtm-event=\"customEventSPE\" data-fig-domain=\"LEFIGARO\" target=\"_blank\" rel=\"noopener\">\u00abIl est temps que \u00e7a s\u2019arr\u00eate\u00bb,<\/a> \u00a0avait lanc\u00e9 le joueur au micro de France T\u00e9l\u00e9visions samedi soir \u00e0 l\u2019issue de la finale. Ce lundi midi, il a donc publi\u00e9 sur son compte Instagram une photo de lui \u00e0 l\u2019h\u00f4pital, une fois l\u2019op\u00e9ration termin\u00e9e.<\/p>\n<p>    Romain Ntamack dans sa chambre d\u2019h\u00f4pital ce lundi<br \/>\n                Instagram<\/p>\n<p class=\"fig-paragraph\">Apr\u00e8s l\u2019intervention \u2013 une arthroscopie pour nettoyer les cartilages, Romain Ntamack restera en convalescence quelques semaines avant de se lancer dans la pr\u00e9paration athl\u00e9tique pour la saison prochaine.<\/p>\n","protected":false},"excerpt":{"rendered":"L\u2019ouvreur des champions de France avait annonc\u00e9 de longue date qu\u2019il subirait une arthroscopie pour nettoyer son genou&hellip;\n","protected":false},"author":2,"featured_media":215575,"comment_status":"","ping_status":"","sticky":false,"template":"","format":"standard","meta":{"footnotes":""},"categories":[1416],"tags":[525,4590,1981,2313,814,1011,27,955,4589,2311,1980,7205,479,1468,2259,60,476,478,2310,2312],"class_list":{"0":"post-215574","1":"post","2":"type-post","3":"status-publish","4":"format-standard","5":"has-post-thumbnail","7":"category-rugby","8":"tag-calendrier","9":"tag-championnat-france","10":"tag-classement","11":"tag-clermont","12":"tag-direct","13":"tag-fr","14":"tag-france","15":"tag-match","16":"tag-phase-finale","17":"tag-racing","18":"tag-resultats","19":"tag-romain-ntamack","20":"tag-rugby","21":"tag-rugby-football","22":"tag-score","23":"tag-sports","24":"tag-stade-toulousain","25":"tag-top-14","26":"tag-toulon","27":"tag-toulouse"},"share_on_mastodon":{"url":"https:\/\/pubeurope.com\/@fr\/114772145823165359","error":""},"_links":{"self":[{"href":"https:\/\/www.europesays.com\/fr\/wp-json\/wp\/v2\/posts\/215574","targetHints":{"allow":["GET"]}}],"collection":[{"href":"https:\/\/www.europesays.com\/fr\/wp-json\/wp\/v2\/posts"}],"about":[{"href":"https:\/\/www.europesays.com\/fr\/wp-json\/wp\/v2\/types\/post"}],"author":[{"embeddable":true,"href":"https:\/\/www.europesays.com\/fr\/wp-json\/wp\/v2\/users\/2"}],"replies":[{"embeddable":true,"href":"https:\/\/www.europesays.com\/fr\/wp-json\/wp\/v2\/comments?post=215574"}],"version-history":[{"count":0,"href":"https:\/\/www.europesays.com\/fr\/wp-json\/wp\/v2\/posts\/215574\/revisions"}],"wp:featuredmedia":[{"embeddable":true,"href":"https:\/\/www.europesays.com\/fr\/wp-json\/wp\/v2\/media\/215575"}],"wp:attachment":[{"href":"https:\/\/www.europesays.com\/fr\/wp-json\/wp\/v2\/media?parent=215574"}],"wp:term":[{"taxonomy":"category","embeddable":true,"href":"https:\/\/www.europesays.com\/fr\/wp-json\/wp\/v2\/categories?post=215574"},{"taxonomy":"post_tag","embeddable":true,"href":"https:\/\/www.europesays.com\/fr\/wp-json\/wp\/v2\/tags?post=215574"}],"curies":[{"name":"wp","href":"https:\/\/api.w.org\/{rel}","templated":true}]}}