{"id":215576,"date":"2025-06-30T11:45:10","date_gmt":"2025-06-30T11:45:10","guid":{"rendered":"https:\/\/www.europesays.com\/fr\/215576\/"},"modified":"2025-06-30T11:45:10","modified_gmt":"2025-06-30T11:45:10","slug":"wimbledon-sinner-alcaraz-ou-djokovic-toni-nadal-nhesite-pas-je-ne-vois-personne-qui-puisse-lui-poser-de-serieux-problemes","status":"publish","type":"post","link":"https:\/\/www.europesays.com\/fr\/215576\/","title":{"rendered":"Wimbledon > Sinner, Alcaraz ou Djokovic, Toni Nadal n&rsquo;h\u00e9site pas : \u00ab\u00a0Je ne vois personne qui puisse lui poser de s\u00e9rieux probl\u00e8mes\u00a0\u00bb"},"content":{"rendered":"<p>Dans une chro\u00adnique \u00e9crite pour <a href=\"https:\/\/elpais.com\/deportes\/tenis\/2025-06-30\/puede-alguien-frenar-a-este-alcaraz-pletorico.html\" data-wpel-link=\"external\" target=\"_blank\" rel=\"nofollow external noopener\">El Pa\u00eds<\/a> avant le d\u00e9but de Wimbledon (30 juin au 13 juillet), Toni Nadal a d\u00e9sign\u00e9 Carlos Alcaraz, vain\u00adqueur de Roland\u2010Garros puis du Queen\u2019s et double tenant du titre du Grand Chelem londo\u00adnien, comme le grand favori de cette nouvelle \u00e9dition.\u00a0<\/p>\n<p><strong>\u00ab\u202fDans des condi\u00adtions normales, peu de joueurs sont capables de le perturber, je ne vois personne qui puisse lui poser de s\u00e9rieux probl\u00e8mes, d\u2019au\u00adtant plus qu\u2019il arrive en pleine forme et en pleine confiance. L\u2019Italien sait qu\u2019au moment crucial, il n\u2019a pas su ma\u00eetriser ses nerfs, et il lui sera diffi\u00adcile d\u2019ou\u00adblier ce souvenir amer\u202f\u00bb<\/strong>,<\/p>\n<p class=\"post-published-date\" style=\"color: silver; font-size: 75%; text-align: left;\">Publi\u00e9 le lundi 30 juin 2025 \u00e0 12:40<\/p>\n","protected":false},"excerpt":{"rendered":"Dans une chro\u00adnique \u00e9crite pour El Pa\u00eds avant le d\u00e9but de Wimbledon (30 juin au 13 juillet), Toni&hellip;\n","protected":false},"author":2,"featured_media":198562,"comment_status":"","ping_status":"","sticky":false,"template":"","format":"standard","meta":{"footnotes":""},"categories":[1415],"tags":[1744,105,1011,27,1960,2127,60,1467],"class_list":{"0":"post-215576","1":"post","2":"type-post","3":"status-publish","4":"format-standard","5":"has-post-thumbnail","7":"category-tennis","8":"tag-alcaraz","9":"tag-djokovic","10":"tag-fr","11":"tag-france","12":"tag-nadal","13":"tag-sinner","14":"tag-sports","15":"tag-tennis"},"share_on_mastodon":{"url":"https:\/\/pubeurope.com\/@fr\/114772149738731405","error":""},"_links":{"self":[{"href":"https:\/\/www.europesays.com\/fr\/wp-json\/wp\/v2\/posts\/215576","targetHints":{"allow":["GET"]}}],"collection":[{"href":"https:\/\/www.europesays.com\/fr\/wp-json\/wp\/v2\/posts"}],"about":[{"href":"https:\/\/www.europesays.com\/fr\/wp-json\/wp\/v2\/types\/post"}],"author":[{"embeddable":true,"href":"https:\/\/www.europesays.com\/fr\/wp-json\/wp\/v2\/users\/2"}],"replies":[{"embeddable":true,"href":"https:\/\/www.europesays.com\/fr\/wp-json\/wp\/v2\/comments?post=215576"}],"version-history":[{"count":0,"href":"https:\/\/www.europesays.com\/fr\/wp-json\/wp\/v2\/posts\/215576\/revisions"}],"wp:featuredmedia":[{"embeddable":true,"href":"https:\/\/www.europesays.com\/fr\/wp-json\/wp\/v2\/media\/198562"}],"wp:attachment":[{"href":"https:\/\/www.europesays.com\/fr\/wp-json\/wp\/v2\/media?parent=215576"}],"wp:term":[{"taxonomy":"category","embeddable":true,"href":"https:\/\/www.europesays.com\/fr\/wp-json\/wp\/v2\/categories?post=215576"},{"taxonomy":"post_tag","embeddable":true,"href":"https:\/\/www.europesays.com\/fr\/wp-json\/wp\/v2\/tags?post=215576"}],"curies":[{"name":"wp","href":"https:\/\/api.w.org\/{rel}","templated":true}]}}