{"id":215579,"date":"2025-06-30T11:47:09","date_gmt":"2025-06-30T11:47:09","guid":{"rendered":"https:\/\/www.europesays.com\/fr\/215579\/"},"modified":"2025-06-30T11:47:09","modified_gmt":"2025-06-30T11:47:09","slug":"alex-marquez-a-ete-opere-avec-succes-apres-sa-fracture-de-la-main-gauche","status":"publish","type":"post","link":"https:\/\/www.europesays.com\/fr\/215579\/","title":{"rendered":"Alex Marquez a \u00e9t\u00e9 op\u00e9r\u00e9 avec succ\u00e8s apr\u00e8s sa fracture de la main gauche"},"content":{"rendered":"<p>Alex marquez a \u00e9t\u00e9 victime d\u2019une fracture de la main gauche apr\u00e8s sa chute \u00e0 la suite du contact avec Pedro Acosta lors du Grand Prix des Pays-Bas, hier \u00e0 Assen. Le pilote Gresini a \u00e9t\u00e9 op\u00e9r\u00e9 avec succ\u00e8s.<\/p>\n<p class=\"fig-paragraph\">M\u00eame pour se rendre \u00e0 l\u2019h\u00f4pital,<a href=\"http:\/\/www.lefigaro.fr\/sports\/moto\/motogp-alex-marquez-devance-son-frere-marc-et-remporte-la-course-sprint-a-silverstone-20250524\" data-fig-type=\"NewsFlash\" data-gtm-custom-categorie=\"navigation\" data-gtm-custom-action=\"crossclick\" data-gtm-custom-label=\"Contextuel\" data-gtm-event=\"customEventSPE\" data-fig-domain=\"LEFIGARO\" target=\"_blank\" rel=\"noopener\">\u00a0Alex Marquez<\/a>\u00a0est rapide. Le pilote Gresini a \u00e9t\u00e9 op\u00e9r\u00e9 dans la soir\u00e9e \u00e0 Madrid. il s\u2019\u00e9tait fractur\u00e9 le col du deuxi\u00e8me m\u00e9tacarpien de la main gauche. Sa violente chute \u00e9tait intervenue au 6e tour de course, apr\u00e8s un contact avec la KTM de son compatriote Pedro Acosta.<\/p>\n<p class=\"fig-paragraph\">Son \u00e9curie Gresini en a dit plus sur ses r\u00e9seaux sociaux dimanche soir, \u00abl\u2019intervention chirurgicale pour la fracture sous-capitale du deuxi\u00e8me m\u00e9tacarpien de la main gauche s\u2019est d\u00e9roul\u00e9e avec succ\u00e8s\u00bb.\u00a0<\/p>\n<p class=\"fig-paragraph\">\u00abLes informations sur la convalescence de \u00c1lex M\u00e1rquez seront communiqu\u00e9es au cours des prochains jours\u00bb a poursuivi l\u2019\u00e9curie. L\u2019Espagnol a une dizaine de jours pour se remettre de sa blessure s\u2019il souhaite participer au prochain Grand Prix au Sachsenring en Allemagne.<\/p>\n","protected":false},"excerpt":{"rendered":"Alex marquez a \u00e9t\u00e9 victime d\u2019une fracture de la main gauche apr\u00e8s sa chute \u00e0 la suite du&hellip;\n","protected":false},"author":2,"featured_media":215580,"comment_status":"","ping_status":"","sticky":false,"template":"","format":"standard","meta":{"footnotes":""},"categories":[1413],"tags":[7589,7590,1976,525,7592,1981,1979,4266,1011,27,7591,1982,4922,1461,1457,6033,1456,1458,934,1978,1980,60,4921],"class_list":{"0":"post-215579","1":"post","2":"type-post","3":"status-publish","4":"format-standard","5":"has-post-thumbnail","7":"category-moto","8":"tag-125cc","9":"tag-250cc","10":"tag-auto-moto","11":"tag-calendrier","12":"tag-circuits","13":"tag-classement","14":"tag-constructeurs","15":"tag-ducati","16":"tag-fr","17":"tag-france","18":"tag-gp","19":"tag-grand-prix","20":"tag-honda","21":"tag-marc-marquez","22":"tag-moto","23":"tag-moto-gp","24":"tag-motocycle","25":"tag-motogp","26":"tag-pays-bas","27":"tag-pilotes","28":"tag-resultats","29":"tag-sports","30":"tag-yamaha"},"share_on_mastodon":{"url":"https:\/\/pubeurope.com\/@fr\/114772157739032240","error":""},"_links":{"self":[{"href":"https:\/\/www.europesays.com\/fr\/wp-json\/wp\/v2\/posts\/215579","targetHints":{"allow":["GET"]}}],"collection":[{"href":"https:\/\/www.europesays.com\/fr\/wp-json\/wp\/v2\/posts"}],"about":[{"href":"https:\/\/www.europesays.com\/fr\/wp-json\/wp\/v2\/types\/post"}],"author":[{"embeddable":true,"href":"https:\/\/www.europesays.com\/fr\/wp-json\/wp\/v2\/users\/2"}],"replies":[{"embeddable":true,"href":"https:\/\/www.europesays.com\/fr\/wp-json\/wp\/v2\/comments?post=215579"}],"version-history":[{"count":0,"href":"https:\/\/www.europesays.com\/fr\/wp-json\/wp\/v2\/posts\/215579\/revisions"}],"wp:featuredmedia":[{"embeddable":true,"href":"https:\/\/www.europesays.com\/fr\/wp-json\/wp\/v2\/media\/215580"}],"wp:attachment":[{"href":"https:\/\/www.europesays.com\/fr\/wp-json\/wp\/v2\/media?parent=215579"}],"wp:term":[{"taxonomy":"category","embeddable":true,"href":"https:\/\/www.europesays.com\/fr\/wp-json\/wp\/v2\/categories?post=215579"},{"taxonomy":"post_tag","embeddable":true,"href":"https:\/\/www.europesays.com\/fr\/wp-json\/wp\/v2\/tags?post=215579"}],"curies":[{"name":"wp","href":"https:\/\/api.w.org\/{rel}","templated":true}]}}