{"id":215581,"date":"2025-06-30T11:48:14","date_gmt":"2025-06-30T11:48:14","guid":{"rendered":"https:\/\/www.europesays.com\/fr\/215581\/"},"modified":"2025-06-30T11:48:14","modified_gmt":"2025-06-30T11:48:14","slug":"jai-pris-des-risques-a-chaque-virage-comme-un-batard","status":"publish","type":"post","link":"https:\/\/www.europesays.com\/fr\/215581\/","title":{"rendered":"J&rsquo;ai pris des risques \u00e0 chaque virage, comme un b\u00e2tard\u00a0!"},"content":{"rendered":"<p><a href=\"https:\/\/fr.motorsport.com\/driver\/marco-bezzecchi\/441839\/\" target=\"_blank\" rel=\"noopener\">Marco Bezzecchi<\/a> a r\u00e9alis\u00e9 l&rsquo;un de ses week-ends les plus solides avec l&rsquo;Aprilia \u00e0 Assen. Il n&rsquo;a certes pas connu la victoire, contrairement \u00e0 Silverstone, mais il s&rsquo;est class\u00e9 parmi les trois premiers des deux courses, une premi\u00e8re depuis Misano 2023 pour lui.<\/p>\n<p>Ce bon week-end a \u00e9t\u00e9 facilit\u00e9 par sa cinqui\u00e8me place en qualifications, sa premi\u00e8re apparition sur les deux premi\u00e8res lignes avec la RS-GP. Lors du sprint, il a doubl\u00e9 <a href=\"https:\/\/fr.motorsport.com\/driver\/pecco-bagnaia\/109394\/\" target=\"_blank\" rel=\"noopener\">Pecco Bagnaia<\/a> d\u00e8s le premier tour et <a href=\"https:\/\/fr.motorsport.com\/driver\/fabio-quartararo\/109400\/\" target=\"_blank\" rel=\"noopener\">Fabio Quartararo<\/a> dans la boucle suivante, pour voir l&rsquo;arriv\u00e9e en troisi\u00e8me place, derri\u00e8re les fr\u00e8res M\u00e1rquez.<\/p>\n<p>\u00ab\u00a0C&rsquo;\u00e9tait une journ\u00e9e positive\u00a0\u00bb, commentait Bezzecchi samedi. \u00ab\u00a0\u00c7a a commenc\u00e9 par les qualifications, qui ont \u00e9t\u00e9 l\u00e9g\u00e8rement meilleures que dans les courses pr\u00e9c\u00e9dentes. Il nous manque encore quelque chose mais aujourd&rsquo;hui, j&rsquo;ai fait de plus gros progr\u00e8s que le week-end dernier entre le vendredi et le samedi. Je suis tr\u00e8s content.\u00a0\u00bb<\/p>\n<p>\u00ab\u00a0L&rsquo;\u00e9quipe a bien travaill\u00e9 et pour le sprint, j&rsquo;ai juste essay\u00e9 de faire de mon mieux au d\u00e9part. J&rsquo;ai essay\u00e9 de bien me positionner au d\u00e9but. Mon rythme \u00e9tait bon, on a bien travaill\u00e9 tout le week-end, donc je savais que mon rythme \u00e9tait bon. J&rsquo;ai essay\u00e9 d&rsquo;\u00eatre proche d&rsquo;eux et tent\u00e9 de les attaquer, mais j&rsquo;ai perdu l&rsquo;avant au virage 3 et \u00e7a m&rsquo;a fait perdre quelques dixi\u00e8mes. Apr\u00e8s, on faisait toujours l&rsquo;\u00e9lastique. Je suis tr\u00e8s heureux, tr\u00e8s heureux.\u00a0\u00bb<\/p>\n<p>   <img decoding=\"async\" draggable=\"false\" src=\"https:\/\/www.europesays.com\/fr\/wp-content\/uploads\/2025\/06\/1751284092_25_marco-bezzecchi-aprilia-racing.jpg\" alt=\"Marco Bezzecchi, Aprilia Racing\" width=\"1200\" height=\"800\" loading=\"lazy\"\/> <\/p>\n<p class=\"title\">Marco Bezzecchi<\/p>\n<p class=\"photographer\">Photo de: Dorna<\/p>\n<p>Bezzecchi a fait encore mieux dimanche. Il a encore gagn\u00e9 des places en d\u00e9but d&rsquo;\u00e9preuve, aux d\u00e9pens de Quartararo dans le premier tour et d&rsquo;<a href=\"https:\/\/fr.motorsport.com\/driver\/alex-marquez\/96324\/\" target=\"_blank\" rel=\"noopener\">\u00c1lex M\u00e1rquez<\/a> dans le deuxi\u00e8me, avant de doubler Bagnaia dans la huiti\u00e8me boucle. Il a ensuite but\u00e9 sur <a href=\"https:\/\/fr.motorsport.com\/driver\/marc-marquez\/92646\/\" target=\"_blank\" rel=\"noopener\">Marc M\u00e1rquez<\/a>, sans jamais avoir la moindre opportunit\u00e9 de d\u00e9passement, mais il reste ravi de son podium.<\/p>\n<p>\u00ab\u00a0C&rsquo;\u00e9tait un tr\u00e8s, tr\u00e8s bon week-end\u00a0\u00bb, a soulign\u00e9 Bezzecchi sur le site officiel du MotoGP. \u00ab\u00a0Je ne sais pas \u00e0 quand remontait mon dernier double podium dans un week-end, donc je ne peux pas \u00eatre plus heureux. Un podium dans le sprint, de bonnes qualifications, et la course a \u00e9t\u00e9 fantastique.\u00a0\u00bb<\/p>\n<p>\u00ab\u00a0J&rsquo;ai vraiment tout donn\u00e9 pour essayer de me battre avec Marc mais si j&rsquo;ai \u00e9t\u00e9 proche dans la premi\u00e8re partie de la course, dans la deuxi\u00e8me partie j&rsquo;ai eu du mal parce qu&rsquo;il a am\u00e9lior\u00e9 son rythme. C&rsquo;\u00e9tait dur de rester \u00e0 son contact pour moi, mais je me suis battu d\u00e9sesp\u00e9r\u00e9ment pour essayer d&rsquo;y rester ! J&rsquo;ai vraiment tout donn\u00e9 et la moto \u00e9tait performante. J&rsquo;ai exploit\u00e9 tout ce que la moto avait, je suis tr\u00e8s, tr\u00e8s heureux.\u00a0\u00bb<\/p>\n<p>M\u00eame s&rsquo;il a d\u00e9j\u00e0 connu la victoire Aprilia, Bezzecchi pense que la course d&rsquo;Assen a \u00e9t\u00e9 sa plus compl\u00e8te avec cette moto\u00a0: \u00ab\u00a0Je dois dire que cette course a \u00e9t\u00e9 fantastique. Je pense que \u00e7a a \u00e9t\u00e9 la premi\u00e8re fois que j&rsquo;ai \u00e9t\u00e9 si performant toute la course, que je me battais et que j&rsquo;\u00e9tais vraiment \u00e0 la limite toute la course. Je n&rsquo;ai jamais g\u00e9r\u00e9 le pneu, je me suis jamais m\u00e9nag\u00e9. J&rsquo;ai pris des risques \u00e0 chaque virage, comme un b\u00e2tard ! J&rsquo;ai pris du plaisir donc c&rsquo;\u00e9tait bien.\u00a0\u00bb<\/p>\n<p>\u00ab\u00a0Je suis tr\u00e8s content de la course parce que j&rsquo;ai tout le temps \u00e9t\u00e9 proche de Marc\u00a0\u00bb, a ajout\u00e9 Bezzecchi, qui a quelques instants cru en ses chances de victoire\u00a0: \u00ab\u00a0Sinc\u00e8rement, je ne m&rsquo;y attendais pas du tout mais une fois que je me suis retrouv\u00e9 l\u00e0, je me suis dit &lsquo;Pourquoi ne pas essayer ?'\u00a0\u00bb<\/p>\n<p>Porter une attaque \u00e9tait \u00ab\u00a0presque impossible\u00a0\u00bb<br \/>\n   <img decoding=\"async\" draggable=\"false\" src=\"https:\/\/www.europesays.com\/fr\/wp-content\/uploads\/2025\/06\/1751284094_286_marc-marquez-ducati-team.jpg\" alt=\"Marc Marquez, Ducati Team\" width=\"1200\" height=\"800\" loading=\"lazy\"\/> <\/p>\n<p class=\"title\">Marco Bezzercchi n&rsquo;a pas pu doubler Marc M\u00e1rquez.<\/p>\n<p class=\"photographer\">Photo de: Gold and Goose Photography \/ LAT Images \/ via Getty Images<\/p>\n<p>Bezzecchi a finalement \u00e9t\u00e9 confront\u00e9 exactement aux <a href=\"https:\/\/fr.motorsport.com\/motogp\/news\/alex-marquez-pas-rapide-endroits-faut\/10737290\/\" target=\"_blank\" rel=\"noopener\">m\u00eames limites<\/a> qu&rsquo;\u00c1lex M\u00e1rquez pendant la course sprint, derri\u00e8re un pilote Ducati redoutable dans les zones o\u00f9 les d\u00e9passements \u00e9taient possibles : \u00ab\u00a0Face \u00e0 Marc, c&rsquo;\u00e9tait presque impossible, m\u00eame de tenter, parce qu&rsquo;il \u00e9tait tr\u00e8s rapide au virage 1. Avec l&rsquo;aspiration, le changement de direction entre les virages 14 et 15 est tr\u00e8s difficile.\u00a0\u00bb<\/p>\n<p>\u00ab\u00a0J&rsquo;\u00e9tais plus rapide au secteur 3 et je revenais mais c&rsquo;\u00e9tait toujours au mauvais moment, et Marc \u00e9tait tr\u00e8s rapide. Je ne pouvais pas me rapprocher de lui au freinage du virage 16 donc j&rsquo;\u00e9tais d\u00e9sesp\u00e9r\u00e9 d&rsquo;essayer, mais dans les cinq derniers tours, je pense qu&rsquo;il a encore franchi un cap, et pour moi c&rsquo;\u00e9tait presque impossible de suivre.\u00a0\u00bb<\/p>\n<p>Lire aussi :<\/p>\n<p>Une chute&#8230; apr\u00e8s l&rsquo;arriv\u00e9e\u00a0!<\/p>\n<p>Le seul point noir de la journ\u00e9e a \u00e9t\u00e9 une chute survenue apr\u00e8s l&rsquo;arriv\u00e9e, dans une certaine confusion alors qu&rsquo;il essayait de prendre un drapeau italien\u00a0: \u00ab\u00a0J&rsquo;ai vu un commissaire avec un drapeau italien et j&rsquo;ai voulu prendre le drapeau\u00a0\u00bb, a expliqu\u00e9 Bezzecchi.<\/p>\n<p>\u00ab\u00a0Quand je me suis arr\u00eat\u00e9, j&rsquo;ai voulu attraper le drapeau et j&rsquo;ai vu qu&rsquo;il \u00e9tait rempli d&rsquo;autographes, donc je ne voulais pas voler le drapeau avec tous les autographes au commissaire&#8230; j&rsquo;ai perdu ma concentration et aussi l&rsquo;\u00e9quilibre, et je suis tomb\u00e9. Heureusement, le moteur ne s&rsquo;est pas coup\u00e9, le commissaire m&rsquo;a aid\u00e9 \u00e0 repartir, j&rsquo;ai rendu le drapeau \u00e0 la fille et je suis reparti sans le drapeau.\u00a0\u00bb<\/p>\n<p>\u00a0<\/p>\n<p>Bezzecchi a \u00e9t\u00e9 \u00e9lu <a href=\"https:\/\/fr.motorsport.com\/motogp\/news\/marco-bezzecchi-pilote-week-end-assen\/10736139\/\" target=\"_blank\" rel=\"noopener\">pilote de la course<\/a>, ce qui est venu couronner un week-end plus que r\u00e9ussi, sur un circuit qui compte beaucoup pour lui. Il s&rsquo;y rendait avec ses parents dans son enfance et c&rsquo;est l\u00e0 qu&rsquo;il a d\u00e9croch\u00e9 son premier podium en MotoGP, en 2022.<\/p>\n<p>\u00ab\u00a0J&rsquo;ai de tr\u00e8s beaux souvenirs ici. C&rsquo;est une piste historique et je crois que c&rsquo;est la piste avec le plus de courses disput\u00e9es, depuis la premi\u00e8re ann\u00e9e du championnat du monde. [&#8230;] C&rsquo;est un endroit particulier. Les supporters sont incroyables, j&rsquo;ai pris le temps de saluer tout le monde apr\u00e8s le drapeau \u00e0 damier parce que leur soutien ces derni\u00e8res ann\u00e9es, surtout depuis que je suis arriv\u00e9 en MotoGP, a \u00e9t\u00e9 incroyable.\u00a0\u00bb<\/p>\n<p>\u00ab\u00a0Faire un double podium ici, c\u00e9l\u00e9brer au milieu de la derni\u00e8re chicane [samedi], le podium devant la tribune [dimanche]&#8230; C&rsquo;est incroyable. Je me sens chanceux, je suis tr\u00e8s fier d&rsquo;avoir d\u00e9croch\u00e9 ce r\u00e9sultat, donc s&rsquo;il sont heureux, je le suis aussi.\u00a0\u00bb<\/p>\n<p>Lire aussi :<\/p>\n<\/p>\n<p>Dans cet article<\/p>\n<p>    Vincent Lalanne-Sicaud\n<\/p>\n<p>    MotoGP\n<\/p>\n<p>    Marco Bezzecchi\n<\/p>\n<p>    Aprilia Racing Team\n<\/p>\n<p>Soyez le premier inform\u00e9 et souscrivez aux alertes mails pour recevoir les infos en temps r\u00e9el<\/p>\n<p>    S&rsquo;abonner aux alertes de news<\/p>\n","protected":false},"excerpt":{"rendered":"Marco Bezzecchi a r\u00e9alis\u00e9 l&rsquo;un de ses week-ends les plus solides avec l&rsquo;Aprilia \u00e0 Assen. Il n&rsquo;a certes&hellip;\n","protected":false},"author":2,"featured_media":215582,"comment_status":"","ping_status":"","sticky":false,"template":"","format":"standard","meta":{"footnotes":""},"categories":[1412],"tags":[3563,33819,1451,1452,1453,1454,1455,1011,27,33818,1961,1458,60],"class_list":{"0":"post-215581","1":"post","2":"type-post","3":"status-publish","4":"format-standard","5":"has-post-thumbnail","7":"category-f1","8":"tag-aprilia-racing-team","9":"tag-assen","10":"tag-f1","11":"tag-formula-1","12":"tag-formula1","13":"tag-formule-1","14":"tag-formule1","15":"tag-fr","16":"tag-france","17":"tag-gp-des-pays-bas","18":"tag-marco-bezzecchi","19":"tag-motogp","20":"tag-sports"},"share_on_mastodon":{"url":"https:\/\/pubeurope.com\/@fr\/114772161624760527","error":""},"_links":{"self":[{"href":"https:\/\/www.europesays.com\/fr\/wp-json\/wp\/v2\/posts\/215581","targetHints":{"allow":["GET"]}}],"collection":[{"href":"https:\/\/www.europesays.com\/fr\/wp-json\/wp\/v2\/posts"}],"about":[{"href":"https:\/\/www.europesays.com\/fr\/wp-json\/wp\/v2\/types\/post"}],"author":[{"embeddable":true,"href":"https:\/\/www.europesays.com\/fr\/wp-json\/wp\/v2\/users\/2"}],"replies":[{"embeddable":true,"href":"https:\/\/www.europesays.com\/fr\/wp-json\/wp\/v2\/comments?post=215581"}],"version-history":[{"count":0,"href":"https:\/\/www.europesays.com\/fr\/wp-json\/wp\/v2\/posts\/215581\/revisions"}],"wp:featuredmedia":[{"embeddable":true,"href":"https:\/\/www.europesays.com\/fr\/wp-json\/wp\/v2\/media\/215582"}],"wp:attachment":[{"href":"https:\/\/www.europesays.com\/fr\/wp-json\/wp\/v2\/media?parent=215581"}],"wp:term":[{"taxonomy":"category","embeddable":true,"href":"https:\/\/www.europesays.com\/fr\/wp-json\/wp\/v2\/categories?post=215581"},{"taxonomy":"post_tag","embeddable":true,"href":"https:\/\/www.europesays.com\/fr\/wp-json\/wp\/v2\/tags?post=215581"}],"curies":[{"name":"wp","href":"https:\/\/api.w.org\/{rel}","templated":true}]}}