{"id":215587,"date":"2025-06-30T11:51:08","date_gmt":"2025-06-30T11:51:08","guid":{"rendered":"https:\/\/www.europesays.com\/fr\/215587\/"},"modified":"2025-06-30T11:51:08","modified_gmt":"2025-06-30T11:51:08","slug":"chercher-ta-coke-matthieu-delormeau-brandit-des-menaces-apres-avoir-essuye-un-violent-tolle","status":"publish","type":"post","link":"https:\/\/www.europesays.com\/fr\/215587\/","title":{"rendered":"\u00ab\u00a0Chercher ta coke\u00a0\u00bb : Matthieu Delormeau brandit des menaces apr\u00e8s avoir essuy\u00e9 un violent toll\u00e9"},"content":{"rendered":"<p class=\"p1\"><a href=\"https:\/\/www.closermag.fr\/people\/matthieu-delormeau-apres-sa-garde-a-vue-cyril-hanouna-veut-laider-a-sortir-la-tete-de-leau-3541201\" rel=\"nofollow noopener\" target=\"_blank\"><br \/>\nMatthieu Delormeau<\/a> n&rsquo;a pas disparu dans l&rsquo;ombre malgr\u00e9 son<br \/>\nretrait de la sc\u00e8ne m\u00e9diatique et <strong>son d\u00e9part de Touche pas<br \/>\n\u00e0 mon poste<\/strong>. L&rsquo;ex-acolyte de Cyril Hanouna sur C8 n&rsquo;h\u00e9site<br \/>\npas \u00e0 taper du poing sur la table, voire \u00e0 montrer les muscles et<br \/>\ncultive avec succ\u00e8s <strong>une r\u00e9putation de provocateur<\/strong>.<br \/>\nEn d&rsquo;autres termes, qui s&rsquo;y frotte, s&rsquo;y pique !<\/p>\n<p class=\"p1\">S&rsquo;il refuse de courber l&rsquo;\u00e9chine quand on s&rsquo;attaque \u00e0<br \/>\nsa vie priv\u00e9e ou \u00e0 son homosexualit\u00e9, l&rsquo;ex-animateur de NRJ 12<br \/>\ns&rsquo;av\u00e8re <strong>particuli\u00e8rement trop virulent<\/strong> au go\u00fbt des<br \/>\ninternautes. Le 28 juin dernier encore, les twittos s&rsquo;indignaient<br \/>\nd&rsquo;une publication o\u00f9 celui-ci mena\u00e7ait frontalement \u00ab\u00a0ceux qui<br \/>\n[l&rsquo;]insultent en [le] traitent de sale p\u00e9d\u00e9\u00a0\u00bb.<\/p>\n<p>Matthieu Delormeau : pourquoi sort-il l&rsquo;artillerie<br \/>\nlourde ?<\/p>\n<p class=\"p1\">Cinq jours auparavant, <strong>l&rsquo;ex-chroniqueur de<br \/>\nTPMP<\/strong> lan\u00e7ait un scandale de plus grande envergure via X<br \/>\n(anciennement connu sous le nom de Twitter). \u00ab\u00a0Je rencontre que<br \/>\ndes gens charmants.\u00a0Pour ceux qui me traitent de p\u00e9d\u00e9 ou qui<br \/>\ntenteraient de m\u2019agresser ou un home jacking, qu\u2019il sache que<br \/>\n<strong>j\u2019ai d\u00e9sormais un garde du corps\u00a0\u00e0 plein<br \/>\ntemp<\/strong>s. Et qu\u2019il a pour consigne de ne pas donner<br \/>\nd\u2019avertissement. Bonne chance\u00a0\u00bb, l\u00e2chait-il.<\/p>\n<p class=\"p1\">Le texte \u00e9crit probablement sous le coup de la col\u00e8re<br \/>\na eu l&rsquo;effet d&rsquo;une petite bombe l\u00e2ch\u00e9e sur les r\u00e9seaux sociaux.<br \/>\n\u00ab\u00a0Tu lui refiles de la blanche \u00e0 <strong>ton garde du<br \/>\ncorps<\/strong>\u00a0?\u00a0\u00bb, \u00ab\u00a0<strong>C&rsquo;est lui qui va chercher<br \/>\nta<\/strong> <a href=\"https:\/\/www.science-et-vie.com\/article-magazine\/la-cocaine\" rel=\"nofollow noopener\" target=\"_blank\">coke<\/a><br \/>\npour \u00e9viter de te faire gauler\u00a0?\u00a0\u00bb, ont balanc\u00e9 les<br \/>\ninternautes. Le Parisien n&rsquo;en est pas rest\u00e9 l\u00e0.<\/p>\n<p>Matthieu Delormeau : cette menace \u00e0<br \/>\ncouper le souffle<\/p>\n<p class=\"p1\">En pleine toll\u00e9, Matthieu Delormeau a r\u00e9torqu\u00e9 cash :<br \/>\n\u00ab\u00a0Vas-y,\u00a0remets un commentaire comme celui-l\u00e0, et<br \/>\n<strong>je te promets que je te retrouve<\/strong>. Tu lui poseras<br \/>\nla question \u00e0 mon garde du corps. J\u2019esp\u00e8re avoir \u00e9t\u00e9 clair puisque<br \/>\nla premi\u00e8re fois tu n\u2019as pas d\u00fb bien comprendre, tu dois pas savoir<br \/>\nlire,<strong>\u00a0esp\u00e8ce de d\u00e9bile<\/strong>. Je ne laisserai plus<br \/>\npersonne me faire du mal m\u00eame en commentaire\u00a0\u00bb.<\/p>\n<p class=\"p1\">Et de mettre en garde d&rsquo;autres haters<br \/>\n:\u00a0\u00ab\u00a0Retrouver une personne gr\u00e2ce \u00e0 son Instagram<br \/>\nc\u2019est tr\u00e8s facile. Retente \u00e7a et tu ne pourras pas dire que tu n\u2019as<br \/>\npas \u00e9t\u00e9 pr\u00e9venu.\u00a0<strong>J\u2019esp\u00e8re que j\u2019ai \u00e9t\u00e9<br \/>\nclair<\/strong>\u00ab\u00a0. <a href=\"https:\/\/www.telestar.fr\/people\/matthieu-delormeau-apres-sa-garde-a-vue-il-prend-une-decision-radicale-et-recoit-une-volee-de-bois-vert-1728391\" rel=\"nofollow noopener\" target=\"_blank\"><br \/>\nL&rsquo;animateur interpell\u00e9 pour une transaction de coca\u00efne<\/a> l&rsquo;an<br \/>\ndernier en a bel et bien fini de se faire discret. La temp\u00e9rature<br \/>\nmonte sur les r\u00e9seaux sociaux&#8230;<\/p>\n","protected":false},"excerpt":{"rendered":"Matthieu Delormeau n&rsquo;a pas disparu dans l&rsquo;ombre malgr\u00e9 son retrait de la sc\u00e8ne m\u00e9diatique et son d\u00e9part de&hellip;\n","protected":false},"author":2,"featured_media":215588,"comment_status":"","ping_status":"","sticky":false,"template":"","format":"standard","meta":{"footnotes":""},"categories":[1359],"tags":[548,58,59,1011,27,7830,973],"class_list":{"0":"post-215587","1":"post","2":"type-post","3":"status-publish","4":"format-standard","5":"has-post-thumbnail","7":"category-people","8":"tag-article-simple","9":"tag-divertissement","10":"tag-entertainment","11":"tag-fr","12":"tag-france","13":"tag-matthieu-delormeau","14":"tag-people"},"share_on_mastodon":{"url":"https:\/\/pubeurope.com\/@fr\/114772173362934872","error":""},"_links":{"self":[{"href":"https:\/\/www.europesays.com\/fr\/wp-json\/wp\/v2\/posts\/215587","targetHints":{"allow":["GET"]}}],"collection":[{"href":"https:\/\/www.europesays.com\/fr\/wp-json\/wp\/v2\/posts"}],"about":[{"href":"https:\/\/www.europesays.com\/fr\/wp-json\/wp\/v2\/types\/post"}],"author":[{"embeddable":true,"href":"https:\/\/www.europesays.com\/fr\/wp-json\/wp\/v2\/users\/2"}],"replies":[{"embeddable":true,"href":"https:\/\/www.europesays.com\/fr\/wp-json\/wp\/v2\/comments?post=215587"}],"version-history":[{"count":0,"href":"https:\/\/www.europesays.com\/fr\/wp-json\/wp\/v2\/posts\/215587\/revisions"}],"wp:featuredmedia":[{"embeddable":true,"href":"https:\/\/www.europesays.com\/fr\/wp-json\/wp\/v2\/media\/215588"}],"wp:attachment":[{"href":"https:\/\/www.europesays.com\/fr\/wp-json\/wp\/v2\/media?parent=215587"}],"wp:term":[{"taxonomy":"category","embeddable":true,"href":"https:\/\/www.europesays.com\/fr\/wp-json\/wp\/v2\/categories?post=215587"},{"taxonomy":"post_tag","embeddable":true,"href":"https:\/\/www.europesays.com\/fr\/wp-json\/wp\/v2\/tags?post=215587"}],"curies":[{"name":"wp","href":"https:\/\/api.w.org\/{rel}","templated":true}]}}