{"id":215589,"date":"2025-06-30T11:52:09","date_gmt":"2025-06-30T11:52:09","guid":{"rendered":"https:\/\/www.europesays.com\/fr\/215589\/"},"modified":"2025-06-30T11:52:09","modified_gmt":"2025-06-30T11:52:09","slug":"les-meditations-de-clotilde-maillard","status":"publish","type":"post","link":"https:\/\/www.europesays.com\/fr\/215589\/","title":{"rendered":"Les \u00ab\u00a0M\u00e9ditations\u00a0\u00bb de Clotilde Maillard"},"content":{"rendered":"<p>Jusqu\u2019au 12 juillet, Clotilde Maillard pr\u00e9sente son exposition \u00ab\u00a0M\u00e9ditations\u00a0\u00bb au Chameau Malin. L\u2019artiste accueille les visiteurs du mercredi au dimanche de 15 h \u00e0 18 h autour d\u2019une trentaine de ses r\u00e9alisations vari\u00e9es \u00e0 travers un travail qui mixe les mati\u00e8res. Huile, encre, pastel, acrylique, tissu, paillette, sequin composent ses cr\u00e9ations. <\/p>\n<p>Clotilde travaille ces mat\u00e9riaux depuis plus de 20 ans, cette amoureuse des couleurs s\u2019inspire de la nature, des paysages, des hommes et femmes pour proposer au public sa r\u00e9flexion et ses techniques artistiques.<\/p>\n<p>B\u00e9ziers et le jardin des po\u00e8tes sont \u00e0 l\u2019honneur au sein de cette exposition avec plusieurs tableaux de la fontaine et des arbres ainsi que la danse \u00e0 travers des r\u00e9alisations qui brillent de mille feux. Elle a choisi ce titre, \u00ab\u00a0M\u00e9ditations\u00a0\u00bb, car il s\u2019agit de \u00ab\u00a0mon travail de ces derni\u00e8res ann\u00e9es qui est un cheminement entre int\u00e9riorit\u00e9 et expression, o\u00f9 chaque \u0153uvre se veut une invitation au recueillement\u00a0\u00bb.<\/p>\n<p>Contact : 06 74 53 02 90 . <\/p>\n<p>Correspondante Midi Libre : 06 42 91 07 79.<\/p>\n","protected":false},"excerpt":{"rendered":"Jusqu\u2019au 12 juillet, Clotilde Maillard pr\u00e9sente son exposition \u00ab\u00a0M\u00e9ditations\u00a0\u00bb au Chameau Malin. L\u2019artiste accueille les visiteurs du mercredi&hellip;\n","protected":false},"author":2,"featured_media":215590,"comment_status":"","ping_status":"","sticky":false,"template":"","format":"standard","meta":{"footnotes":""},"categories":[1358],"tags":[1348,1384,1385,1386,58,59,1011,27],"class_list":{"0":"post-215589","1":"post","2":"type-post","3":"status-publish","4":"format-standard","5":"has-post-thumbnail","7":"category-arts-et-design","8":"tag-arts","9":"tag-arts-and-design","10":"tag-arts-et-design","11":"tag-design","12":"tag-divertissement","13":"tag-entertainment","14":"tag-fr","15":"tag-france"},"share_on_mastodon":{"url":"https:\/\/pubeurope.com\/@fr\/114772177265189319","error":""},"_links":{"self":[{"href":"https:\/\/www.europesays.com\/fr\/wp-json\/wp\/v2\/posts\/215589","targetHints":{"allow":["GET"]}}],"collection":[{"href":"https:\/\/www.europesays.com\/fr\/wp-json\/wp\/v2\/posts"}],"about":[{"href":"https:\/\/www.europesays.com\/fr\/wp-json\/wp\/v2\/types\/post"}],"author":[{"embeddable":true,"href":"https:\/\/www.europesays.com\/fr\/wp-json\/wp\/v2\/users\/2"}],"replies":[{"embeddable":true,"href":"https:\/\/www.europesays.com\/fr\/wp-json\/wp\/v2\/comments?post=215589"}],"version-history":[{"count":0,"href":"https:\/\/www.europesays.com\/fr\/wp-json\/wp\/v2\/posts\/215589\/revisions"}],"wp:featuredmedia":[{"embeddable":true,"href":"https:\/\/www.europesays.com\/fr\/wp-json\/wp\/v2\/media\/215590"}],"wp:attachment":[{"href":"https:\/\/www.europesays.com\/fr\/wp-json\/wp\/v2\/media?parent=215589"}],"wp:term":[{"taxonomy":"category","embeddable":true,"href":"https:\/\/www.europesays.com\/fr\/wp-json\/wp\/v2\/categories?post=215589"},{"taxonomy":"post_tag","embeddable":true,"href":"https:\/\/www.europesays.com\/fr\/wp-json\/wp\/v2\/tags?post=215589"}],"curies":[{"name":"wp","href":"https:\/\/api.w.org\/{rel}","templated":true}]}}