{"id":215593,"date":"2025-06-30T11:54:13","date_gmt":"2025-06-30T11:54:13","guid":{"rendered":"https:\/\/www.europesays.com\/fr\/215593\/"},"modified":"2025-06-30T11:54:13","modified_gmt":"2025-06-30T11:54:13","slug":"cest-gentil-de-parler-de-ma-propre-religion-sonia-mabrouk-et-manon-aubry-ambiance-tendue-en-direct-a-lantenne","status":"publish","type":"post","link":"https:\/\/www.europesays.com\/fr\/215593\/","title":{"rendered":"\u00ab\u00a0C&rsquo;est gentil de parler de ma propre religion\u00a0\u00bb\u00a0: Sonia Mabrouk et Manon Aubry, ambiance tendue en direct \u00e0 l\u2019antenne"},"content":{"rendered":"<p>      R\u00e9sum\u00e9<\/p>\n<p>Ce 30 juin, sur Europe 1 et CNews, Sonia Mabrouk a re\u00e7u Manon Aubry. En abordant le cas de l&rsquo;\u00e9crivain franco-alg\u00e9rien Boualem Sansal, le ton est rapidement mont\u00e9. <\/p>\n<p>        Sommaire<\/p>\n<p>Elle a d&rsquo;abord travaill\u00e9 pour la r\u00e9daction de l\u2019hebdomadaire Jeune Afrique pendant trois ans puis a rejoint Public S\u00e9nat en 2008 jusqu&rsquo;\u00e0 son <strong>arriv\u00e9e sur Europe 1 en 2013<\/strong>. C&rsquo;est ainsi, qu&rsquo;en pr\u00e9sentant le D\u00e9bat des grandes voix, Sonia Mabrouk est entr\u00e9e dans <strong>le clan des grands interviewers politique<\/strong>. D\u00e9sormais, <a href=\"https:\/\/www.public.fr\/indispensable-pascal-praud-sa-jolie-declaration-a-sonia-mabrouk\" target=\"_blank\" rel=\"noopener\">la journaliste de 47 ans<\/a> officie \u00e0 la radio mais \u00e9galement \u00e0 la TV. En quelques ann\u00e9es, <a href=\"https:\/\/www.public.fr\/sonia-mabrouk-la-chaine-concurrente-a-la-sienne-lui-fait-une-belle-proposition\" target=\"_blank\" rel=\"noopener\">cette derni\u00e8re <\/a>est devenue <strong>une des figures phares de CNews<\/strong> o\u00f9 elle ne craint personne.<\/p>\n<p>Preuve en est ce 30\u00a0juin. Afin de commencer la semaine, <a href=\"https:\/\/www.public.fr\/le-jour-ou-vous-vendrez-autant-de-livres-sonia-mabrouk-et-jean-michel-apathie-ambiance-reglement-de-compte-dans-quelle-epoque\" target=\"_blank\" rel=\"noopener\">la jeune m\u00e8re de famille<\/a> a re\u00e7u sur le plateau de \u00ab\u00a0La Grande Interview\u00a0\u00bb <strong>Manon Aubry<\/strong>. L&rsquo;eurod\u00e9put\u00e9e La France Insoumise est venu commenter plusieurs sujets d&rsquo;actualit\u00e9s mais, pour commencer, <a href=\"https:\/\/www.public.fr\/desagreable-apres-son-passage-dans-quelle-epoque-sonia-mabrouk-charge-christophe-dechavanne-en-plein-direct\" target=\"_blank\" rel=\"noopener\">l&rsquo;ex du chef Guy Savoy<\/a> <strong>a mis les pieds dans le plat.<\/strong> Ainsi s&rsquo;est-elle saisie d&rsquo;une feuille A3 et l&rsquo;a d\u00e9pli\u00e9 devant son invit\u00e9e. Dessus \u00e9tait imprim\u00e9e <strong>la photo de Boualem Sansal.<\/strong><\/p>\n<p>L&rsquo;\u00e9crivain franco-alg\u00e9rien de 80 ans est <strong>toujours incarc\u00e9r\u00e9 en Alg\u00e9rie<\/strong> pour \u201catteinte \u00e0 l\u2019int\u00e9grit\u00e9 du territoire national\u00a0\u00bb. Il sera fix\u00e9 sur son sort ce 1er\u00a0juillet apr\u00e8s son appel. \u00c0 l&rsquo;antenne, <a href=\"https:\/\/www.public.fr\/sonia-mabrouk-lea-salame-christophe-dechavanne-quelle-epoque-declaration-jo\" target=\"_blank\" rel=\"noopener\">la Franco-Tunisienne<\/a> a point\u00e9 du doigt <strong>la responsabilit\u00e9 de LFI<\/strong> qui a vot\u00e9 contre la r\u00e9solution du Parlement europ\u00e9en demandant sa lib\u00e9ration. \u00ab\u00a0<strong>Vous n&rsquo;avez pas honte\u00a0?<\/strong>\u00ab\u00a0, a-t-elle l\u00e2ch\u00e9 \u00e0 <a href=\"https:\/\/www.public.fr\/c8-condamne-pour-racisme-et-xenophobie-cyril-hanouna-attaque-manon-aubry-pour-diffamation\" target=\"_blank\" rel=\"noopener\">la militante de 35 ans<\/a>. Le d\u00e9but des hostilit\u00e9s.<\/p>\n<p>Entre Sonia Mabrouk et Manon Aubry, rien ne va plus<\/p>\n<p>R\u00e9guli\u00e8rement invit\u00e9e sur le plateau de \u00ab\u00a0La Grande Interview\u00a0\u00bb, Manon Aubry conna\u00eet bien <a href=\"https:\/\/www.google.com\/url?sa=t&amp;source=web&amp;rct=j&amp;opi=89978449&amp;url=https:\/\/vsd.fr\/79653-sonia-mabrouk-devrait-quitter-cnews-pour-bfmtv-apolline-de-malherbe-viree\/&amp;ved=2ahUKEwjG4pnu35iOAxWjKvsDHUaCCyQQFnoECBYQAQ&amp;usg=AOvVaw1Md8tlL2Jgea99Fybc5HRN\" target=\"_blank\" rel=\"noopener\">son interlocutrice <\/a>et n&rsquo;a semble-t-il pas \u00e9t\u00e9 d\u00e9pass\u00e9e par sa question. Les deux femmes ont alors continu\u00e9 d&rsquo;\u00e9voquer le cas <strong>Boualem Sansal<\/strong>. L&rsquo;occasion pour l&rsquo;eurod\u00e9put\u00e9e de l\u00e2cher quelques missives\u00a0: \u00ab\u00a0<strong>Vous tournez en boucle [&#8230;] Je vous invite \u00e0 renouveler vos questions Sonia Mabrouk<\/strong>\u00ab\u00a0. <a href=\"https:\/\/www.google.com\/url?sa=t&amp;source=web&amp;rct=j&amp;opi=89978449&amp;url=https:\/\/vsd.fr\/65625-la-journaliste-sonia-mabrouk-a-accouche-elle-devoile-le-prenom-symbolique-de-sa-petite-fille\/&amp;ved=2ahUKEwjG4pnu35iOAxWjKvsDHUaCCyQQFnoECBkQAQ&amp;usg=AOvVaw0n7JdtC_dgCjqI6eIACrAu\" target=\"_blank\" rel=\"noopener\">Cette derni\u00e8re<\/a> qui a alors demand\u00e9 \u00e0 Manon Aubry si elle partageait les combats de l&rsquo;\u00e9crivain emprisonn\u00e9 pour ses id\u00e9es et, notamment la <strong>lutte contre l&rsquo;islamisme et l&rsquo;antis\u00e9mitisme.<\/strong><\/p>\n<p>L<strong><a href=\"https:\/\/www.google.com\/url?sa=t&amp;source=web&amp;rct=j&amp;opi=89978449&amp;url=https:\/\/vsd.fr\/32217-politique-manon-aubry-la-nouvelle-vague-de-la-france-insoumise\/&amp;ved=2ahUKEwjBs8LW4JiOAxVhQqQEHeQPHToQFnoECB8QAQ&amp;usg=AOvVaw2mrNXgm_aZsQQ5ekI3ZTqg\" target=\"_blank\" rel=\"noopener\">&lsquo;\u00e9lue<\/a> s&rsquo;est alors agac\u00e9e<\/strong>. Elle a ouvertement regrett\u00e9 <strong>le traitement accord\u00e9 aux invit\u00e9s de La France Insoumise<\/strong> sur le plateau de CNews <strong>par rapport \u00e0 ceux du Rassemblement national<\/strong>. Pour elle, <strong>la diff\u00e9rence est criante<\/strong>. Idem concernant les sujets \u00e9voqu\u00e9s. \u00ab\u00a0On pointe du doigt les musulmans du matin au soir, y compris sur cette antenne, juste par le fait de leur religion et <strong>\u00e7a, moi, je ne le supporte pas<\/strong>\u00ab\u00a0. Le prenant personnellement, <a href=\"https:\/\/www.google.com\/url?sa=t&amp;source=web&amp;rct=j&amp;opi=89978449&amp;url=https:\/\/vsd.fr\/65677-agace-comme-jamais-pascal-obispo-regle-ses-comptes-avec-les-commentaires-suspicieux-et-desagreables\/&amp;ved=2ahUKEwimjdmA4piOAxWATaQEHQKGIgsQFnoECC4QAQ&amp;usg=AOvVaw1Wd5DG5QqYGkggTU6oyiR1\" target=\"_blank\" rel=\"noopener\">la quadrag\u00e9naire<\/a> a conclu par ces mots\u00a0: <strong>\u00ab\u00a0C&rsquo;est gentil de parler de ma propre religion<\/strong>\u00ab\u00a0. Ambiance tendue sur CNews et Europe 1 ce 30\u00a0juin.<\/p>\n<p>      Mentionn\u00e9s dans cet article<\/p>\n<p>\u00c0 lire aussi<\/p>\n","protected":false},"excerpt":{"rendered":"R\u00e9sum\u00e9 Ce 30 juin, sur Europe 1 et CNews, Sonia Mabrouk a re\u00e7u Manon Aubry. En abordant le&hellip;\n","protected":false},"author":2,"featured_media":215594,"comment_status":"","ping_status":"","sticky":false,"template":"","format":"standard","meta":{"footnotes":""},"categories":[1356],"tags":[9722,422,58,59,674,1473,1011,27,2173,9877,2957,2338,27012,4020,18853,252,1364,364],"class_list":{"0":"post-215593","1":"post","2":"type-post","3":"status-publish","4":"format-standard","5":"has-post-thumbnail","7":"category-television","8":"tag-cnews","9":"tag-depute","10":"tag-divertissement","11":"tag-entertainment","12":"tag-europe","13":"tag-europe-1","14":"tag-fr","15":"tag-france","16":"tag-interview","17":"tag-journalisme","18":"tag-journaliste","19":"tag-la-france-insoumise","20":"tag-manon-aubry","21":"tag-religion","22":"tag-sonia-mabrouk","23":"tag-television","24":"tag-tv","25":"tag-union-europeenne"},"share_on_mastodon":{"url":"https:\/\/pubeurope.com\/@fr\/114772185282606359","error":""},"_links":{"self":[{"href":"https:\/\/www.europesays.com\/fr\/wp-json\/wp\/v2\/posts\/215593","targetHints":{"allow":["GET"]}}],"collection":[{"href":"https:\/\/www.europesays.com\/fr\/wp-json\/wp\/v2\/posts"}],"about":[{"href":"https:\/\/www.europesays.com\/fr\/wp-json\/wp\/v2\/types\/post"}],"author":[{"embeddable":true,"href":"https:\/\/www.europesays.com\/fr\/wp-json\/wp\/v2\/users\/2"}],"replies":[{"embeddable":true,"href":"https:\/\/www.europesays.com\/fr\/wp-json\/wp\/v2\/comments?post=215593"}],"version-history":[{"count":0,"href":"https:\/\/www.europesays.com\/fr\/wp-json\/wp\/v2\/posts\/215593\/revisions"}],"wp:featuredmedia":[{"embeddable":true,"href":"https:\/\/www.europesays.com\/fr\/wp-json\/wp\/v2\/media\/215594"}],"wp:attachment":[{"href":"https:\/\/www.europesays.com\/fr\/wp-json\/wp\/v2\/media?parent=215593"}],"wp:term":[{"taxonomy":"category","embeddable":true,"href":"https:\/\/www.europesays.com\/fr\/wp-json\/wp\/v2\/categories?post=215593"},{"taxonomy":"post_tag","embeddable":true,"href":"https:\/\/www.europesays.com\/fr\/wp-json\/wp\/v2\/tags?post=215593"}],"curies":[{"name":"wp","href":"https:\/\/api.w.org\/{rel}","templated":true}]}}