{"id":215601,"date":"2025-06-30T11:59:09","date_gmt":"2025-06-30T11:59:09","guid":{"rendered":"https:\/\/www.europesays.com\/fr\/215601\/"},"modified":"2025-06-30T11:59:09","modified_gmt":"2025-06-30T11:59:09","slug":"je-vais-effectivement-maintenant-faire-attention-laurent-delahousse-sexcuse-cette-erreur-commise-au-sein-du-jt-de-france-2","status":"publish","type":"post","link":"https:\/\/www.europesays.com\/fr\/215601\/","title":{"rendered":"\u00ab\u00a0Je vais effectivement maintenant faire attention\u2026\u00a0\u00bb : Laurent Delahousse s\u2019excuse, cette erreur commise au sein du JT de France 2"},"content":{"rendered":"<p>      R\u00e9sum\u00e9<\/p>\n<p>Laurent Delahousse a r\u00e9v\u00e9l\u00e9 avec humour que le journal de 20 h sur France 2 ne commence jamais \u00e0 l\u2019heure exacte, promettant d\u00e9sormais de corriger sa traditionnelle introduction.<\/p>\n<p>        Sommaire<\/p>\n<p>Laurent Delahousse, figure embl\u00e9matique du journal t\u00e9l\u00e9vis\u00e9 de France 2, a surpris ses fid\u00e8les t\u00e9l\u00e9spectateurs ce dimanche 29 juin 2025, en levant le voile sur un petit secret du m\u00e9tier.<\/p>\n<p>Une confession teint\u00e9e d\u2019humour, partag\u00e9e sur son compte Instagram, dans laquelle il admet une <strong>petite inexactitude chronom\u00e9trique<\/strong> qu\u2019il commet\u2026 depuis des ann\u00e9es.<\/p>\n<p>Et il ne s\u2019agit pas d\u2019un sujet mal v\u00e9rifi\u00e9 ou d\u2019un lapsus en direct, mais bien de la <strong>phrase rituelle<\/strong> qui ouvre le JT\u2026 <\/p>\n<blockquote class=\"wp-block-quote is-layout-flow wp-block-quote-is-layout-flow\">\n<p>Une v\u00e9rit\u00e9 sur le \u00ab\u00a020 Heures\u00a0\u00bb\u2026 qui ne commence pas \u00e0 20 heures\n<\/p><\/blockquote>\n<p>Alors que <a href=\"https:\/\/www.public.fr\/anne-sophie-lapix-fait-ses-adieux-sur-france-2-gilles-bouleau-sen-mele-en-direct-sur-tf1\" target=\"_blank\" rel=\"noopener\">le mercato bat son plein en ce moment<\/a>, au sein de France T\u00e9l\u00e9visions, Laurent Delahousse semble avoir d\u00e9cid\u00e9 de d\u00e9tendre l&rsquo;atmosph\u00e8re en d\u00e9voilant \u00e0 ses fid\u00e8les t\u00e9l\u00e9spectateurs, les secrets du m\u00e9tier de journaliste de t\u00e9l\u00e9vision. <\/p>\n<p>Ce dimanche 29 juin 2025, le beau-gosse du JT a en effet pris la parole sur Instagram, pour r\u00e9pondre \u00e0 une interrogation que <strong>les t\u00e9l\u00e9spectateurs les plus pointilleux<\/strong> se posent depuis longtemps : pourquoi le journal de 20\u00a0h ne commence-t-il pas toujours\u2026 \u00e0 20\u00a0h pr\u00e9cises ?<\/p>\n<p>S\u2019appuyant d\u00e9contract\u00e9 contre une colonne de verre, <a href=\"https:\/\/www.public.fr\/laurent-delahousse-tacle-par-bilal-hassani-apres-avoir-ete-evince-de-son-plateau-en-derniere-minute-la-star-du-jt-riposte\" target=\"_blank\" rel=\"noopener\">le journaliste d\u00e9voile avec humour les coulisses du timing t\u00e9l\u00e9visuel <\/a>: \u00ab\u00a0Le journal ne commence jamais \u00e0 20 heures piles. Il y a toujours un tout petit d\u00e9calage li\u00e9 \u00e0 la fin de la publicit\u00e9\u00a0\u00bb a-t-il avou\u00e9. <\/p>\n<p>Et d\u2019ajouter avec franchise : \u00ab\u00a0Parfois, il commence \u00e0 20 heures pile, mais souvent, c\u2019est\u2026 allez, quelques secondes avant\u00a0\u00bb. <\/p>\n<p>Une \u00ab\u00a0fausse v\u00e9rit\u00e9\u00a0\u00bb r\u00e9p\u00e9t\u00e9e des milliers de fois<\/p>\n<p>Ce d\u00e9tail n\u2019est pas anodin. Depuis ses d\u00e9buts \u00e0 la pr\u00e9sentation du JT, <a href=\"https:\/\/www.public.fr\/laurent-delahousse-devaste-triste-annonce-dans-les-couloirs-de-france-televisions\" target=\"_blank\" rel=\"noopener\">Laurent Delahousse <\/a>entame presque syst\u00e9matiquement son \u00e9dition par la fameuse phrase\u202f: \u00ab\u00a0Il est 20 heures. Bonsoir \u00e0 tous\u00a0\u00bb. <\/p>\n<p>Un rituel d\u2019ouverture devenu <strong>aussi symbolique que la musique du g\u00e9n\u00e9rique<\/strong>, mais qui, \u00e0 l\u2019aune de cette r\u00e9v\u00e9lation, se r\u00e9v\u00e8le <strong>techniquement inexact<\/strong>. Il le reconna\u00eet lui-m\u00eame avec une petite moue amus\u00e9e : \u00ab\u00a0Donc en fait, je dis \u2018Il est 20 heures\u2019\u2026 mais il n\u2019est pas encore 20 heures\u00a0\u00bb a-t-il conc\u00e9d\u00e9. <\/p>\n<p>Une auto-correction ponctu\u00e9e par un sourire en coin, avant qu\u2019il ne promette, avec humour : \u00ab\u00a0Bon, je vais effectivement maintenant faire attention \u00e0 dire \u2018Bonsoir \u00e0 tous\u2026\u2019 et arr\u00eater de dire \u2018Il est 20 heures\u2019.\u00a0\u00bb <\/p>\n<p>      Mentionn\u00e9s dans cet article<\/p>\n<p>\u00c0 lire aussi<\/p>\n","protected":false},"excerpt":{"rendered":"R\u00e9sum\u00e9 Laurent Delahousse a r\u00e9v\u00e9l\u00e9 avec humour que le journal de 20 h sur France 2 ne commence&hellip;\n","protected":false},"author":2,"featured_media":215602,"comment_status":"","ping_status":"","sticky":false,"template":"","format":"standard","meta":{"footnotes":""},"categories":[8],"tags":[58,59,1011,27,594,3699,5097],"class_list":{"0":"post-215601","1":"post","2":"type-post","3":"status-publish","4":"format-standard","5":"has-post-thumbnail","7":"category-divertissement","8":"tag-divertissement","9":"tag-entertainment","10":"tag-fr","11":"tag-france","12":"tag-france-2","13":"tag-journal-de-20-heures","14":"tag-laurent-delahousse"},"share_on_mastodon":{"url":"https:\/\/pubeurope.com\/@fr\/114772204892220546","error":""},"_links":{"self":[{"href":"https:\/\/www.europesays.com\/fr\/wp-json\/wp\/v2\/posts\/215601","targetHints":{"allow":["GET"]}}],"collection":[{"href":"https:\/\/www.europesays.com\/fr\/wp-json\/wp\/v2\/posts"}],"about":[{"href":"https:\/\/www.europesays.com\/fr\/wp-json\/wp\/v2\/types\/post"}],"author":[{"embeddable":true,"href":"https:\/\/www.europesays.com\/fr\/wp-json\/wp\/v2\/users\/2"}],"replies":[{"embeddable":true,"href":"https:\/\/www.europesays.com\/fr\/wp-json\/wp\/v2\/comments?post=215601"}],"version-history":[{"count":0,"href":"https:\/\/www.europesays.com\/fr\/wp-json\/wp\/v2\/posts\/215601\/revisions"}],"wp:featuredmedia":[{"embeddable":true,"href":"https:\/\/www.europesays.com\/fr\/wp-json\/wp\/v2\/media\/215602"}],"wp:attachment":[{"href":"https:\/\/www.europesays.com\/fr\/wp-json\/wp\/v2\/media?parent=215601"}],"wp:term":[{"taxonomy":"category","embeddable":true,"href":"https:\/\/www.europesays.com\/fr\/wp-json\/wp\/v2\/categories?post=215601"},{"taxonomy":"post_tag","embeddable":true,"href":"https:\/\/www.europesays.com\/fr\/wp-json\/wp\/v2\/tags?post=215601"}],"curies":[{"name":"wp","href":"https:\/\/api.w.org\/{rel}","templated":true}]}}