{"id":215608,"date":"2025-06-30T12:03:11","date_gmt":"2025-06-30T12:03:11","guid":{"rendered":"https:\/\/www.europesays.com\/fr\/215608\/"},"modified":"2025-06-30T12:03:11","modified_gmt":"2025-06-30T12:03:11","slug":"le-feu-est-fixe-le-suspect-transportait-un-brasero-encore-allume-et-a-seme-des-braises","status":"publish","type":"post","link":"https:\/\/www.europesays.com\/fr\/215608\/","title":{"rendered":"Le feu est \u00ab\u00a0fix\u00e9\u00a0\u00bb, le suspect transportait un brasero encore allum\u00e9 et a sem\u00e9 des braises"},"content":{"rendered":"<p>La s\u00e9rie d\u2019<a href=\"https:\/\/www.20minutes.fr\/dossier\/incendie\" class=\"color-ultramarine c-link\" target=\"_blank\" rel=\"noopener\">incendies<\/a> qui a embras\u00e9 le d\u00e9partement de l\u2019<a href=\"https:\/\/www.20minutes.fr\/societe\/aude\/\" class=\"color-ultramarine c-link\" target=\"_blank\" rel=\"noopener\">Aude<\/a>, dimanche, est fix\u00e9e, selon le Service d\u00e9partemental d\u2019incendie et de secours (Sdis). Les <a href=\"https:\/\/www.20minutes.fr\/dossier\/feu\" class=\"color-ultramarine c-link\" target=\"_blank\" rel=\"noopener\">feux<\/a> se sont \u00e9tendus sur 400 hectares et ont br\u00fbl\u00e9 300 hectares de v\u00e9g\u00e9tation. Quatre communes ont \u00e9t\u00e9 touch\u00e9es\u00a0: <a href=\"https:\/\/www.20minutes.fr\/dossier\/narbonne\" class=\"color-ultramarine c-link\" target=\"_blank\" rel=\"noopener\">Narbonne<\/a>, Boutenac, Floure et surtout Bizanet, o\u00f9 les d\u00e9g\u00e2ts sont les plus importants.<\/p>\n<p>Un homme a \u00e9t\u00e9 interpell\u00e9 dimanche. Il \u00e9tait toujours en garde \u00e0 vue ce lundi matin. Selon la pr\u00e9fecture, il s\u2019agit d\u2019un commer\u00e7ant qui, de retour d\u2019un march\u00e9, ne s\u2019est pas rendu compte que le brasero qu\u2019il transportait n\u2019\u00e9tait pas \u00e9teint. Il a sem\u00e9 des braises incandescentes sur plusieurs kilom\u00e8tres avant d\u2019\u00eatre interpell\u00e9. Il a \u00e9t\u00e9 mis en examen pour \u00ab\u00a0destruction involontaire par incendie de bois et for\u00eat\u00a0\u00bb.<\/p>\n<p>Neuf pompiers bless\u00e9s<\/p>\n<p>Sept bungalows, un fourgon, trois installations \u00e9lectriques et deux h\u00e9bergements \u00ab\u00a0insolites\u00a0\u00bb d\u2019un camping ont \u00e9t\u00e9 d\u00e9truits. Une maison situ\u00e9e \u00e0 proximit\u00e9 de l\u2019h\u00e9bergement de plein air a \u00e9galement \u00e9t\u00e9 touch\u00e9e par les flammes. Au total, 32 vacanciers pr\u00e9sents dans le camping ont \u00e9t\u00e9 \u00e9vacu\u00e9s et h\u00e9berg\u00e9s, notamment dans une salle communale. 37 visiteurs de l\u2019abbaye de Fontfroide ont \u00e9galement \u00e9t\u00e9 mis en s\u00e9curit\u00e9, ainsi que 60 habitants d\u2019un lotissement (dans la distillerie de la commune). Ils ont pu retourner chez eux ce lundi matin.<\/p>\n<\/p>\n<p>Le feu a notamment entra\u00een\u00e9 la fermeture de l\u2019autoroute A61 entre L\u00e9zignan et Narbonne. 651 sapeurs-pompiers et 35 gendarmes ont \u00e9t\u00e9 mobilis\u00e9s, ainsi que quatre Canadairs (lesquels ont effectu\u00e9 24 largages), quatre Dash et le Dragon 66. Neuf sapeurs-pompiers ont \u00e9t\u00e9 l\u00e9g\u00e8rement bless\u00e9s (victimes de coups de chaud, des fum\u00e9es et pour l\u2019un d\u2019entre eux d\u2019une chute). 300 pompiers sont encore mobilis\u00e9s pour \u00e9viter toute reprise du feu.<\/p>\n","protected":false},"excerpt":{"rendered":"La s\u00e9rie d\u2019incendies qui a embras\u00e9 le d\u00e9partement de l\u2019Aude, dimanche, est fix\u00e9e, selon le Service d\u00e9partemental d\u2019incendie&hellip;\n","protected":false},"author":2,"featured_media":215609,"comment_status":"","ping_status":"","sticky":false,"template":"","format":"standard","meta":{"footnotes":""},"categories":[4],"tags":[47,11,4086,118,1312,1011,27,1310,2681,35514,12,2680,25],"class_list":{"0":"post-215608","1":"post","2":"type-post","3":"status-publish","4":"format-standard","5":"has-post-thumbnail","7":"category-france","8":"tag-actualite","9":"tag-actualites","10":"tag-aude","11":"tag-faits-divers","12":"tag-feu","13":"tag-fr","14":"tag-france","15":"tag-incendie","16":"tag-languedoc-roussillon","17":"tag-narbonne","18":"tag-news","19":"tag-occitanie","20":"tag-republique-francaise"},"share_on_mastodon":{"url":"https:\/\/pubeurope.com\/@fr\/114772220592364188","error":""},"_links":{"self":[{"href":"https:\/\/www.europesays.com\/fr\/wp-json\/wp\/v2\/posts\/215608","targetHints":{"allow":["GET"]}}],"collection":[{"href":"https:\/\/www.europesays.com\/fr\/wp-json\/wp\/v2\/posts"}],"about":[{"href":"https:\/\/www.europesays.com\/fr\/wp-json\/wp\/v2\/types\/post"}],"author":[{"embeddable":true,"href":"https:\/\/www.europesays.com\/fr\/wp-json\/wp\/v2\/users\/2"}],"replies":[{"embeddable":true,"href":"https:\/\/www.europesays.com\/fr\/wp-json\/wp\/v2\/comments?post=215608"}],"version-history":[{"count":0,"href":"https:\/\/www.europesays.com\/fr\/wp-json\/wp\/v2\/posts\/215608\/revisions"}],"wp:featuredmedia":[{"embeddable":true,"href":"https:\/\/www.europesays.com\/fr\/wp-json\/wp\/v2\/media\/215609"}],"wp:attachment":[{"href":"https:\/\/www.europesays.com\/fr\/wp-json\/wp\/v2\/media?parent=215608"}],"wp:term":[{"taxonomy":"category","embeddable":true,"href":"https:\/\/www.europesays.com\/fr\/wp-json\/wp\/v2\/categories?post=215608"},{"taxonomy":"post_tag","embeddable":true,"href":"https:\/\/www.europesays.com\/fr\/wp-json\/wp\/v2\/tags?post=215608"}],"curies":[{"name":"wp","href":"https:\/\/api.w.org\/{rel}","templated":true}]}}