{"id":215625,"date":"2025-06-30T12:16:13","date_gmt":"2025-06-30T12:16:13","guid":{"rendered":"https:\/\/www.europesays.com\/fr\/215625\/"},"modified":"2025-06-30T12:16:13","modified_gmt":"2025-06-30T12:16:13","slug":"a-rouen-les-autorites-laissent-les-identitaires-manifester-liberation","status":"publish","type":"post","link":"https:\/\/www.europesays.com\/fr\/215625\/","title":{"rendered":"A Rouen, les autorit\u00e9s laissent les identitaires manifester \u2013 Lib\u00e9ration"},"content":{"rendered":"<p class=\"sc-ksZaOG ehjQrN text-element\">Derri\u00e8re les \u00e9tendards frapp\u00e9s des personnages cl\u00e9s de l\u2019histoire normande, les fantasmes identitaires. Le groupuscule Les Normaux, h\u00e9ritier \u00e0 Rouen de la ligue dissoute G\u00e9n\u00e9ration identitaire, organise ce samedi 19 une manifestation dans les rues de la pr\u00e9fecture de Seine-Maritime. Une d\u00e9ambulation o\u00f9 sont attendus des repr\u00e9sentants de la mouvance venus des quatre coins du pays et qui pourrait tourner au d\u00e9fil\u00e9 d\u2019extr\u00eame droite. Le soir m\u00eame, selon nos informations, tout ce petit monde a pr\u00e9vu de se retrouver au local identitaire rouennais, Le Mora.<\/p>\n<p class=\"sc-ksZaOG ehjQrN text-element\">La manifestation a \u00e9t\u00e9 d\u00e9pos\u00e9e en pr\u00e9fecture le 14 octobre et les autorit\u00e9s ont choisi de l\u2019autoriser contrairement \u00e0 l\u2019ann\u00e9e derni\u00e8re. A l\u2019automne 2023, elle avait alors \u00e9t\u00e9 interdite au vu d\u2019un \u00abcontexte international qui entra\u00eene un ph\u00e9nom\u00e8ne de menaces contre les Etats ayant d\u00e9nonc\u00e9 les attentats du Hamas, leurs ressortissants et la communaut\u00e9 juive en particulier\u00bb. Contact\u00e9s par Lib\u00e9, les services de la pr\u00e9fecture ont fait savoir que \u00abconcernant la manifestation de samedi, une \u00e9valuation des \u00e9ventuelles menaces pour la s\u00e9curit\u00e9 publique a \u00e9t\u00e9 r\u00e9alis\u00e9e. Elle n\u2019a, \u00e0 ce stade, pas mis en lumi\u00e8re de tels risques. Les services de l\u2019Etat maintiennent leur vigilance et cette analyse sera mise \u00e0 jour\u00bb.<\/p>\n<p class=\"sc-ksZaOG ehjQrN text-element\">Sauf rebondissement, le d\u00e9fil\u00e9 aura donc bien lieu, ce qui devrait ravir les militants d\u2019extr\u00eame droite dont certains ont pr\u00e9vu de venir de loin. Lib\u00e9 a ainsi pu identifier <a href=\"https:\/\/www.liberation.fr&lt;\/p&gt;&lt;\/div&gt;&lt;\/article&gt;&lt;\/div&gt;&lt;div data-fusion-lazy-id=\" f0f8vgvlad832fw=\"\" rel=\"nofollow\"><\/p>\n","protected":false},"excerpt":{"rendered":"Derri\u00e8re les \u00e9tendards frapp\u00e9s des personnages cl\u00e9s de l\u2019histoire normande, les fantasmes identitaires. Le groupuscule Les Normaux, h\u00e9ritier&hellip;\n","protected":false},"author":2,"featured_media":215626,"comment_status":"","ping_status":"","sticky":false,"template":"","format":"standard","meta":{"footnotes":""},"categories":[9587],"tags":[1111,11,1777,674,1076,1011,27,12,5161,25,9590],"class_list":{"0":"post-215625","1":"post","2":"type-post","3":"status-publish","4":"format-standard","5":"has-post-thumbnail","7":"category-rouen","8":"tag-actu","9":"tag-actualites","10":"tag-eu","11":"tag-europe","12":"tag-extreme-droite","13":"tag-fr","14":"tag-france","15":"tag-news","16":"tag-normandie","17":"tag-republique-francaise","18":"tag-rouen"},"share_on_mastodon":{"url":"https:\/\/pubeurope.com\/@fr\/114772271652545601","error":""},"_links":{"self":[{"href":"https:\/\/www.europesays.com\/fr\/wp-json\/wp\/v2\/posts\/215625","targetHints":{"allow":["GET"]}}],"collection":[{"href":"https:\/\/www.europesays.com\/fr\/wp-json\/wp\/v2\/posts"}],"about":[{"href":"https:\/\/www.europesays.com\/fr\/wp-json\/wp\/v2\/types\/post"}],"author":[{"embeddable":true,"href":"https:\/\/www.europesays.com\/fr\/wp-json\/wp\/v2\/users\/2"}],"replies":[{"embeddable":true,"href":"https:\/\/www.europesays.com\/fr\/wp-json\/wp\/v2\/comments?post=215625"}],"version-history":[{"count":0,"href":"https:\/\/www.europesays.com\/fr\/wp-json\/wp\/v2\/posts\/215625\/revisions"}],"wp:featuredmedia":[{"embeddable":true,"href":"https:\/\/www.europesays.com\/fr\/wp-json\/wp\/v2\/media\/215626"}],"wp:attachment":[{"href":"https:\/\/www.europesays.com\/fr\/wp-json\/wp\/v2\/media?parent=215625"}],"wp:term":[{"taxonomy":"category","embeddable":true,"href":"https:\/\/www.europesays.com\/fr\/wp-json\/wp\/v2\/categories?post=215625"},{"taxonomy":"post_tag","embeddable":true,"href":"https:\/\/www.europesays.com\/fr\/wp-json\/wp\/v2\/tags?post=215625"}],"curies":[{"name":"wp","href":"https:\/\/api.w.org\/{rel}","templated":true}]}}