{"id":215631,"date":"2025-06-30T12:19:09","date_gmt":"2025-06-30T12:19:09","guid":{"rendered":"https:\/\/www.europesays.com\/fr\/215631\/"},"modified":"2025-06-30T12:19:09","modified_gmt":"2025-06-30T12:19:09","slug":"la-pepite-melvyn-rates-signe-en-top-14","status":"publish","type":"post","link":"https:\/\/www.europesays.com\/fr\/215631\/","title":{"rendered":"La p\u00e9pite Melvyn Rates signe en Top 14"},"content":{"rendered":"<p style=\"text-align: justify;\"><strong>TRANSFERTS \u2013 Le MHR a fait signer la jeune p\u00e9pite Melvyn Rates (19 ans), en provenance du FC Grenoble Rugby.\u00a0<\/strong><\/p>\n<p style=\"text-align: justify;\">Le MHR fait signer une p\u00e9pite ! Le club h\u00e9raultais a sans doute frapp\u00e9 un grand coup, en s\u2019attachant les services de<strong> Melvyn Rates<\/strong>. Le jeune ailier de 19 ans \u00e9voluait depuis 2022 au sein du <a href=\"https:\/\/dicodusport.fr\/blog\/tag\/grenoble-rugby\/\" rel=\"nofollow noopener\" target=\"_blank\">FC Grenoble Rugby<\/a>. Et est consid\u00e9r\u00e9 comme un grand espoir du rugby fran\u00e7ais. Surclass\u00e9 cet hiver, pour jouer le tournoi des 6 Nations U20 avec les Bleuets. Avec 54 minutes de jeu et un essai, lors de la victoire des siens contre l\u2019Italie (58-5). Mais qui n\u2019a pas encore disput\u00e9 la moindre minute en Pro D2, barr\u00e9 par une tr\u00e8s grosse concurrence, dans un club qui a jou\u00e9 la mont\u00e9e en Top 14, sans y parvenir, apr\u00e8s des <a href=\"https:\/\/dicodusport.fr\/blog\/grenoble-montauban-quercy-zabalza-hulleu-les-notes-de-la-finale-de-pro-d2\/\" rel=\"nofollow noopener\" target=\"_blank\">d\u00e9faites contre Montauban<\/a> en finale et <a href=\"https:\/\/dicodusport.fr\/blog\/grenoble-perpignan-lam-couilloud-davies-les-notes-du-match\/2\/\" rel=\"nofollow noopener\" target=\"_blank\">contre Perpignan<\/a> en access match.<\/p>\n<blockquote class=\"twitter-tweet\">\n<p dir=\"ltr\" lang=\"fr\">Les Bleuets en grande forme \ud83d\udc4a<\/p>\n<p>Simeli Daunivucu perce et trouve son ailier Melvyn Rates pour le 2e essai de <a href=\"https:\/\/twitter.com\/FranceRugby?ref_src=twsrc%5Etfw\" rel=\"nofollow noopener\" target=\"_blank\">@FranceRugby<\/a> \ud83c\uddeb\ud83c\uddf7<a href=\"https:\/\/twitter.com\/hashtag\/ITAFRA?src=hash&amp;ref_src=twsrc%5Etfw\" rel=\"nofollow noopener\" target=\"_blank\">#ITAFRA<\/a> | <a href=\"https:\/\/twitter.com\/hashtag\/U6N20?src=hash&amp;ref_src=twsrc%5Etfw\" rel=\"nofollow noopener\" target=\"_blank\">#U6N20<\/a> <a href=\"https:\/\/t.co\/SSy8HYX8aB\" rel=\"nofollow\">pic.twitter.com\/SSy8HYX8aB<\/a><\/p>\n<p>\u2014 Six Nations (FR) (@SixNations_FR) <a href=\"https:\/\/twitter.com\/SixNations_FR\/status\/1893392916577505699?ref_src=twsrc%5Etfw\" rel=\"nofollow noopener\" target=\"_blank\">February 22, 2025<\/a><\/p>\n<\/blockquote>\n<p>Le MHR \u00e9tait en concurrence avec d\u2019autres clubs de Top 14 pour Melvyn Rates<\/p>\n<p style=\"text-align: justify;\">Melvyn Rates \u00e9tait convoit\u00e9 par plusieurs clubs de Top 14 et pose donc ses valises dans l\u2019H\u00e9rault. Un club qui peut faire grandir certains jeunes. On pense \u00e0 un autre ailier, <strong>Ma\u00ebl Moustin<\/strong>, champion du monde U20 avec les Bleuets en 2023 et titulaire \u00e0 16 reprises avec le MHR cette saison. Un destin qui peut inspirer son jeune cadet, qui va d\u00e9couvrir l\u2019\u00e9lite du rugby fran\u00e7ais. Le MHR, selon les informations de nos confr\u00e8res de Midi Olympique, aurait rachet\u00e9 la derni\u00e8re ann\u00e9e de contrat du jeune joueur. Preuve de la confiance qu\u2019on lui fait pour l\u2019avenir. Les prochains mois pourraient \u00eatre int\u00e9ressants.<\/p>\n<p>\u00a0<\/p>\n<p>\t\t\t\t\t\t\t\t\t\t\t\t\t<script async src=\"https:\/\/platform.twitter.com\/widgets.js\" charset=\"utf-8\"><\/script><\/p>\n","protected":false},"excerpt":{"rendered":"TRANSFERTS \u2013 Le MHR a fait signer la jeune p\u00e9pite Melvyn Rates (19 ans), en provenance du FC&hellip;\n","protected":false},"author":2,"featured_media":215632,"comment_status":"","ping_status":"","sticky":false,"template":"","format":"standard","meta":{"footnotes":""},"categories":[9566],"tags":[1111,11,2430,2113,1777,674,1011,27,2731,12,25,478,477],"class_list":{"0":"post-215631","1":"post","2":"type-post","3":"status-publish","4":"format-standard","5":"has-post-thumbnail","7":"category-grenoble","8":"tag-actu","9":"tag-actualites","10":"tag-auvergne-rhone-alpes","11":"tag-breve","12":"tag-eu","13":"tag-europe","14":"tag-fr","15":"tag-france","16":"tag-grenoble","17":"tag-news","18":"tag-republique-francaise","19":"tag-top-14","20":"tag-transferts-rugby"},"share_on_mastodon":{"url":"https:\/\/pubeurope.com\/@fr\/114772283573233941","error":""},"_links":{"self":[{"href":"https:\/\/www.europesays.com\/fr\/wp-json\/wp\/v2\/posts\/215631","targetHints":{"allow":["GET"]}}],"collection":[{"href":"https:\/\/www.europesays.com\/fr\/wp-json\/wp\/v2\/posts"}],"about":[{"href":"https:\/\/www.europesays.com\/fr\/wp-json\/wp\/v2\/types\/post"}],"author":[{"embeddable":true,"href":"https:\/\/www.europesays.com\/fr\/wp-json\/wp\/v2\/users\/2"}],"replies":[{"embeddable":true,"href":"https:\/\/www.europesays.com\/fr\/wp-json\/wp\/v2\/comments?post=215631"}],"version-history":[{"count":0,"href":"https:\/\/www.europesays.com\/fr\/wp-json\/wp\/v2\/posts\/215631\/revisions"}],"wp:featuredmedia":[{"embeddable":true,"href":"https:\/\/www.europesays.com\/fr\/wp-json\/wp\/v2\/media\/215632"}],"wp:attachment":[{"href":"https:\/\/www.europesays.com\/fr\/wp-json\/wp\/v2\/media?parent=215631"}],"wp:term":[{"taxonomy":"category","embeddable":true,"href":"https:\/\/www.europesays.com\/fr\/wp-json\/wp\/v2\/categories?post=215631"},{"taxonomy":"post_tag","embeddable":true,"href":"https:\/\/www.europesays.com\/fr\/wp-json\/wp\/v2\/tags?post=215631"}],"curies":[{"name":"wp","href":"https:\/\/api.w.org\/{rel}","templated":true}]}}