{"id":215639,"date":"2025-06-30T12:24:08","date_gmt":"2025-06-30T12:24:08","guid":{"rendered":"https:\/\/www.europesays.com\/fr\/215639\/"},"modified":"2025-06-30T12:24:08","modified_gmt":"2025-06-30T12:24:08","slug":"tout-ce-quil-faut-savoir-sur-la-premiere-maison-des-services-publics-qui-vient-douvrir-ses-portes-dans-le-centre-ville-de-nice","status":"publish","type":"post","link":"https:\/\/www.europesays.com\/fr\/215639\/","title":{"rendered":"Tout ce qu&rsquo;il faut savoir sur la premi\u00e8re maison des services publics, qui vient d&rsquo;ouvrir ses portes dans le centre-ville de Nice"},"content":{"rendered":"<p>\u00ab\u00a0Nice+Facile\u00a0\u00bb&#8230; C\u2019est nouveau. Il s\u2019agit d\u2019un seul et m\u00eame site municipal pour effectuer diverses d\u00e9marches administratives. C\u2019est tout le sens de <strong>la premi\u00e8re maison de services publics<\/strong> inaugur\u00e9e dans le centre-ville de Nice pour \u00eatre encore plus pr\u00e8s de la population.<\/p>\n<p>O\u00f9 se trouve cette maison? <\/p>\n<p>Au 6, rue Tonduti-de-L\u2019Escar\u00e8ne, dans les locaux r\u00e9nov\u00e9s et r\u00e9am\u00e9nag\u00e9s de \u00ab\u00a0guichet Nice facile\u00a0\u00bb, ouvert en 2018.<\/p>\n<p>Qui peut y aller?<\/p>\n<p><strong>Cette maison est destin\u00e9e \u00e0 simplifier la vie de tous par la facilitation<\/strong> de toutes les demandes au sein d\u2019une plateforme unique en d\u00e9multipliant les services propos\u00e9s de l\u2019enfance \u00e0 l\u2019\u00e2ge adulte avec un primo-accueil pour orienter au mieux les usagers d\u00e8s leur arriv\u00e9e.<\/p>\n<p>                                Que trouve-t-on dans cette maison? <\/p>\n<p><strong>Une offre de proximit\u00e9 service<\/strong> par des agents d\u2019accueil polyvalents sp\u00e9cifiquement form\u00e9s, en articulant pr\u00e9sence humaine et outils num\u00e9riques.<\/p>\n<p><strong>Quelles d\u00e9marches concr\u00e8tes peut-on y faire?<\/strong><\/p>\n<p><strong>Elles sont nombreuses:<\/strong> prises de rendez-vous pour les d\u00e9p\u00f4ts de demandes de titres d\u2019identit\u00e9, retrait des titres d\u2019identit\u00e9 sans rendez-vous, inscriptions sur les listes \u00e9lectorales, sur la liste des nouveaux Ni\u00e7ois, pour la journ\u00e9e d\u2019appel, etc.<\/p>\n<p>De nouveaux services \u00e0 rajouter? <\/p>\n<p>Il y a le renforcement des permanences d\u2019\u00e9crivain public une fois par mois, permanences de partenaires institutionnels (CAF, imp\u00f4ts&#8230;), d\u2019\u00e9lus (consultables sur Nice.fr), de directions op\u00e9rationnelles (police municipale, r\u00e9seau Lignes d\u2019Azur&#8230;), accueil des nouveaux Ni\u00e7ois, d\u00e9couverte du patrimoine ni\u00e7ois via son histoire, son architecture&#8230; lors de visites hebdomadaires guid\u00e9es et gratuites, etc. \u00ab\u00a0D\u2019ici fin 2026, ce seront trois maisons de services publics qui auront vu le jour dans les secteurs centre, est et ouest\u00a0\u00bb, a annonc\u00e9 le maire, Christian Estrosi.<\/p>\n<p><strong>Savoir+<\/strong><br \/>&#13;<br \/>\nOuvert lundi, mardi, mercredi, jeudi et vendredi, de 8h30 \u00e0 17h.<br \/>&#13;<br \/>\nRens.: 04.97.13.45.00.<\/p>\n","protected":false},"excerpt":{"rendered":"\u00ab\u00a0Nice+Facile\u00a0\u00bb&#8230; C\u2019est nouveau. Il s\u2019agit d\u2019un seul et m\u00eame site municipal pour effectuer diverses d\u00e9marches administratives. C\u2019est tout&hellip;\n","protected":false},"author":2,"featured_media":215640,"comment_status":"","ping_status":"","sticky":false,"template":"","format":"standard","meta":{"footnotes":""},"categories":[2819],"tags":[1111,11,1777,674,1011,27,12,2401,882,25,3366],"class_list":{"0":"post-215639","1":"post","2":"type-post","3":"status-publish","4":"format-standard","5":"has-post-thumbnail","7":"category-nice","8":"tag-actu","9":"tag-actualites","10":"tag-eu","11":"tag-europe","12":"tag-fr","13":"tag-france","14":"tag-news","15":"tag-nice","16":"tag-provence-alpes-cote-dazur","17":"tag-republique-francaise","18":"tag-vie-locale"},"share_on_mastodon":{"url":"https:\/\/pubeurope.com\/@fr\/114772303134796915","error":""},"_links":{"self":[{"href":"https:\/\/www.europesays.com\/fr\/wp-json\/wp\/v2\/posts\/215639","targetHints":{"allow":["GET"]}}],"collection":[{"href":"https:\/\/www.europesays.com\/fr\/wp-json\/wp\/v2\/posts"}],"about":[{"href":"https:\/\/www.europesays.com\/fr\/wp-json\/wp\/v2\/types\/post"}],"author":[{"embeddable":true,"href":"https:\/\/www.europesays.com\/fr\/wp-json\/wp\/v2\/users\/2"}],"replies":[{"embeddable":true,"href":"https:\/\/www.europesays.com\/fr\/wp-json\/wp\/v2\/comments?post=215639"}],"version-history":[{"count":0,"href":"https:\/\/www.europesays.com\/fr\/wp-json\/wp\/v2\/posts\/215639\/revisions"}],"wp:featuredmedia":[{"embeddable":true,"href":"https:\/\/www.europesays.com\/fr\/wp-json\/wp\/v2\/media\/215640"}],"wp:attachment":[{"href":"https:\/\/www.europesays.com\/fr\/wp-json\/wp\/v2\/media?parent=215639"}],"wp:term":[{"taxonomy":"category","embeddable":true,"href":"https:\/\/www.europesays.com\/fr\/wp-json\/wp\/v2\/categories?post=215639"},{"taxonomy":"post_tag","embeddable":true,"href":"https:\/\/www.europesays.com\/fr\/wp-json\/wp\/v2\/tags?post=215639"}],"curies":[{"name":"wp","href":"https:\/\/api.w.org\/{rel}","templated":true}]}}