{"id":215649,"date":"2025-06-30T12:29:18","date_gmt":"2025-06-30T12:29:18","guid":{"rendered":"https:\/\/www.europesays.com\/fr\/215649\/"},"modified":"2025-06-30T12:29:18","modified_gmt":"2025-06-30T12:29:18","slug":"apres-le-meurtre-dune-femme-dans-son-appartement-un-homme-trahi-par-son-adn-mis-en-examen","status":"publish","type":"post","link":"https:\/\/www.europesays.com\/fr\/215649\/","title":{"rendered":"apr\u00e8s le meurtre d\u2019une femme dans son appartement, un homme trahi par son ADN mis en examen"},"content":{"rendered":"<p>Il y a un mois, le corps sans vie d\u2019une quadrag\u00e9naire avait \u00e9t\u00e9 retrouv\u00e9 \u00e0 Libourne. Un jeune homme de 20 ans, sans domicile fixe, a \u00e9t\u00e9 interpell\u00e9 la semaine derni\u00e8re dans le cadre de l\u2019enqu\u00eate.<\/p>\n<p class=\"fig-paragraph\">Le 31 mai dernier, le fils d\u2019une femme de 48 ans\u00a0<a href=\"https:\/\/www.lefigaro.fr\/bordeaux\/pres-de-bordeaux-une-femme-retrouvee-morte-a-son-domicile-une-enquete-pour-meurtre-ouverte-20250603?msockid=258c4318a154643d05395665a0ed65f9\" target=\"_blank\" data-fig-type=\"NewsFlash\" rel=\"noopener\" data-gtm-custom-categorie=\"navigation\" data-gtm-custom-action=\"crossclick\" data-gtm-custom-label=\"Contextuel\" data-gtm-event=\"customEventSPE\" data-fig-domain=\"LEFIGARO\">a d\u00e9couvert sa m\u00e8re sans vie<\/a>, au domicile de cette derni\u00e8re situ\u00e9 rue de la Marne \u00e0 Libourne. Elle pr\u00e9sentait une plaie profonde au niveau de la\u00a0<a href=\"https:\/\/video.lefigaro.fr\/figaro\/video\/deux-mineurs-poignardes-a-la-gorge-et-au-dos-pres-dune-ecole-au-sud-de-strasbourg\/\" target=\"_blank\" data-fig-type=\"Video\" rel=\"noopener\" data-gtm-custom-categorie=\"navigation\" data-gtm-custom-action=\"crossclick\" data-gtm-custom-label=\"Contextuel\" data-gtm-event=\"customEventSPE\" data-fig-domain=\"VIDEO\">gorge<\/a>. Une enqu\u00eate pour\u00a0<a href=\"https:\/\/www.lefigaro.fr\/actualite-france\/3-homicides-par-jour-1000-agressions-en-2024-la-delinquance-toujours-au-plus-haut-20250113?msockid=258c4318a154643d05395665a0ed65f9\" target=\"_blank\" data-fig-type=\"Article\" rel=\"noopener\" data-gtm-custom-categorie=\"navigation\" data-gtm-custom-action=\"crossclick\" data-gtm-custom-label=\"Contextuel\" data-gtm-event=\"customEventSPE\" data-fig-domain=\"LEFIGARO\">homicide<\/a>\u00a0volontaire avait alors \u00e9t\u00e9 ouverte.<\/p>\n<p class=\"fig-paragraph\">Le lendemain, les enqu\u00eateurs ont retrouv\u00e9 un couteau ensanglant\u00e9 dans une bouche d\u2019\u00e9gout situ\u00e9 \u00e0 proximit\u00e9 du domicile de la victime. Quelques jours apr\u00e8s le meurtre, dans le cadre d\u2019une proc\u00e9dure portant sur un cambriolage, les enqu\u00eateurs ont proc\u00e9d\u00e9 \u00e0 une perquisition dans un squat occup\u00e9 par les deux cambrioleurs pr\u00e9sum\u00e9s. \u00c0 l\u2019occasion de cette perquisition, ils ont retrouv\u00e9 le t\u00e9l\u00e9phone portable et la clef du v\u00e9hicule de la d\u00e9funte.<\/p>\n<p>Retrouv\u00e9 gr\u00e2ce \u00e0 l\u2019ADN<\/p>\n<p class=\"fig-paragraph\">Le 23 juin dernier, le parquet de Bordeaux indique que le rapport d\u2019h\u00e9matologie m\u00e9dico-l\u00e9gale a permis \u00abd\u2019isoler l\u2019ADN de l\u2019un des deux occupants du squat sur l\u2019arme du crime\u00bb.<\/p>\n<p>D\u00e8s le lendemain, l\u2019int\u00e9ress\u00e9 a \u00e9t\u00e9 interpell\u00e9 \u00e0 Bordeaux et plac\u00e9 en garde \u00e0 vue. Cet homme, \u00e2g\u00e9 de vingt ans, sans emploi et sans domicile fixe, a contest\u00e9 les faits tout au long de sa garde \u00e0 vue. Il a \u00e9t\u00e9 pr\u00e9sent\u00e9 \u00e0 un magistrat instructeur le 26 juin dernier et mis en examen pour meurtre.<\/p>\n<p class=\"fig-paragraph\">\u00abIl a \u00e9t\u00e9 plac\u00e9 en d\u00e9tention provisoire conform\u00e9ment aux r\u00e9quisitions du parquet\u00bb, indique Renaud Gaudeul, le procureur de la R\u00e9publique de Bordeaux.<\/p>\n","protected":false},"excerpt":{"rendered":"Il y a un mois, le corps sans vie d\u2019une quadrag\u00e9naire avait \u00e9t\u00e9 retrouv\u00e9 \u00e0 Libourne. Un jeune&hellip;\n","protected":false},"author":2,"featured_media":215650,"comment_status":"","ping_status":"","sticky":false,"template":"","format":"standard","meta":{"footnotes":""},"categories":[2817],"tags":[1111,11,1997,2916,2911,2910,2915,2909,2904,2913,2912,2914,2906,2907,1067,1777,674,1011,27,2905,2908,777,12,2219,25],"class_list":{"0":"post-215649","1":"post","2":"type-post","3":"status-publish","4":"format-standard","5":"has-post-thumbnail","7":"category-bordeaux","8":"tag-actu","9":"tag-actualites","10":"tag-bordeaux","11":"tag-bordeaux-cauderan","12":"tag-bordeaux-centre-ville","13":"tag-bordeaux-chartrons-grand-parc-jardin-public","14":"tag-bordeaux-la-bastide","15":"tag-bordeaux-maritime","16":"tag-bordeaux-metropole","17":"tag-bordeaux-nansouty-st-genes","18":"tag-bordeaux-st-augustin-tauzin-alphonse-dupeux","19":"tag-bordeaux-sud","20":"tag-capitale-de-gaule","21":"tag-cathedrale-gothique-de-saint-andre","22":"tag-enquete","23":"tag-eu","24":"tag-europe","25":"tag-fr","26":"tag-france","27":"tag-gironde","28":"tag-girondins-de-bordeaux","29":"tag-meurtre","30":"tag-news","31":"tag-nouvelle-aquitaine","32":"tag-republique-francaise"},"share_on_mastodon":{"url":"","error":"Validation failed: Text character limit of 500 exceeded"},"_links":{"self":[{"href":"https:\/\/www.europesays.com\/fr\/wp-json\/wp\/v2\/posts\/215649","targetHints":{"allow":["GET"]}}],"collection":[{"href":"https:\/\/www.europesays.com\/fr\/wp-json\/wp\/v2\/posts"}],"about":[{"href":"https:\/\/www.europesays.com\/fr\/wp-json\/wp\/v2\/types\/post"}],"author":[{"embeddable":true,"href":"https:\/\/www.europesays.com\/fr\/wp-json\/wp\/v2\/users\/2"}],"replies":[{"embeddable":true,"href":"https:\/\/www.europesays.com\/fr\/wp-json\/wp\/v2\/comments?post=215649"}],"version-history":[{"count":0,"href":"https:\/\/www.europesays.com\/fr\/wp-json\/wp\/v2\/posts\/215649\/revisions"}],"wp:featuredmedia":[{"embeddable":true,"href":"https:\/\/www.europesays.com\/fr\/wp-json\/wp\/v2\/media\/215650"}],"wp:attachment":[{"href":"https:\/\/www.europesays.com\/fr\/wp-json\/wp\/v2\/media?parent=215649"}],"wp:term":[{"taxonomy":"category","embeddable":true,"href":"https:\/\/www.europesays.com\/fr\/wp-json\/wp\/v2\/categories?post=215649"},{"taxonomy":"post_tag","embeddable":true,"href":"https:\/\/www.europesays.com\/fr\/wp-json\/wp\/v2\/tags?post=215649"}],"curies":[{"name":"wp","href":"https:\/\/api.w.org\/{rel}","templated":true}]}}