{"id":215652,"date":"2025-06-30T12:31:09","date_gmt":"2025-06-30T12:31:09","guid":{"rendered":"https:\/\/www.europesays.com\/fr\/215652\/"},"modified":"2025-06-30T12:31:09","modified_gmt":"2025-06-30T12:31:09","slug":"insolite-a-peine-opere-romain-ntamack-poursuit-les-festivites-de-toulouse-en-fauteuil-roulant","status":"publish","type":"post","link":"https:\/\/www.europesays.com\/fr\/215652\/","title":{"rendered":"INSOLITE. \u00c0 peine op\u00e9r\u00e9, Romain Ntamack poursuit les festivit\u00e9s de Toulouse&#8230; en fauteuil roulant"},"content":{"rendered":"<p>            Par<br \/>\n        <strong><br \/>\n            <a href=\"https:\/\/actu.fr\/auteur\/redaction-rugby\" title=\"Consulter tous les articles de R\u00e9daction Rugby\" rel=\"nofollow noopener\" target=\"_blank\">R\u00e9daction Rugby<\/a><br \/>\n        <\/strong><\/p>\n<p>        Publi\u00e9 le<\/p>\n<p>            30 juin 2025 \u00e0 13h56        <\/p>\n<p><a href=\"https:\/\/actu.fr\/rugby\/joueur\/ntamack_6548b1d24481bf25852f3562\/\" rel=\"nofollow noopener\" target=\"_blank\">Romain Ntamack<\/a> n\u2019a pas perdu de temps. Lundi 30 juin, l\u2019ouvreur international de <a href=\"https:\/\/actu.fr\/rugby\/equipe\/toulouse_64dd31517b8c09c4fec880ad\/\" rel=\"nofollow noopener\" target=\"_blank\">Toulouse<\/a> a subi une intervention au niveau de son genou gauche, soit 36 heures \u00e0 peine apr\u00e8s <a href=\"https:\/\/actu.fr\/occitanie\/toulouse_31555\/immortel-toulouse-un-24e-brennus-obtenu-face-a-bordeaux-ce-qui-nous-a-plu-et-deplu_62840575.html\" rel=\"nofollow noopener\" target=\"_blank\">la finale de Top 14<\/a> remport\u00e9e par les Rouge et Noir contre Bordeaux (39-33, ap).<\/p>\n<p class=\" wall-content\">Mais dans la foul\u00e9e de cette op\u00e9ration, Romain Ntamack a rejoint ses co\u00e9quipiers pour <a href=\"https:\/\/actu.fr\/occitanie\/toulouse_31555\/direct-apres-la-victoire-les-joueurs-du-stade-toulousain-arrivent-au-capitole-suivez-l-evenement_62841747.html\" rel=\"nofollow noopener\" target=\"_blank\">poursuivre les festivit\u00e9s<\/a>.<\/p>\n<p>Romain Ntamack en fauteuil roulant<\/p>\n<p class=\" wall-content\">Une photo publi\u00e9e sur les r\u00e9seaux sociaux montre Romain Ntamack <strong>en fauteuil roulant<\/strong>, bi\u00e8re \u00e0 la main, au milieu de ses co\u00e9quipiers regroup\u00e9s Chez Tonton, bar mythique \u00e0 Toulouse. On y aper\u00e7oit \u00e9galement le pr\u00e9sident Didier Lacroix.<\/p>\n<p class=\" wall-content\">\n<p class=\" wall-content\">Touch\u00e9 \u00e0 l\u2019\u00e9paule droite durant la finale, Ntamack a \u00e9t\u00e9 remplac\u00e9 \u00e0 la mi-temps. Jouant sous infiltration depuis plusieurs semaines en raison d\u2019un souci \u00e0 un genou, l\u2019ouvreur toulousain avait d\u00e9cid\u00e9 de passer sur le billard, et donc de tirer un trait sur la tourn\u00e9e du XV de France en Nouvelle-Z\u00e9lande.<\/p>\n<p class=\" wall-content\">\u00ab\u00a0Il est temps que \u00e7a s\u2019arr\u00eate. Cette saison, j\u2019ai eu pas mal de probl\u00e8mes\u2026\u00a0\u00bb, avait souffl\u00e9 le joueur au micro de France T\u00e9l\u00e9visions apr\u00e8s la finale de Top 14.<\/p>\n<p>Vid\u00e9os : en ce moment sur Actu<\/p>\n<p class=\" wall-content\">Suivez toute l\u2019actualit\u00e9 de vos villes et m\u00e9dias favoris en vous inscrivant \u00e0 <a href=\"https:\/\/moncompte.actu.fr\" title=\"D\u00e9couvez Mon Actu\" rel=\"nofollow noopener\" data-trk=\"{&quot;cta&quot;:{&quot;action&quot;:&quot;https:\\\/\\\/moncompte.actu.fr&quot;,&quot;category&quot;:&quot;mon compte&quot;,&quot;from&quot;:&quot;article footer&quot;,&quot;name&quot;:&quot;Mon actu&quot;,&quot;type&quot;:&quot;cta&quot;}}\" target=\"_blank\">Mon Actu<\/a>.<\/p>\n<ul class=\"ac-article-tag wall-content\">\n<li><a href=\"https:\/\/actu.fr\/tag\/romain-ntamack\" data-trk=\"{&quot;cta&quot;:{&quot;action&quot;:&quot;Romain Ntamack&quot;,&quot;category&quot;:&quot;tag&quot;,&quot;from&quot;:&quot;article footer&quot;,&quot;name&quot;:&quot;Romain Ntamack&quot;,&quot;type&quot;:&quot;cta&quot;}}\" rel=\"nofollow noopener\" target=\"_blank\">#Romain Ntamack<\/a><\/li>\n<li><a href=\"https:\/\/actu.fr\/tag\/stade-toulousain\" data-trk=\"{&quot;cta&quot;:{&quot;action&quot;:&quot;Stade toulousain&quot;,&quot;category&quot;:&quot;tag&quot;,&quot;from&quot;:&quot;article footer&quot;,&quot;name&quot;:&quot;Stade toulousain&quot;,&quot;type&quot;:&quot;cta&quot;}}\" rel=\"nofollow noopener\" target=\"_blank\">#Stade toulousain<\/a><\/li>\n<\/ul>\n","protected":false},"excerpt":{"rendered":"Par R\u00e9daction Rugby Publi\u00e9 le 30 juin 2025 \u00e0 13h56 Romain Ntamack n\u2019a pas perdu de temps. Lundi&hellip;\n","protected":false},"author":2,"featured_media":215653,"comment_status":"","ping_status":"","sticky":false,"template":"","format":"standard","meta":{"footnotes":""},"categories":[2816],"tags":[1111,11,1777,674,1011,27,12,2680,25,7205,479,60,476,478,2312],"class_list":{"0":"post-215652","1":"post","2":"type-post","3":"status-publish","4":"format-standard","5":"has-post-thumbnail","7":"category-toulouse","8":"tag-actu","9":"tag-actualites","10":"tag-eu","11":"tag-europe","12":"tag-fr","13":"tag-france","14":"tag-news","15":"tag-occitanie","16":"tag-republique-francaise","17":"tag-romain-ntamack","18":"tag-rugby","19":"tag-sports","20":"tag-stade-toulousain","21":"tag-top-14","22":"tag-toulouse"},"share_on_mastodon":{"url":"https:\/\/pubeurope.com\/@fr\/114772331051087254","error":""},"_links":{"self":[{"href":"https:\/\/www.europesays.com\/fr\/wp-json\/wp\/v2\/posts\/215652","targetHints":{"allow":["GET"]}}],"collection":[{"href":"https:\/\/www.europesays.com\/fr\/wp-json\/wp\/v2\/posts"}],"about":[{"href":"https:\/\/www.europesays.com\/fr\/wp-json\/wp\/v2\/types\/post"}],"author":[{"embeddable":true,"href":"https:\/\/www.europesays.com\/fr\/wp-json\/wp\/v2\/users\/2"}],"replies":[{"embeddable":true,"href":"https:\/\/www.europesays.com\/fr\/wp-json\/wp\/v2\/comments?post=215652"}],"version-history":[{"count":0,"href":"https:\/\/www.europesays.com\/fr\/wp-json\/wp\/v2\/posts\/215652\/revisions"}],"wp:featuredmedia":[{"embeddable":true,"href":"https:\/\/www.europesays.com\/fr\/wp-json\/wp\/v2\/media\/215653"}],"wp:attachment":[{"href":"https:\/\/www.europesays.com\/fr\/wp-json\/wp\/v2\/media?parent=215652"}],"wp:term":[{"taxonomy":"category","embeddable":true,"href":"https:\/\/www.europesays.com\/fr\/wp-json\/wp\/v2\/categories?post=215652"},{"taxonomy":"post_tag","embeddable":true,"href":"https:\/\/www.europesays.com\/fr\/wp-json\/wp\/v2\/tags?post=215652"}],"curies":[{"name":"wp","href":"https:\/\/api.w.org\/{rel}","templated":true}]}}