{"id":215654,"date":"2025-06-30T12:32:10","date_gmt":"2025-06-30T12:32:10","guid":{"rendered":"https:\/\/www.europesays.com\/fr\/215654\/"},"modified":"2025-06-30T12:32:10","modified_gmt":"2025-06-30T12:32:10","slug":"a-lille-une-maison-des-parents-pour-accompagner-les-familles-au-quotidien","status":"publish","type":"post","link":"https:\/\/www.europesays.com\/fr\/215654\/","title":{"rendered":"\u00c0 Lille, une Maison des parents pour accompagner les familles au quotidien"},"content":{"rendered":"<p>            Par<br \/>\n        <strong><br \/>\n            <a href=\"https:\/\/actu.fr\/auteur\/hervine-mahaud\" title=\"Consulter tous les articles de Hervine Mahaud\" target=\"_blank\" rel=\"noopener\">Hervine Mahaud<\/a><br \/>\n        <\/strong><\/p>\n<p>        Publi\u00e9 le<\/p>\n<p>            30 juin 2025 \u00e0 13h46        <\/p>\n<p>Inaugur\u00e9e ce 27 juin 2025 par l\u2019\u00e9quipe municipale, la Maison des parents a ouvert ses portes \u00e0 <a href=\"https:\/\/actu.fr\/hauts-de-france\/lille_59350\" target=\"_blank\" rel=\"noopener\">Lille<\/a> le 25 f\u00e9vrier dernier, avec une grande promesse : celle d\u2019\u00e9couter, de rassurer, d\u2019orienter. Situ\u00e9e au <b data-end=\"386\">104-108 boulevard de Metz<\/b>, au sein de la <b data-end=\"428\">Maison des solidarit\u00e9s<\/b> (ouverte en novembre 2024), cette structure gratuite\u00a0offre un espace bienveillant aux futurs parents et aux familles d\u2019enfants de 0 \u00e0 12 ans. Un lieu pens\u00e9 <b data-end=\"658\">pour rompre l\u2019isolement, r\u00e9pondre aux doutes et cr\u00e9er du lien<\/b>, \u00a0particuli\u00e8rement pour les 1 000 premiers jours de l\u2019enfant.<\/p>\n<p>Un lieu pour soutenir les parents et accompagner les enfants<\/p>\n<p class=\" wall-content\">\u00ab\u00a0En quelques mois, ce sont d\u00e9j\u00e0 20 permanences individuelles et 17 ateliers collectifs qui ont b\u00e9n\u00e9fici\u00e9 \u00e0 plus de 80 personnes\u00a0\u00bb, souligne Charlotte Brun, adjointe au maire de Lille en charge de la parentalit\u00e9. Preuve que le besoin d\u2019accompagnement des familles, parfois perdues au moment de l\u2019arriv\u00e9e d\u2019un b\u00e9b\u00e9 (et m\u00eame bien apr\u00e8s), est fort.<\/p>\n<p>    <img   decoding=\"async\" loading=\"lazy\" class=\"size-large\" src=\"https:\/\/www.europesays.com\/fr\/wp-content\/uploads\/2025\/06\/79f15694be5866df15694be5841025v-960x640.jpg\" alt=\"maison des parents solidarit\u00e9 lille\" width=\"960\" height=\"640\"\/><br \/>\n    Charlotte Brun, adjointe en charge de la parentalit\u00e9, a inaugur\u00e9 la Maison des parents le 27 juin 2025. \u00a9Hervine Mahaud<\/p>\n<p class=\" wall-content\">\u00ab\u00a0La petite enfance est un enjeu car c\u2019est d\u00e8s les premiers jours de vie que s\u2019inscrivent les d\u00e9terminismes sociaux. \u00c0 Lille, on a fait un choix politique fort : intervenir aupr\u00e8s des parents pour permettre aux enfants de grandir entour\u00e9s d\u2019un village d\u2019adultes bienveillants.\u00a0\u00bb<\/p>\n<p class=\" wall-content\">En effet, depuis 20 ans, la municipalit\u00e9 m\u00e8ne son PEG (projet \u00e9ducatif global) pour lutter contre les in\u00e9galit\u00e9s. L\u2019une des mesures phares est la gratuit\u00e9 des fournitures scolaires, reconduite pour la 5\u00e8me ann\u00e9e \u00e0 la rentr\u00e9e scolaire de septembre 2025. \u00ab\u00a0L\u2019\u00e9ducation, l\u2019enfance et la petite enfance, c\u2019est le premier budget de la Ville\u00a0\u00bb, rappelle Charlotte Brun.<\/p>\n<p>Vid\u00e9os : en ce moment sur ActuUn espace convivial et accessible<\/p>\n<p class=\" wall-content\">Accueillie dans les locaux de la Maison des solidarit\u00e9s, cette Maison des parents n\u2019est qu\u2019une \u00ab\u00a0pr\u00e9figuration\u00a0\u00bb. La mairie confirme \u00eatre \u00ab\u00a0en qu\u00eate de locaux. L\u2019emplacement actuel est, pour l\u2019heure id\u00e9al, \u00ab\u00a0\u00e0 la crois\u00e9e de quatre quartiers lillois et des deux lignes de m\u00e9tro\u00a0\u00bb.\u00a0<\/p>\n<p data-end=\"1000\" class=\" wall-content\">Ouverte <b data-end=\"723\">les mardis, jeudis et vendredis de 9h \u00e0 12h et de 13h30 \u00e0 17h<\/b>, la Maison des parents accueille sans rendez-vous les <b data-end=\"796\">futurs parents<\/b> ainsi que ceux d\u2019enfants de <b data-end=\"839\">0 \u00e0 12 ans<\/b>.<\/p>\n<p>    <img   decoding=\"async\" loading=\"lazy\" class=\"size-large\" src=\"https:\/\/www.europesays.com\/fr\/wp-content\/uploads\/2025\/06\/6d9dd9a4be586c1add9a4be5895addv-960x640.jpg\" alt=\"maison des parents solidarit\u00e9 lille\" width=\"960\" height=\"640\"\/><br \/>\n    Ici, les familles trouvent des professionnels bienveillants pour les accompagner. \u00a9Hervine Mahaud<\/p>\n<p data-end=\"1000\" class=\" wall-content\">Ce lieu chaleureux propose \u00e0 la fois un <b data-end=\"913\">accompagnement individualis\u00e9<\/b> et des <b data-end=\"944\">ateliers collectifs<\/b>, en compl\u00e9mentarit\u00e9 avec la <b data-end=\"999\">Maison des adolescents<\/b>.<\/p>\n<p data-end=\"1209\" class=\" wall-content\">\u00c0 noter : <b data-end=\"1062\">ce n\u2019est pas un espace d\u2019inscription en cr\u00e8che<\/b>, mais un lieu d\u2019<b data-end=\"1094\">information<\/b>, d\u2019<b data-end=\"1113\">orientation<\/b> et de <b data-end=\"1148\">soutien \u00e0 la parentalit\u00e9<\/b>.<\/p>\n<p>Des permanences et ateliers pour tous les besoins<\/p>\n<p data-end=\"1446\" class=\" wall-content\">Anim\u00e9es par des <b data-end=\"1306\">associations locales<\/b> et des <b data-end=\"1335\">agents municipaux<\/b>, des permanences th\u00e9matiques permettent aux parents d\u2019\u00e9changer avec des professionnels sur des sujets vari\u00e9s :<\/p>\n<ul class=\" wall-content\">\n<li data-end=\"1471\">soutien \u00e0 la parentalit\u00e9<\/li>\n<li data-end=\"1471\">m\u00e9diation familiale<\/li>\n<li data-end=\"1471\">information sur les modes d\u2019accueil<\/li>\n<li data-end=\"1471\">accompagnement dans les d\u00e9marches li\u00e9es aux handicaps<\/li>\n<li data-end=\"1471\">pr\u00e9sentation du dispositif de parrainage de proximit\u00e9.<\/li>\n<\/ul>\n<p data-end=\"1693\" class=\" wall-content\">En parall\u00e8le, des <b data-end=\"1622\">ateliers collectifs<\/b> sont propos\u00e9s, avec ou sans les enfants :<\/p>\n<ul class=\" wall-content\">\n<li data-end=\"1757\">ateliers autour des besoins fondamentaux des jeunes enfants : sommeil, favorisation de la s\u00e9curit\u00e9 affective, importance du jeu, place des \u00e9crans, couple parental et fratrie\u2026<\/li>\n<li data-end=\"1757\">groupes de paroles : un temps pour soi en tant que parent ; \u00eatre parent s\u00e9par\u00e9 ou solo ; stress parental ; \u00e9changes sur la paternit\u00e9 p\u00e9rinatale<\/li>\n<li data-end=\"1757\">temps d\u2019informations autour des missions de la PMI<\/li>\n<li data-end=\"1757\">sant\u00e9, addiction, contr\u00f4le parental, harc\u00e8lement\u2026<\/li>\n<\/ul>\n<p class=\" wall-content\">Pour plus d\u2019infos, rendez-vous sur <a href=\"https:\/\/www.lille.fr\/Actualites\/Une-Maison-des-parents-a-Lille\" target=\"_blank\" rel=\"noopener\">le site de la Ville de Lille<\/a>.<\/p>\n<p class=\" wall-content\">Suivez toute l\u2019actualit\u00e9 de vos villes et m\u00e9dias favoris en vous inscrivant \u00e0 <a href=\"https:\/\/moncompte.actu.fr\" title=\"D\u00e9couvez Mon Actu\" rel=\"nofollow noopener\" data-trk=\"{&quot;cta&quot;:{&quot;action&quot;:&quot;https:\\\/\\\/moncompte.actu.fr&quot;,&quot;category&quot;:&quot;mon compte&quot;,&quot;from&quot;:&quot;article footer&quot;,&quot;name&quot;:&quot;Mon actu&quot;,&quot;type&quot;:&quot;cta&quot;}}\" target=\"_blank\">Mon Actu<\/a>.<\/p>\n","protected":false},"excerpt":{"rendered":"Par Hervine Mahaud Publi\u00e9 le 30 juin 2025 \u00e0 13h46 Inaugur\u00e9e ce 27 juin 2025 par l\u2019\u00e9quipe municipale,&hellip;\n","protected":false},"author":2,"featured_media":215655,"comment_status":"","ping_status":"","sticky":false,"template":"","format":"standard","meta":{"footnotes":""},"categories":[2815],"tags":[1111,11,1719,1777,674,652,1011,27,811,1307,12,25,104,3400],"class_list":{"0":"post-215654","1":"post","2":"type-post","3":"status-publish","4":"format-standard","5":"has-post-thumbnail","7":"category-lille","8":"tag-actu","9":"tag-actualites","10":"tag-enfants","11":"tag-eu","12":"tag-europe","13":"tag-famille","14":"tag-fr","15":"tag-france","16":"tag-hauts-de-france","17":"tag-lille","18":"tag-news","19":"tag-republique-francaise","20":"tag-societe","21":"tag-solidarite"},"share_on_mastodon":{"url":"https:\/\/pubeurope.com\/@fr\/114772334744276646","error":""},"_links":{"self":[{"href":"https:\/\/www.europesays.com\/fr\/wp-json\/wp\/v2\/posts\/215654","targetHints":{"allow":["GET"]}}],"collection":[{"href":"https:\/\/www.europesays.com\/fr\/wp-json\/wp\/v2\/posts"}],"about":[{"href":"https:\/\/www.europesays.com\/fr\/wp-json\/wp\/v2\/types\/post"}],"author":[{"embeddable":true,"href":"https:\/\/www.europesays.com\/fr\/wp-json\/wp\/v2\/users\/2"}],"replies":[{"embeddable":true,"href":"https:\/\/www.europesays.com\/fr\/wp-json\/wp\/v2\/comments?post=215654"}],"version-history":[{"count":0,"href":"https:\/\/www.europesays.com\/fr\/wp-json\/wp\/v2\/posts\/215654\/revisions"}],"wp:featuredmedia":[{"embeddable":true,"href":"https:\/\/www.europesays.com\/fr\/wp-json\/wp\/v2\/media\/215655"}],"wp:attachment":[{"href":"https:\/\/www.europesays.com\/fr\/wp-json\/wp\/v2\/media?parent=215654"}],"wp:term":[{"taxonomy":"category","embeddable":true,"href":"https:\/\/www.europesays.com\/fr\/wp-json\/wp\/v2\/categories?post=215654"},{"taxonomy":"post_tag","embeddable":true,"href":"https:\/\/www.europesays.com\/fr\/wp-json\/wp\/v2\/tags?post=215654"}],"curies":[{"name":"wp","href":"https:\/\/api.w.org\/{rel}","templated":true}]}}