{"id":215662,"date":"2025-06-30T12:36:15","date_gmt":"2025-06-30T12:36:15","guid":{"rendered":"https:\/\/www.europesays.com\/fr\/215662\/"},"modified":"2025-06-30T12:36:15","modified_gmt":"2025-06-30T12:36:15","slug":"lyon-la-residente-dun-ehpad-tuee-dans-un-accident-de-fauteuil-roulant-sa-mort-interroge","status":"publish","type":"post","link":"https:\/\/www.europesays.com\/fr\/215662\/","title":{"rendered":"Lyon. La r\u00e9sidente d&rsquo;un Ehpad tu\u00e9e dans un accident de fauteuil roulant : sa mort interroge"},"content":{"rendered":"<p>            Par<br \/>\n        <strong><br \/>\n            <a href=\"https:\/\/actu.fr\/auteur\/julien-damboise\" title=\"Consulter tous les articles de Julien Damboise\" target=\"_blank\" rel=\"noopener\">Julien Damboise<\/a><br \/>\n        <\/strong><\/p>\n<p>        Publi\u00e9 le<\/p>\n<p>            30 juin 2025 \u00e0 12h25        <\/p>\n<p>La sortie de l\u2019<a href=\"https:\/\/actu.fr\/tag\/ehpad\" target=\"_blank\" rel=\"noopener\">Ehpad<\/a> des Balcons de l\u2019\u00eele Barbe, bas\u00e9 dans le 9\u1d49 arrondissement de <a href=\"https:\/\/actu.fr\/auvergne-rhone-alpes\/lyon_69123\" target=\"_blank\" rel=\"noopener\">Lyon<\/a>, s\u2019est termin\u00e9e en <strong>drame<\/strong> le jeudi 26 juin 2025. Selon une information de <a href=\"https:\/\/www.bfmtv.com\/lyon\/lyon-une-residente-de-l-ehpad-des-balcons-de-l-ile-barbe-meurt-lors-d-une-sortie_AN-202506290357.html\" target=\"_blank\" rel=\"noopener\">BFM Lyon<\/a>, confirm\u00e9e par actu Lyon, une r\u00e9sidente en <strong>fauteuil roulant<\/strong> a <a href=\"https:\/\/actu.fr\/auvergne-rhone-alpes\/grezieu-la-varenne_69094\/drame-pres-de-lyon-une-personne-agee-tuee-sur-son-brancard-lors-de-son-transfert-en-ambulance_62832987.html\" target=\"_blank\" rel=\"noopener\">d\u00e9val\u00e9 une pente<\/a> avant de percuter un arbre. Elle est <strong>d\u00e9c\u00e9d\u00e9e<\/strong> \u00e0 la suite de ses graves blessures.<br \/>Le syndicat Force Ouvri\u00e8re d\u00e9nonce un <strong>manque d\u2019encadrement<\/strong>. La Ville r\u00e9pond aux critiques.<\/p>\n<p>Un d\u00e9c\u00e8s \u00ab\u00a0tragique\u00a0\u00bb<\/p>\n<p class=\" wall-content\">Selon FO, l\u2019accident s\u2019est d\u00e9roul\u00e9 jeudi 26 juin 2025, lors d\u2019une sortie organis\u00e9e par le Centre Communal d\u2019Action Sociale (CCAS) de Lyon \u00e0 <a href=\"https:\/\/actu.fr\/auvergne-rhone-alpes\/grezieu-la-varenne_69094\" target=\"_blank\" rel=\"noopener\">Gr\u00e9zieu-la-Varenne<\/a> dans le <a href=\"https:\/\/actu.fr\/auvergne-rhone-alpes\/rhone_69\" target=\"_blank\" rel=\"noopener\">Rh\u00f4ne<\/a>. Dans la journ\u00e9e, une r\u00e9sidente de l\u2019Ehpad des Balcons de l\u2019\u00eele Barbe a chut\u00e9 lourdement de son fauteuil roulant apr\u00e8s s\u2019\u00eatre engag\u00e9e <strong>sur une pente raide<\/strong> et avoir heurt\u00e9 un arbre.<\/p>\n<p class=\" wall-content\">La victime n\u2019a pu \u00eatre r\u00e9anim\u00e9e \u00ab\u00a0malgr\u00e9 l\u2019intervention rapide des secours et le <strong>massage cardiaque<\/strong> d\u2019une agente du CCAS dont nous saluons le professionnalisme\u00a0\u00bb, affirme FO.<\/p>\n<p class=\" wall-content\">Une enqu\u00eate a \u00e9t\u00e9 ouverte pour faire la lumi\u00e8re sur les circonstances de ce drame. Mais d\u00e9j\u00e0, le syndicat monte au cr\u00e9neau.<\/p>\n<p>Des questions sur l\u2019encadrement<\/p>\n<p class=\" wall-content\">FO, dans un communiqu\u00e9, d\u00e9plore en effet qu\u2019il n\u2019y avait que \u00ab\u00a0trois agentes fonctionnaires et une jeune en service civique pour un groupe de dix r\u00e9sidents, dont plusieurs en fauteuil roulant et en d\u00e9ambulateur\u00a0\u00bb, posant ainsi la question : \u00ab\u00a0Est-ce un taux d\u2019encadrement adapt\u00e9 aux besoins du public accueilli, en particulier dans le cadre d\u2019une sortie ext\u00e9rieure ?\u00a0\u00bb.<\/p>\n<p class=\" wall-content\">Le syndicat assure aussi qu\u2019<strong>aucun dispositif de soutien psychologique<\/strong> n\u2019a \u00e9t\u00e9 mobilis\u00e9 dans les heures qui ont suivi le drame.\u00a0<\/p>\n<p class=\" wall-content\">Un drame qui \u00ab\u00a0met en lumi\u00e8re des<strong> fragilit\u00e9s syst\u00e9miques<\/strong>, et non des fautes individuelles. L\u2019heure n\u2019est pas \u00e0 la stigmatisation, mais \u00e0 la protection, \u00e0 la transparence et \u00e0 la remise en question collective\u00a0\u00bb, toujours pour FO.<\/p>\n<p>La Ville apporte son soutien<\/p>\n<p class=\" wall-content\">Contact\u00e9e par actu Lyon, la municipalit\u00e9 confirme qu\u2019il y avait bien quatre encadrants pour <strong>onze r\u00e9sidents<\/strong> lors de cette sortie.<\/p>\n<p class=\" wall-content\">La Ville de Lyon \u00ab\u00a0adresse tout son soutien \u00e0 la famille, aux autres r\u00e9sidents, ainsi qu\u2019aux professionnels particuli\u00e8rement \u00e9prouv\u00e9s par ce drame\u00a0\u00bb, tout en rappelant qu\u2019une <strong>enqu\u00eate<\/strong> est en cours, et donc qu\u2019aucun commentaire ne sera fait \u00ab\u00a0\u00e0 ce stade\u00a0\u00bb.<\/p>\n<p class=\" wall-content\">Suivez toute l\u2019actualit\u00e9 de vos villes et m\u00e9dias favoris en vous inscrivant \u00e0 <a href=\"https:\/\/moncompte.actu.fr\" title=\"D\u00e9couvez Mon Actu\" rel=\"nofollow noopener\" data-trk=\"{&quot;cta&quot;:{&quot;action&quot;:&quot;https:\\\/\\\/moncompte.actu.fr&quot;,&quot;category&quot;:&quot;mon compte&quot;,&quot;from&quot;:&quot;article footer&quot;,&quot;name&quot;:&quot;Mon actu&quot;,&quot;type&quot;:&quot;cta&quot;}}\" target=\"_blank\">Mon Actu<\/a>.<\/p>\n","protected":false},"excerpt":{"rendered":"Par Julien Damboise Publi\u00e9 le 30 juin 2025 \u00e0 12h25 La sortie de l\u2019Ehpad des Balcons de l\u2019\u00eele&hellip;\n","protected":false},"author":2,"featured_media":215663,"comment_status":"","ping_status":"","sticky":false,"template":"","format":"standard","meta":{"footnotes":""},"categories":[1889],"tags":[119,1111,11,2430,12216,1777,674,118,1011,27,1943,2428,12,25],"class_list":{"0":"post-215662","1":"post","2":"type-post","3":"status-publish","4":"format-standard","5":"has-post-thumbnail","7":"category-lyon","8":"tag-accident","9":"tag-actu","10":"tag-actualites","11":"tag-auvergne-rhone-alpes","12":"tag-ehpad","13":"tag-eu","14":"tag-europe","15":"tag-faits-divers","16":"tag-fr","17":"tag-france","18":"tag-handicap","19":"tag-lyon","20":"tag-news","21":"tag-republique-francaise"},"share_on_mastodon":{"url":"https:\/\/pubeurope.com\/@fr\/114772350404593337","error":""},"_links":{"self":[{"href":"https:\/\/www.europesays.com\/fr\/wp-json\/wp\/v2\/posts\/215662","targetHints":{"allow":["GET"]}}],"collection":[{"href":"https:\/\/www.europesays.com\/fr\/wp-json\/wp\/v2\/posts"}],"about":[{"href":"https:\/\/www.europesays.com\/fr\/wp-json\/wp\/v2\/types\/post"}],"author":[{"embeddable":true,"href":"https:\/\/www.europesays.com\/fr\/wp-json\/wp\/v2\/users\/2"}],"replies":[{"embeddable":true,"href":"https:\/\/www.europesays.com\/fr\/wp-json\/wp\/v2\/comments?post=215662"}],"version-history":[{"count":0,"href":"https:\/\/www.europesays.com\/fr\/wp-json\/wp\/v2\/posts\/215662\/revisions"}],"wp:featuredmedia":[{"embeddable":true,"href":"https:\/\/www.europesays.com\/fr\/wp-json\/wp\/v2\/media\/215663"}],"wp:attachment":[{"href":"https:\/\/www.europesays.com\/fr\/wp-json\/wp\/v2\/media?parent=215662"}],"wp:term":[{"taxonomy":"category","embeddable":true,"href":"https:\/\/www.europesays.com\/fr\/wp-json\/wp\/v2\/categories?post=215662"},{"taxonomy":"post_tag","embeddable":true,"href":"https:\/\/www.europesays.com\/fr\/wp-json\/wp\/v2\/tags?post=215662"}],"curies":[{"name":"wp","href":"https:\/\/api.w.org\/{rel}","templated":true}]}}