{"id":215672,"date":"2025-06-30T12:45:16","date_gmt":"2025-06-30T12:45:16","guid":{"rendered":"https:\/\/www.europesays.com\/fr\/215672\/"},"modified":"2025-06-30T12:45:16","modified_gmt":"2025-06-30T12:45:16","slug":"fnac-live-2025-a-paris-nos-coups-de-coeur-a-voir-absolument-pendant-le-festival-gratuit","status":"publish","type":"post","link":"https:\/\/www.europesays.com\/fr\/215672\/","title":{"rendered":"Fnac Live 2025 \u00e0 Paris\u00a0: nos coups de c\u0153ur \u00e0 voir absolument pendant le festival gratuit"},"content":{"rendered":"<p class=\"paragraph text_align_left lp-f-body-02\">Le Fnac Live reprend ses quartiers d\u2019\u00e9t\u00e9. Le festival s\u2019installe de nouveau <a href=\"https:\/\/www.leparisien.fr\/paris-75\/cest-beau-et-ca-change-devant-lhotel-de-ville-de-paris-les-premiers-visiteurs-de-la-foret-urbaine-seduits-21-06-2025-TFWRMWSXFZBPRIRCZYA6VOJV4Q.php\" target=\"_blank\" rel=\"noreferrer nofollow noopener\">place de l\u2019H\u00f4tel de la Ville \u00e0 Paris (IVe)<\/a> pour de grands concerts et dans les salons de la mairie pour des prestations plus intimes. Au programme \u00e0 partir du mercredi 2 juillet \u00e0 19 heures et jusqu\u2019au vendredi 4 juillet soir, une vingtaine concerts sur trois jours, totalement gratuits \u2014 dans la limite des places disponibles \u2014 r\u00e9unissant des artistes reconnus ou en devenir. L\u2019occasion de faire de belles d\u00e9couvertes et de voir quelques enthousiasmantes t\u00eates d\u2019affiche si vous les avez loup\u00e9es pendant l\u2019ann\u00e9e. Voici nos pr\u00e9f\u00e9r\u00e9es.<\/p>\n<p>Mercredi 2 juillet<img decoding=\"async\" class=\"image \" loading=\"lazy\" src=\"https:\/\/www.europesays.com\/fr\/wp-content\/uploads\/2025\/06\/JZZJ5P5JIVA2PHVJLZ3IAEGBIM.jpg\" alt=\"Le duo Air, compos\u00e9 de Jean-Beno\u00eet Dunckel et Nicolas Godin (ici au festival We Love Green le 7 juin 2025), ouvrira le festival. LP\/Fred Dugit\" align=\"\" data-rubrique-principale=\"\" data-article-type=\"\" fetchpriority=\"auto\"\/>Le duo Air, compos\u00e9 de Jean-Beno\u00eet Dunckel et Nicolas Godin (ici au festival We Love Green le 7 juin 2025), ouvrira le festival. LP\/Fred Dugit <\/p>\n<p class=\"paragraph text_align_left lp-f-body-02\"><b>Air, mercredi \u00e0 22h30. <\/b>Le duo \u00e9lectro fran\u00e7ais c\u00e9l\u00e8bre &#8211; avec un peu de retard &#8211; les 25 ans de son premier album, le splendide \u00ab Moon Safari \u00bb devenu un classique de la French Touch. Un quart de si\u00e8cle plus tard, il en fait <a href=\"https:\/\/www.leparisien.fr\/culture-loisirs\/musique\/le-duo-air-a-rejoue-moon-safari-son-premier-album-mythique-a-lolympia-un-voyage-interstellaire-08-03-2024-2WSFGNNL7RBVZBKNSNH7TDNWGA.php\" target=\"_blank\" rel=\"noreferrer nofollow noopener\">un magnifique show envelopp\u00e9 dans un vaisseau en forme de rectangle blanc<\/a> qui sert de d\u00e9cor \u00e0 de splendides projections. L\u2019un des plus beaux spectacles de la saison.<\/p>\n<p class=\"paragraph text_align_left lp-f-body-02\"><b>Les 70 ans du label Barclay, mercredi \u00e0 20h30.<\/b> Une soir\u00e9e d\u2019exception pour un label mythique. La maison de disques Barclay est \u00e0 l\u2019honneur dans le grand salon de l\u2019H\u00f4tel de Ville et viendra souffler ses 70 bougies avec quelques-uns de ses artistes embl\u00e9matiques comme Bernard Lavilliers, Louise Attaque, Carla Bruni ou <a href=\"https:\/\/www.leparisien.fr\/culture-loisirs\/musique\/magnifique-audacieux-stephan-eicher-se-raconte-au-theatre-du-rond-point-dans-un-seul-en-scene-intime-24-04-2025-JDFCMARWVVHILGE6UJ6IWK5PIU.php\" target=\"_blank\" rel=\"noreferrer nofollow noopener\">Stephan Eicher<\/a>. Un moment rare pour quelques centaines de personnes, uniquement sur invitation.<\/p>\n<p>Jeudi 3 juillet<\/p>\n<p class=\"paragraph text_align_left lp-f-body-02\"><b>Danyl, jeudi \u00e0 19 heures. <\/b>On n\u2019a pas fini d\u2019entendre parler de ce gar\u00e7on qui m\u00eale ra\u00ef et rap. \u00c0 26 ans, Danyl est aussi fan de la l\u00e9gende alg\u00e9rienne Cheb Hasni que de <a href=\"https:\/\/www.leparisien.fr\/culture-loisirs\/musique\/le-groupe-de-rap-113-bientot-de-retour-on-nous-propose-des-concerts-confirme-rimk-06-10-2024-6THPJI25PVBDTGT5JNGSRH5KSE.php\" target=\"_blank\" rel=\"noreferrer nofollow noopener\">l\u2019incontournable album du 113 \u00ab Les Princes de la ville \u00bb <\/a>et cite le classique de Drake \u00ab Take Care \u00bb parmi ses disques f\u00e9tiches. Il y a de tout cela dans la musique de ce jeune homme qui fonctionne \u00e0 l\u2019\u00e9nergie solaire et offre des prestations flamboyantes \u00e0 chaque concert. Une bonne raison pour arriver t\u00f4t jeudi o\u00f9 il ouvrira la soir\u00e9e.<\/p>\n<p><img decoding=\"async\" class=\"image \" loading=\"lazy\" src=\"https:\/\/www.europesays.com\/fr\/wp-content\/uploads\/2025\/06\/DGDVOIAZDRHRPPYZYJC3HLVILM.jpg\" alt=\"La chanteuse et \u00e9crivaine Olivia Ruiz figure parmi les grands noms de Fnac Live 2025. LP\/Fred Dugit&#10;\" align=\"\" data-rubrique-principale=\"\" data-article-type=\"\" fetchpriority=\"auto\"\/>La chanteuse et \u00e9crivaine Olivia Ruiz figure parmi les grands noms de Fnac Live 2025. LP\/Fred Dugit <\/p>\n<p class=\"paragraph text_align_left lp-f-body-02\"><b>Olivia Ruiz, jeudi \u00e0 20h15.<\/b> Au milieu de toutes les jeunes pousses du festival Fnac Live, elle ferait presque office de marraine. Apr\u00e8s huit ans sans album mais pas sans musique, <a href=\"https:\/\/www.leparisien.fr\/culture-loisirs\/musique\/olivia-ruiz-se-confie-sur-sa-nouvelle-chanson-sa-vie-ses-romans-je-suis-un-peu-folle-et-heureusement-05-11-2023-7WXEMCVRHNGFDPEMMDYW5M5D6A.php\" target=\"_blank\" rel=\"noreferrer nofollow noopener\">Olivia Ruiz est revenue l\u2019an pass\u00e9 avec \u00ab La r\u00e9plique \u00bb<\/a>, disque qui montrait qu\u2019\u00e0 45 ans, elle a toujours les oreilles grandes ouvertes pour chercher des sonorit\u00e9s chez des nouvelles sensations comme Rosal\u00eda. Dans la foul\u00e9e, <a href=\"https:\/\/www.leparisien.fr\/culture-loisirs\/musique\/olivia-ruiz-en-concert-a-lolympia-hommage-aux-disparus-duo-avec-son-pere-et-show-envoutant-20-11-2024-2ICQDVSDSNHNVFKYWOAY5SXRDU.php\" target=\"_blank\" rel=\"noreferrer nofollow noopener\">elle a entam\u00e9 une tourn\u00e9e \u00e9l\u00e9gante et g\u00e9n\u00e9reuse<\/a> o\u00f9 elle revisite avec gourmandise ses tubes d\u2019antan comme \u00ab J\u2019tra\u00eene des pieds \u00bb ou \u00ab La femme chocolat \u00bb. \u00c0 savourer sans mod\u00e9ration.<\/p>\n<p class=\"paragraph text_align_left lp-f-body-02\"><b>Camille Yemb\u00e9, jeudi \u00e0 21h05. <\/b>Elle a fait craquer Ang\u00e8le, Shay et m\u00eame Stromae qui l\u2019a d\u00e9couverte r\u00e9cemment. Et pas seulement parce que <a href=\"https:\/\/www.leparisien.fr\/culture-loisirs\/musique\/we-love-green\/we-love-green-2025-camille-yembe-lune-des-revelations-de-lannee-veut-marquer-lepoque-06-06-2025-ZMIZ4K3DBNDXLKKXBJNZRCJ7DI.php\" target=\"_blank\" rel=\"noreferrer nofollow noopener\">Camille Yemb\u00e9<\/a> est belge. N\u00e9e d\u2019un p\u00e8re congolais et d\u2019une m\u00e8re bruxelloise, elle a \u00e9crit pour d\u2019autres, dont <a href=\"https:\/\/www.leparisien.fr\/culture-loisirs\/musique\/bluffant-incroyable-le-rappeur-tiakola-enflamme-laccor-arena-avec-un-concert-de-pres-de-3-heures-27-03-2025-SR3JHU2DW5GGPPJLZ5WDPE2HIE.php\" target=\"_blank\" rel=\"noreferrer nofollow noopener\">Tiakola<\/a>, avant de d\u00e9fendre ses propres chansons entre pop et hip-hop, citant aussi bien Radiohead et Aznavour que Damso. Son premier mini-album \u00ab Plastique \u00bb, sorti il y a quelques semaines, est l\u2019une des plus belles r\u00e9ussites du printemps. D\u00e9j\u00e0 l\u2019une des r\u00e9v\u00e9lations de 2025.<\/p>\n<p class=\"paragraph text_align_left lp-f-body-02\"><b>Eddy de Pretto, jeudi \u00e0 23 heures.<\/b> Son album <a href=\"https:\/\/www.leparisien.fr\/culture-loisirs\/musique\/arrete-de-te-dire-que-tu-es-le-messie-eddy-de-pretto-revient-apaise-a-lolympia-15-04-2024-WYJSZHP54VGUJJQSQXGUOKDFNI.php\" target=\"_blank\" rel=\"noreferrer nofollow noopener\">\u00ab Crash C\u0153ur \u00bb<\/a> a \u00e9t\u00e9 l\u2019un de nos favoris de 2023 et <a href=\"https:\/\/www.leparisien.fr\/culture-loisirs\/musique\/je-nai-jamais-autant-chiale-de-ma-vie-eddy-de-pretto-bouleverse-pendant-son-concert-a-laccor-arena-06-12-2024-SDU56BUVQ5BQXBS4FES3CWTM7E.php\" target=\"_blank\" rel=\"noreferrer nofollow noopener\">son spectacle vu \u00e0 l\u2019Olympia puis \u00e0 l\u2019Accor Arena<\/a> l\u2019un des plus enthousiasmants de 2024. Eddy de Pretto n\u2019a jamais \u00e9t\u00e9 aussi \u00e9panoui qu\u2019avec ce nouveau projet plus ouvert musicalement et cette mise en sc\u00e8ne o\u00f9 il \u00e9volue sur un grand panneau publicitaire. \u00c0 Fnac Live, il en proposera une version plus courte mais \u00e0 voir absolument pour finir ce jeudi en beaut\u00e9.<\/p>\n<p>Vendredi 4 juillet<\/p>\n<p class=\"paragraph text_align_left lp-f-body-02\"><b>Baby Volcano, vendredi \u00e0 18 heures.<\/b> Elle ouvrira une ultime soir\u00e9e de Fnac Live qui s\u2019annonce explosive. Et elle secouera d\u00e8s l\u2019ouverture le parvis de l\u2019H\u00f4tel de Ville \u00e0 peine ouvert au public. Car Baby Volcano est un ph\u00e9nom\u00e8ne, un croisement entre des origines guat\u00e9malt\u00e8ques et suisses, un cocktail explosif rap, \u00e9lectro, latino. \u00c0 l\u2019image de son r\u00e9cent \u00ab Knock Down \u00bb, la demoiselle risque de vous terrasser d\u2019embl\u00e9e.<\/p>\n<p><img decoding=\"async\" class=\"image \" loading=\"lazy\" src=\"https:\/\/www.europesays.com\/fr\/wp-content\/uploads\/2025\/06\/MXVJYXPVU5AYBNJVQCYKRS6FKA.jpg\" alt=\"Ad\u00e8le Castillon (ici le 9 f\u00e9vrier 2024 \u00e0 la 39e c\u00e9r\u00e9monie des Victoires de la Musique) est une des t\u00eates d'affiche de Fnac Live. LP\/Fred Dugit\" align=\"\" data-rubrique-principale=\"\" data-article-type=\"\" fetchpriority=\"auto\"\/>Ad\u00e8le Castillon (ici le 9 f\u00e9vrier 2024 \u00e0 la 39e c\u00e9r\u00e9monie des Victoires de la Musique) est une des t\u00eates d&rsquo;affiche de Fnac Live. LP\/Fred Dugit <\/p>\n<p class=\"paragraph text_align_left lp-f-body-02\"><b>Ad\u00e8le Castillon, vendredi \u00e0 20h15.<\/b> On a d\u2019abord cru \u00e0 un buzz sans lendemain. Au sein du duo Videoclub, <a href=\"https:\/\/www.leparisien.fr\/culture-loisirs\/musique\/victoires-de-la-musique-2024-adele-castillon-la-chanteuse-qui-vaut-un-million-09-02-2024-R3KAL64TBJFJ3GD2PPMRBWKWJI.php\" target=\"_blank\" rel=\"noreferrer nofollow noopener\">Ad\u00e8le Castillon<\/a> avait affol\u00e9 les r\u00e9seaux sociaux et les maisons de disques avec son petit ami de l\u2019\u00e9poque. Un contrat mirobolant, un album et une s\u00e9paration plus tard, la chanteuse se retrouvait seule. Elle a heureusement su rebondir merveilleusement avec une collection de chansons \u00e9lectro pop o\u00f9 elle se confie avec finesse. Un premier disque qui a s\u00e9duit aussi bien Gazo que Louane avec qui elle a enregistr\u00e9 deux duos tr\u00e8s remarqu\u00e9s. En concert, l\u2019artiste de 23 ans, f\u00e9d\u00e8re un public qui lui ressemble. La voix d\u2019une nouvelle g\u00e9n\u00e9ration.<\/p>\n<p class=\"paragraph text_align_left lp-f-body-02\"><b>Vladimir Cauchemar, vendredi \u00e0 23 heures. <\/b>Mais qui se cache derri\u00e8re cette impressionnante t\u00eate de mort ? Les plus malins le savent d\u00e9j\u00e0. Les plus curieux le trouveront en trois clics sur le Net. Sans d\u00e9voiler son vrai nom &#8211; \u00e0 quoi bon, puisqu\u2019il veut garder le secret &#8211; on peut vous dire que ce musicien est l\u2019un de nos artistes f\u00e9tiches depuis plus de dix ans, producteur, compositeur, musicien pour lui et pour les autres avant d\u2019inventer ce personnage de DJ aussi terrifiant qu\u2019enthousiasmant. Ses prestations derri\u00e8re les platines o\u00f9 il encha\u00eene rap et \u00e9lectro figurent parmi les plus impressionnantes de ces derni\u00e8res ann\u00e9es.<\/p>\n<p class=\"paragraph text_align_left lp-f-body-02\">Renseignements : <a href=\"https:\/\/leclaireur.fnac.com\/type-evenement\/festival\/\" target=\"_self\" rel=\"nofollow noopener\">https:\/\/leclaireur.fnac.com\/type-evenement\/festival\/<\/a><\/p>\n","protected":false},"excerpt":{"rendered":"Le Fnac Live reprend ses quartiers d\u2019\u00e9t\u00e9. Le festival s\u2019installe de nouveau place de l\u2019H\u00f4tel de la Ville&hellip;\n","protected":false},"author":2,"featured_media":215673,"comment_status":"","ping_status":"","sticky":false,"template":"","format":"standard","meta":{"footnotes":""},"categories":[1888],"tags":[11,872,1777,674,1011,27,12,626,25,6047],"class_list":{"0":"post-215672","1":"post","2":"type-post","3":"status-publish","4":"format-standard","5":"has-post-thumbnail","7":"category-paris","8":"tag-actualites","9":"tag-culture-et-loisirs","10":"tag-eu","11":"tag-europe","12":"tag-fr","13":"tag-france","14":"tag-news","15":"tag-paris","16":"tag-republique-francaise","17":"tag-sortir-en-region-parisienne"},"share_on_mastodon":{"url":"https:\/\/pubeurope.com\/@fr\/114772385782201174","error":""},"_links":{"self":[{"href":"https:\/\/www.europesays.com\/fr\/wp-json\/wp\/v2\/posts\/215672","targetHints":{"allow":["GET"]}}],"collection":[{"href":"https:\/\/www.europesays.com\/fr\/wp-json\/wp\/v2\/posts"}],"about":[{"href":"https:\/\/www.europesays.com\/fr\/wp-json\/wp\/v2\/types\/post"}],"author":[{"embeddable":true,"href":"https:\/\/www.europesays.com\/fr\/wp-json\/wp\/v2\/users\/2"}],"replies":[{"embeddable":true,"href":"https:\/\/www.europesays.com\/fr\/wp-json\/wp\/v2\/comments?post=215672"}],"version-history":[{"count":0,"href":"https:\/\/www.europesays.com\/fr\/wp-json\/wp\/v2\/posts\/215672\/revisions"}],"wp:featuredmedia":[{"embeddable":true,"href":"https:\/\/www.europesays.com\/fr\/wp-json\/wp\/v2\/media\/215673"}],"wp:attachment":[{"href":"https:\/\/www.europesays.com\/fr\/wp-json\/wp\/v2\/media?parent=215672"}],"wp:term":[{"taxonomy":"category","embeddable":true,"href":"https:\/\/www.europesays.com\/fr\/wp-json\/wp\/v2\/categories?post=215672"},{"taxonomy":"post_tag","embeddable":true,"href":"https:\/\/www.europesays.com\/fr\/wp-json\/wp\/v2\/tags?post=215672"}],"curies":[{"name":"wp","href":"https:\/\/api.w.org\/{rel}","templated":true}]}}