{"id":215684,"date":"2025-06-30T12:51:11","date_gmt":"2025-06-30T12:51:11","guid":{"rendered":"https:\/\/www.europesays.com\/fr\/215684\/"},"modified":"2025-06-30T12:51:11","modified_gmt":"2025-06-30T12:51:11","slug":"linflation-ralentit-a-20-en-juin-sur-un-an","status":"publish","type":"post","link":"https:\/\/www.europesays.com\/fr\/215684\/","title":{"rendered":"l&rsquo;inflation ralentit \u00e0 2,0% en juin sur un an"},"content":{"rendered":"<p class=\"fig-paragraph\">L&rsquo;inflation en Allemagne a recul\u00e9 plus qu&rsquo;attendu en juin, selon des chiffres provisoires publi\u00e9s lundi, poursuivant sur la\u00a0<a href=\"http:\/\/www.lefigaro.fr\/flash-eco\/allemagne-l-inflation-en-recul-en-avril-mais-moins-qu-anticipe-20250430\" data-fig-type=\"NewsFlash\" data-gtm-custom-categorie=\"navigation\" data-gtm-custom-action=\"crossclick\" data-gtm-custom-label=\"Contextuel\" data-gtm-event=\"customEventSPE\" data-fig-domain=\"LEFIGARO\" target=\"_blank\" rel=\"noopener\">trajectoire \u00e0 la baisse<\/a>\u00a0observ\u00e9e depuis le d\u00e9but d&rsquo;ann\u00e9e.<\/p>\n<p class=\"fig-paragraph\">L&rsquo;indice des prix \u00e0 la consommation a progress\u00e9 de 2,0% sur un an, retrouvant pour la premi\u00e8re fois de l&rsquo;ann\u00e9e l&rsquo;objectif fix\u00e9 par la BCE pour l&rsquo;ensemble de la zone euro, a indiqu\u00e9 l&rsquo;institut Destatis. Les experts de la plateforme financi\u00e8re Factset avaient tabl\u00e9 sur une l\u00e9g\u00e8re acc\u00e9l\u00e9ration, \u00e0 2,2% sur un an, contre 2,1% le mois dernier.<\/p>\n","protected":false},"excerpt":{"rendered":"L&rsquo;inflation en Allemagne a recul\u00e9 plus qu&rsquo;attendu en juin, selon des chiffres provisoires publi\u00e9s lundi, poursuivant sur la\u00a0trajectoire&hellip;\n","protected":false},"author":2,"featured_media":215685,"comment_status":"","ping_status":"","sticky":false,"template":"","format":"standard","meta":{"footnotes":""},"categories":[1587],"tags":[1111,47,11,672,1117,1109,1804,1805,1112,1803,636,341,257,1777,674,632,1108,107,1106,1107,1119,1801,1116,9345,1110,1114,500,12,1113,1118,1802,137,401,1115],"class_list":{"0":"post-215684","1":"post","2":"type-post","3":"status-publish","4":"format-standard","5":"has-post-thumbnail","7":"category-allemagne","8":"tag-actu","9":"tag-actualite","10":"tag-actualites","11":"tag-allemagne","12":"tag-assurance","13":"tag-breves","14":"tag-bundesrepublik-deutschland","15":"tag-de","16":"tag-depeches","17":"tag-deutschland","18":"tag-devises","19":"tag-emploi","20":"tag-entreprise","21":"tag-eu","22":"tag-europe","23":"tag-fcp","24":"tag-fil","25":"tag-fil-info","26":"tag-flash","27":"tag-flash-actu","28":"tag-formation","29":"tag-germany","30":"tag-immobilier","31":"tag-inflation","32":"tag-informations","33":"tag-infos","34":"tag-medias","35":"tag-news","36":"tag-nouvelles","37":"tag-placement","38":"tag-republique-federale-dallemagne","39":"tag-retraite","40":"tag-sicav","41":"tag-taux"},"share_on_mastodon":{"url":"https:\/\/pubeurope.com\/@fr\/114772409239613988","error":""},"_links":{"self":[{"href":"https:\/\/www.europesays.com\/fr\/wp-json\/wp\/v2\/posts\/215684","targetHints":{"allow":["GET"]}}],"collection":[{"href":"https:\/\/www.europesays.com\/fr\/wp-json\/wp\/v2\/posts"}],"about":[{"href":"https:\/\/www.europesays.com\/fr\/wp-json\/wp\/v2\/types\/post"}],"author":[{"embeddable":true,"href":"https:\/\/www.europesays.com\/fr\/wp-json\/wp\/v2\/users\/2"}],"replies":[{"embeddable":true,"href":"https:\/\/www.europesays.com\/fr\/wp-json\/wp\/v2\/comments?post=215684"}],"version-history":[{"count":0,"href":"https:\/\/www.europesays.com\/fr\/wp-json\/wp\/v2\/posts\/215684\/revisions"}],"wp:featuredmedia":[{"embeddable":true,"href":"https:\/\/www.europesays.com\/fr\/wp-json\/wp\/v2\/media\/215685"}],"wp:attachment":[{"href":"https:\/\/www.europesays.com\/fr\/wp-json\/wp\/v2\/media?parent=215684"}],"wp:term":[{"taxonomy":"category","embeddable":true,"href":"https:\/\/www.europesays.com\/fr\/wp-json\/wp\/v2\/categories?post=215684"},{"taxonomy":"post_tag","embeddable":true,"href":"https:\/\/www.europesays.com\/fr\/wp-json\/wp\/v2\/tags?post=215684"}],"curies":[{"name":"wp","href":"https:\/\/api.w.org\/{rel}","templated":true}]}}