{"id":215695,"date":"2025-06-30T12:57:12","date_gmt":"2025-06-30T12:57:12","guid":{"rendered":"https:\/\/www.europesays.com\/fr\/215695\/"},"modified":"2025-06-30T12:57:12","modified_gmt":"2025-06-30T12:57:12","slug":"jeremy-gandon-reprend-des-couleurs","status":"publish","type":"post","link":"https:\/\/www.europesays.com\/fr\/215695\/","title":{"rendered":"J\u00e9r\u00e9my Gandon reprend des couleurs"},"content":{"rendered":"<p>\t\t\t\t\t\t<img width=\"770\" height=\"556\" src=\"https:\/\/www.europesays.com\/fr\/wp-content\/uploads\/2025\/06\/afp__20250629__2222673965__v1__highres__memorialhealthchampionshippresentedbylrs2025-770x556.jpg\" class=\"img-responsive wp-post-image\" alt=\"\" decoding=\"async\" fetchpriority=\"high\"  \/>\t\t\t\t\t<\/p>\n<p>\t\t\t\t\t\t Partager cet article <\/p>\n<p class=\"screen-reader-text juiz_sps_maybe_hidden_text\">Partager la publication \u00ab\u00a0J\u00e9r\u00e9my Gandon reprend des couleurs\u00a0\u00bb<\/p>\n<p><strong>Dans le coup pour la victoire \u00e0 mi-parcours, J\u00e9r\u00e9my Gandon n\u2019a pas connu le week-end qu\u2019il esp\u00e9rait. Il progresse tout de m\u00eame au classement g\u00e9n\u00e9ral.<\/strong><\/p>\n<p>\u00a0<\/p>\n<p>Les espoirs \u00e9taient grands pour <strong>J\u00e9r\u00e9my Gandon<\/strong>, sixi\u00e8me apr\u00e8s 36 trous au <strong>Memorial Health Championship<\/strong>. Le Fran\u00e7ais n\u2019a pas r\u00e9ussi \u00e0 concr\u00e9tiser durant les deux derniers tours. Le Dr\u00f4mois a d\u2019abord jou\u00e9 67 (-4) ce samedi avant de conclure son tournoi par un 69 (-2).<\/p>\n<p>Le golfeur de 28 ans a finalement pris la 23e place sur le <strong>Panther Creek Country Club<\/strong>. Apr\u00e8s cinq tournois sans top 50, dont deux cuts rat\u00e9s, il reprend sa marche en avant vers le <strong>PGA Tour<\/strong>. Le vainqueur du <strong>Club Car Championship<\/strong> a ainsi gagn\u00e9 une place au g\u00e9n\u00e9ral pour s\u2019installer au 14e rang.<\/p>\n<p>La victoire est revenue \u00e0 <strong>Austin Smotherman<\/strong> gr\u00e2ce \u00e0 un 63 (-8) ce dimanche. L\u2019Am\u00e9ricain s\u2019empare par la m\u00eame occasion des r\u00eanes de l\u2019ordre du m\u00e9rite. Il avait d\u00e9j\u00e0 remport\u00e9 le <strong>BMW Charity Pro-Am<\/strong> d\u00e9but juin.<\/p>\n<p>\t\t\t\t\t<a id=\"177253\" href=\"https:\/\/www.noyangolf.com\/fr\/\" target=\"_blank\" rel=\"sponsorised nofollow noopener\"><img decoding=\"async\" src=\"data:image\/svg+xml,%3Csvg%20xmlns=\" http:=\"\" class=\"img-responsive\" alt=\"\" data-lazy-src=\"https:\/\/www.europesays.com\/fr\/wp-content\/uploads\/2025\/06\/noyan-e01-where-golf-meets-excellence-1170x275-1.jpg\"\/><\/a><\/p>\n<p>\u00a0<\/p>\n<blockquote class=\"twitter-tweet\">\n<p dir=\"ltr\" lang=\"en\">2x winner this month! \ud83c\udfc6<a href=\"https:\/\/twitter.com\/Austin_smosmo?ref_src=twsrc%5Etfw\" rel=\"nofollow noopener\" target=\"_blank\">@Austin_Smosmo<\/a> claims his second victory in three events <a href=\"https:\/\/twitter.com\/MHChampionship?ref_src=twsrc%5Etfw\" rel=\"nofollow noopener\" target=\"_blank\">@MHChampionship<\/a>. <a href=\"https:\/\/t.co\/j7rNuBfz28\" rel=\"nofollow\">pic.twitter.com\/j7rNuBfz28<\/a><\/p>\n<p>\u2014 Korn Ferry Tour (@KornFerryTour) <a href=\"https:\/\/twitter.com\/KornFerryTour\/status\/1939437490584342806?ref_src=twsrc%5Etfw\" rel=\"nofollow noopener\" target=\"_blank\">June 29, 2025<\/a><\/p>\n<\/blockquote>\n<p>\u00a0<\/p>\n<p>Le leaderboard<\/p>\n<p><img loading=\"lazy\" decoding=\"async\" class=\"alignnone size-image-largeur-770 wp-image-178158\" src=\"data:image\/svg+xml,%3Csvg%20xmlns=\" http:=\"\" alt=\"\" width=\"770\" height=\"277\" data-lazy- data-lazy- data-lazy-src=\"https:\/\/www.europesays.com\/fr\/wp-content\/uploads\/2025\/06\/capture-decran-2025-06-29-a-23.44.17-770x277.png\"\/><\/p>\n<p>\u00a0<\/p>\n<p>\u00a9DYLAN BUELL \/ GETTY IMAGES NORTH AMERICA \/ Getty Images via AFP<\/p>\n<p>\t\t\t<script async src=\"https:\/\/platform.twitter.com\/widgets.js\" charset=\"utf-8\"><\/script><\/p>\n","protected":false},"excerpt":{"rendered":"Partager cet article Partager la publication \u00ab\u00a0J\u00e9r\u00e9my Gandon reprend des couleurs\u00a0\u00bb Dans le coup pour la victoire \u00e0&hellip;\n","protected":false},"author":2,"featured_media":215696,"comment_status":"","ping_status":"","sticky":false,"template":"","format":"standard","meta":{"footnotes":""},"categories":[1418],"tags":[1011,27,1472,60],"class_list":{"0":"post-215695","1":"post","2":"type-post","3":"status-publish","4":"format-standard","5":"has-post-thumbnail","7":"category-golf","8":"tag-fr","9":"tag-france","10":"tag-golf","11":"tag-sports"},"share_on_mastodon":{"url":"https:\/\/pubeurope.com\/@fr\/114772432881549006","error":""},"_links":{"self":[{"href":"https:\/\/www.europesays.com\/fr\/wp-json\/wp\/v2\/posts\/215695","targetHints":{"allow":["GET"]}}],"collection":[{"href":"https:\/\/www.europesays.com\/fr\/wp-json\/wp\/v2\/posts"}],"about":[{"href":"https:\/\/www.europesays.com\/fr\/wp-json\/wp\/v2\/types\/post"}],"author":[{"embeddable":true,"href":"https:\/\/www.europesays.com\/fr\/wp-json\/wp\/v2\/users\/2"}],"replies":[{"embeddable":true,"href":"https:\/\/www.europesays.com\/fr\/wp-json\/wp\/v2\/comments?post=215695"}],"version-history":[{"count":0,"href":"https:\/\/www.europesays.com\/fr\/wp-json\/wp\/v2\/posts\/215695\/revisions"}],"wp:featuredmedia":[{"embeddable":true,"href":"https:\/\/www.europesays.com\/fr\/wp-json\/wp\/v2\/media\/215696"}],"wp:attachment":[{"href":"https:\/\/www.europesays.com\/fr\/wp-json\/wp\/v2\/media?parent=215695"}],"wp:term":[{"taxonomy":"category","embeddable":true,"href":"https:\/\/www.europesays.com\/fr\/wp-json\/wp\/v2\/categories?post=215695"},{"taxonomy":"post_tag","embeddable":true,"href":"https:\/\/www.europesays.com\/fr\/wp-json\/wp\/v2\/tags?post=215695"}],"curies":[{"name":"wp","href":"https:\/\/api.w.org\/{rel}","templated":true}]}}