{"id":215730,"date":"2025-06-30T13:16:10","date_gmt":"2025-06-30T13:16:10","guid":{"rendered":"https:\/\/www.europesays.com\/fr\/215730\/"},"modified":"2025-06-30T13:16:10","modified_gmt":"2025-06-30T13:16:10","slug":"ce-nettoyeur-de-sols-rappele-par-lidl-partout-en-france-pour-un-risque-dincendie","status":"publish","type":"post","link":"https:\/\/www.europesays.com\/fr\/215730\/","title":{"rendered":"Ce nettoyeur de sols rappel\u00e9 par Lidl partout en France pour un risque d\u2019incendie"},"content":{"rendered":"<p>Si vous vous \u00eates laiss\u00e9 tenter par l\u2019achat d\u2019un nettoyeur de sols chez <a href=\"https:\/\/www.20minutes.fr\/economie\/lidl\/\" class=\"color-ultramarine c-link\" target=\"_blank\" rel=\"noopener\">Lidl <\/a>pour vous aider dans les t\u00e2ches m\u00e9nag\u00e8res, v\u00e9rifiez bien sa r\u00e9f\u00e9rence. La c\u00e9l\u00e8bre enseigne de hard-discount a en effet lanc\u00e9 <a href=\"https:\/\/rappel.conso.gouv.fr\/fiche-rappel\/18616\/Interne\" rel=\"nofollow noopener\" target=\"_blank\" class=\"color-ultramarine c-link\">une campagne de rappel<\/a> pour l\u2019un de ses appareils \u00e9lectrom\u00e9nagers de la marque Silvercrest. Cet article pr\u00e9sente un risque d\u2019<a href=\"https:\/\/www.20minutes.fr\/dossier\/incendie\" class=\"color-ultramarine c-link\" target=\"_blank\" rel=\"noopener\">incendie<\/a> et donc de br\u00fblures.<\/p>\n<p class=\"mb-xxl@xs color-ultramarine font-weight-semi-bold@xs font-source-serif-pro heading-s@xs\">L\u2019acc\u00e8s \u00e0 ce contenu a \u00e9t\u00e9 bloqu\u00e9 afin de respecter votre choix de consentement<\/p>\n<p class=\"mb-m@xs text-l@xs\">En cliquant sur\u00ab J\u2019accepte \u00bb, vous acceptez le d\u00e9p\u00f4t de cookies par des services externes et aurez ainsi acc\u00e8s aux contenus de nos partenaires.<\/p>\n<p class=\"mb-xl@xs text-s@xs\">Plus d\u2019informations sur la page<a href=\"https:\/\/www.20minutes.fr\/gestion-cookies\" class=\"mx-xxs@xs color-ultramarine\" target=\"_blank\" rel=\"noopener\">Politique de gestion des cookies<\/a><\/p>\n<p>J\u2019accepte<\/p>\n<p>Le produit concern\u00e9 a \u00e9t\u00e9 commercialis\u00e9 du 19\u00a0mai au 18\u00a0juin dernier, \u00e0 la fois dans les <a href=\"https:\/\/www.20minutes.fr\/dossier\/magasins\" class=\"color-ultramarine c-link\" target=\"_blank\" rel=\"noopener\">magasins <\/a>physiques Lidl partout en France\u00a0et directement sur le site Internet. Le nettoyeur incrimin\u00e9 porte la r\u00e9f\u00e9rence \u00ab\u00a0IAN 489178_2407\u00a0\u00bb, \u00e0 retrouver sur l\u2019\u00e9tiquette coll\u00e9e sur l\u2019appareil.<\/p>\n<p>Ne plus utiliser<\/p>\n<p>Le nettoyeur de sols pr\u00e9sente un d\u00e9faut de fabrication et peut donc prendre feu. Il est recommand\u00e9 de ne plus l\u2019utiliser et de le rapporter en point de vente en vue d\u2019un <a href=\"https:\/\/www.20minutes.fr\/dossier\/remboursement\" class=\"color-ultramarine c-link\" target=\"_blank\" rel=\"noopener\">remboursement<\/a>. Pour les achats effectu\u00e9s sur le site marchand, vous pouvez contacter le service consommateur au\u00a00080054355435. Attention, vous n\u2019avez que jusqu\u2019au 28\u00a0ao\u00fbt pour effectuer les d\u00e9marches.<\/p>\n","protected":false},"excerpt":{"rendered":"Si vous vous \u00eates laiss\u00e9 tenter par l\u2019achat d\u2019un nettoyeur de sols chez Lidl pour vous aider dans&hellip;\n","protected":false},"author":2,"featured_media":215731,"comment_status":"","ping_status":"","sticky":false,"template":"","format":"standard","meta":{"footnotes":""},"categories":[6],"tags":[35,254,33,34,1011,27,1310,18542,25575],"class_list":{"0":"post-215730","1":"post","2":"type-post","3":"status-publish","4":"format-standard","5":"has-post-thumbnail","7":"category-economie","8":"tag-business","9":"tag-conso","10":"tag-economie","11":"tag-economy","12":"tag-fr","13":"tag-france","14":"tag-incendie","15":"tag-lidl","16":"tag-rappel-de-produit"},"share_on_mastodon":{"url":"https:\/\/pubeurope.com\/@fr\/114772507619560396","error":""},"_links":{"self":[{"href":"https:\/\/www.europesays.com\/fr\/wp-json\/wp\/v2\/posts\/215730","targetHints":{"allow":["GET"]}}],"collection":[{"href":"https:\/\/www.europesays.com\/fr\/wp-json\/wp\/v2\/posts"}],"about":[{"href":"https:\/\/www.europesays.com\/fr\/wp-json\/wp\/v2\/types\/post"}],"author":[{"embeddable":true,"href":"https:\/\/www.europesays.com\/fr\/wp-json\/wp\/v2\/users\/2"}],"replies":[{"embeddable":true,"href":"https:\/\/www.europesays.com\/fr\/wp-json\/wp\/v2\/comments?post=215730"}],"version-history":[{"count":0,"href":"https:\/\/www.europesays.com\/fr\/wp-json\/wp\/v2\/posts\/215730\/revisions"}],"wp:featuredmedia":[{"embeddable":true,"href":"https:\/\/www.europesays.com\/fr\/wp-json\/wp\/v2\/media\/215731"}],"wp:attachment":[{"href":"https:\/\/www.europesays.com\/fr\/wp-json\/wp\/v2\/media?parent=215730"}],"wp:term":[{"taxonomy":"category","embeddable":true,"href":"https:\/\/www.europesays.com\/fr\/wp-json\/wp\/v2\/categories?post=215730"},{"taxonomy":"post_tag","embeddable":true,"href":"https:\/\/www.europesays.com\/fr\/wp-json\/wp\/v2\/tags?post=215730"}],"curies":[{"name":"wp","href":"https:\/\/api.w.org\/{rel}","templated":true}]}}