{"id":215734,"date":"2025-06-30T13:19:10","date_gmt":"2025-06-30T13:19:10","guid":{"rendered":"https:\/\/www.europesays.com\/fr\/215734\/"},"modified":"2025-06-30T13:19:10","modified_gmt":"2025-06-30T13:19:10","slug":"en-pleine-canicule-ces-rares-departements-francais-qui-resistent-pour-linstant-a-la-vague-de-chaleur","status":"publish","type":"post","link":"https:\/\/www.europesays.com\/fr\/215734\/","title":{"rendered":"En pleine canicule, ces rares d\u00e9partements fran\u00e7ais qui r\u00e9sistent (pour l\u2019instant) \u00e0 la vague de chaleur"},"content":{"rendered":"<p>        <img decoding=\"async\" loading=\"lazy\" src=\"https:\/\/www.europesays.com\/fr\/wp-content\/uploads\/2025\/06\/0d9f802_1726256318678-000-par3519684.jpg\"  width=\"728\" height=\"409\" alt=\"Il fait doux sur les c\u00f4tes bretonnes et celles de la Manche ces derniers jours, presque trop en comparaison du reste de la France.\"\/>  <\/p>\n<p>FRED TANNEAU \/ AFP<\/p>\n<p>Il fait doux sur les c\u00f4tes bretonnes et celles de la Manche ces derniers jours, presque trop en comparaison du reste de la France.<\/p>\n<p class=\"asset asset-text\">M\u00c9T\u00c9O &#8211; Nous sommes le 30\u00a0juin\u00a02025, toute la France est accabl\u00e9e par l\u2019\u00e9pisode caniculaire\u2026 Toute\u00a0? Non\u00a0! Car quelques d\u00e9partements r\u00e9sistent encore et toujours aux rayons du soleil. Alors que la France rencontre un <a href=\"https:\/\/www.huffingtonpost.fr\/france\/article\/ecoles-fermees-piscines-gratuites-face-a-la-canicule-les-mesures-prises-par-les-villes_251982.html\" rel=\"nofollow noopener\" target=\"_blank\">d\u00e9but d\u2019\u00e9t\u00e9 particuli\u00e8rement chaud<\/a>, les terres d\u2019Ast\u00e9rix font partie des rares coins de l\u2019Hexagone \u00e0 \u00e9chapper \u00e0 la vague de chaleur.<\/p>\n<p class=\"asset asset-text\"><a href=\"https:\/\/www.huffingtonpost.fr\/france\/article\/vigilance-canicule-meteo-france-place-73-departements-en-alerte-orange-pour-dimanche-clx1_251935.html\" target=\"_blank\" rel=\"noopener nofollow\" title=\"Nouvelle fen\u00eatre\">M\u00e9t\u00e9o-France<\/a> a plac\u00e9 84\u00a0d\u00e9partements en vigilance orange pour la canicule ce lundi 30\u00a0juin et mardi 1er\u00a0juillet \u2013 du jamais vu \u2013 et 7\u00a0d\u00e9partements en vigilance jaune. En raison d\u2019un courant \u00ab\u00a0orient[\u00e9] au sud-ouest\u00a0\u00bb, \u00ab\u00a0les tr\u00e8s fortes chaleurs en provenance du Maroc vont pouvoir envahir davantage de r\u00e9gions, y compris la moiti\u00e9 nord\u00a0\u00bb en ce d\u00e9but de semaine, explique le site sp\u00e9cialis\u00e9 <a href=\"https:\/\/www.meteo-villes.com\/france\/previsions\" target=\"_blank\" rel=\"noopener nofollow\" title=\"Nouvelle fen\u00eatre\">M\u00e9t\u00e9o-villes<\/a>.<\/p>\n<p class=\"asset asset-text\">Sont toutefois pr\u00e9serv\u00e9s, \u00e0 cette heure, le Finist\u00e8re, les C\u00f4tes-d\u2019Armor, la Manche, le Calvados et la Seine-Maritime. <a href=\"https:\/\/www.huffingtonpost.fr\/france\/article\/vigilance-canicule-l-alerte-orange-prolongee-et-etendue-a-84-departements-lundi-clx1_251955.html\" rel=\"nofollow noopener\" target=\"_blank\">Ces cinq d\u00e9partements<\/a> ne disposent \u00e0 ce stade d\u2019aucune mesure de vigilance particuli\u00e8re.<\/p>\n<p class=\"asset asset-text\">Ce lundi, il ne fera \u00ab\u00a0que\u00a0\u00bb 26\u00a0\u00b0C \u00e0 Brest, Dieppe et Cherbourg-Octeville, ou encore 29\u00a0\u00b0C au\u00a0Havre et \u00e0 Bayeux, selon M\u00e9t\u00e9o-France.<\/p>\n<p> La lecture de ce contenu est susceptible d\u2019entra\u00eener un d\u00e9p\u00f4t de cookies de la part de l\u2019op\u00e9rateur tiers qui l\u2019h\u00e9berge. Compte-tenu des choix que vous avez exprim\u00e9s en mati\u00e8re de d\u00e9p\u00f4t de cookies, nous avons bloqu\u00e9 l\u2019affichage de ce contenu. Si vous souhaitez y acc\u00e9der, vous devez accepter la cat\u00e9gorie de cookies \u201cContenus tiers\u201d en cliquant sur le bouton ci-dessous. <\/p>\n<p> Lire la Vid\u00e9o        Fra\u00eecheur pr\u00e9serv\u00e9e, mais\u2026    <\/p>\n<p class=\"asset asset-text\">C\u2019est d\u2019ailleurs par ces d\u00e9partements pr\u00e9serv\u00e9s que la fra\u00eecheur reviendra sur l\u2019Hexagone dans le courant de la semaine, gr\u00e2ce \u00e0 un \u00ab\u00a0basculement oc\u00e9anique moins chaud\u00a0\u00bb, d\u00e9crit M\u00e9t\u00e9o-villes.<\/p>\n<p class=\"asset asset-text\">Comme le pr\u00e9cisait M\u00e9t\u00e9o-France d\u00e8s dimanche, \u00ab\u00a0une baisse sensible s\u2019amorcera mercredi sur les r\u00e9gions proches de la Manche et la fa\u00e7ade atlantique, pr\u00e9mices d\u2019un probable rafra\u00eechissement sensible jeudi d\u2019Ouest en Est, se g\u00e9n\u00e9ralisant \u00e0 tout le pays en fin de semaine\u00a0\u00bb.<\/p>\n<p class=\"asset asset-text\">Seule exception notable\u00a0: \u00ab\u00a0Pr\u00e8s de la M\u00e9diterran\u00e9e, o\u00f9 les fortes chaleurs pourraient persister\u00a0\u00bb m\u00eame en fin de semaine. Selon M\u00e9t\u00e9o-villes, la cause du maintien des tr\u00e8s fortes chaleurs dans le sud de la France est \u00e0 chercher du c\u00f4t\u00e9 d\u2019une \u00ab\u00a0masse d\u2019air (qui) restera tr\u00e8s chaude sur le bassin m\u00e9diterran\u00e9en\u00a0\u00bb. De ce fait, \u00ab\u00a0les temp\u00e9ratures resteront tr\u00e8s \u00e9lev\u00e9es dans l\u2019extr\u00eame Sud-est de la France\u00a0\u00bb.<\/p>\n","protected":false},"excerpt":{"rendered":"FRED TANNEAU \/ AFP Il fait doux sur les c\u00f4tes bretonnes et celles de la Manche ces derniers&hellip;\n","protected":false},"author":2,"featured_media":215735,"comment_status":"","ping_status":"","sticky":false,"template":"","format":"standard","meta":{"footnotes":""},"categories":[2],"tags":[11,829,6698,1011,27,2487,12,5161],"class_list":{"0":"post-215734","1":"post","2":"type-post","3":"status-publish","4":"format-standard","5":"has-post-thumbnail","7":"category-actualites","8":"tag-actualites","9":"tag-bretagne","10":"tag-canicule","11":"tag-fr","12":"tag-france","13":"tag-meteo","14":"tag-news","15":"tag-normandie"},"share_on_mastodon":{"url":"https:\/\/pubeurope.com\/@fr\/114772519427866569","error":""},"_links":{"self":[{"href":"https:\/\/www.europesays.com\/fr\/wp-json\/wp\/v2\/posts\/215734","targetHints":{"allow":["GET"]}}],"collection":[{"href":"https:\/\/www.europesays.com\/fr\/wp-json\/wp\/v2\/posts"}],"about":[{"href":"https:\/\/www.europesays.com\/fr\/wp-json\/wp\/v2\/types\/post"}],"author":[{"embeddable":true,"href":"https:\/\/www.europesays.com\/fr\/wp-json\/wp\/v2\/users\/2"}],"replies":[{"embeddable":true,"href":"https:\/\/www.europesays.com\/fr\/wp-json\/wp\/v2\/comments?post=215734"}],"version-history":[{"count":0,"href":"https:\/\/www.europesays.com\/fr\/wp-json\/wp\/v2\/posts\/215734\/revisions"}],"wp:featuredmedia":[{"embeddable":true,"href":"https:\/\/www.europesays.com\/fr\/wp-json\/wp\/v2\/media\/215735"}],"wp:attachment":[{"href":"https:\/\/www.europesays.com\/fr\/wp-json\/wp\/v2\/media?parent=215734"}],"wp:term":[{"taxonomy":"category","embeddable":true,"href":"https:\/\/www.europesays.com\/fr\/wp-json\/wp\/v2\/categories?post=215734"},{"taxonomy":"post_tag","embeddable":true,"href":"https:\/\/www.europesays.com\/fr\/wp-json\/wp\/v2\/tags?post=215734"}],"curies":[{"name":"wp","href":"https:\/\/api.w.org\/{rel}","templated":true}]}}